{"id":589,"date":"2020-05-13T12:26:26","date_gmt":"2020-05-13T10:26:26","guid":{"rendered":"https:\/\/filmotecacantabria.es\/es\/?p=589"},"modified":"2020-12-01T10:57:08","modified_gmt":"2020-12-01T09:57:08","slug":"vicepresidencia-pone-en-marcha-recuerdos-en-super-8-recuperacion-de-peliculas-familiares-y-de-cine-amateur","status":"publish","type":"post","link":"https:\/\/filmotecacantabria.es\/es\/vicepresidencia-pone-en-marcha-recuerdos-en-super-8-recuperacion-de-peliculas-familiares-y-de-cine-amateur\/","title":{"rendered":"Vicepresidencia pone en marcha \u2018Recuerdos en s\u00faper 8\u2019, recuperaci\u00f3n de pel\u00edculas familiares y de cine amateur"},"content":{"rendered":"<div class=\"td-post-header\">\n<header class=\"td-post-title\">\n<div class=\"td-module-meta-info\">\n<div class=\"td-post-author-name\">\n<div class=\"td-author-by\"><img loading=\"lazy\" decoding=\"async\" class=\" wp-image-590 alignleft\" src=\"https:\/\/filmotecacantabria.es\/es\/wp-content\/uploads\/2020\/05\/71hielklowl-_ac_sy355_-300x235.jpg\" alt=\"\" width=\"220\" height=\"172\" srcset=\"https:\/\/filmotecacantabria.es\/es\/wp-content\/uploads\/2020\/05\/71hielklowl-_ac_sy355_-300x235.jpg 300w, https:\/\/filmotecacantabria.es\/es\/wp-content\/uploads\/2020\/05\/71hielklowl-_ac_sy355_.jpg 453w\" sizes=\"(max-width: 220px) 100vw, 220px\" \/>La\u00a0<strong>Vicepresidencia del Gobierno de Cantabria va a iniciar, a trav\u00e9s de la Filmoteca, un programa de recuperaci\u00f3n de pel\u00edculas familiares<\/strong>\u00a0y de cine amateur,\u00a0<strong>grabadas en s\u00faper 8<\/strong>, con el que pretende sacar del olvido esas grabaciones caseras y proteger un patrimonio cinematogr\u00e1fico con un alto inter\u00e9s social y cultural, que refleja la vida cotidiana en las d\u00e9cadas de los a\u00f1os 60,70 y 80.<\/div>\n<\/div>\n<\/div>\n<\/header>\n<\/div>\n<div class=\"td-post-content tagdiv-type\">\n<p><strong>Im\u00e1genes de fiestas locales, tradiciones y escenas familiares<\/strong>, entre otras, compondr\u00e1n este fondo cinematogr\u00e1fico que en un primer momento se centrar\u00e1 en el formato s\u00faper 8, ya que fue el m\u00e1s extendido entre la ciudadan\u00eda en aquellos a\u00f1os.<\/p>\n<p>Las personas que est\u00e9n interesadas en formar parte de esta iniciativa deber\u00e1n comunicarlo a trav\u00e9s del correo electr\u00f3nico <strong>filmoteca.cantabria@srecd.es<\/strong>\u00a0o en el\u00a0<strong>tel\u00e9fono 942 319 310<\/strong>, y a los pocos d\u00edas recibir\u00e1n una copia digital de las pel\u00edculas familiares.<\/p>\n<p>La\u00a0<strong>Filmoteca estudiar\u00e1 las im\u00e1genes<\/strong>\u00a0y crear\u00e1 ese fondo cinematogr\u00e1fico familiar, que recuperar\u00e1 la memoria en\u00a0<strong>S\u00faper 8 de Cantabria<\/strong>.<\/p>\n<\/div>\n","protected":false},"excerpt":{"rendered":"<p>La\u00a0Vicepresidencia del Gobierno de Cantabria va a iniciar, a trav\u00e9s de la Filmoteca, un programa de recuperaci\u00f3n de pel\u00edculas familiares\u00a0y de cine amateur,\u00a0grabadas en s\u00faper 8, con el que pretende sacar del olvido esas grabaciones caseras y proteger un patrimonio cinematogr\u00e1fico con un alto inter\u00e9s social y cultural, que refleja la vida cotidiana en las [&hellip;]<\/p>\n","protected":false},"author":4,"featured_media":1099,"comment_status":"closed","ping_status":"closed","sticky":false,"template":"","format":"standard","meta":{"inline_featured_image":false,"footnotes":""},"categories":[4],"tags":[],"class_list":["post-589","post","type-post","status-publish","format-standard","has-post-thumbnail","hentry","category-noticias"],"yoast_head":"<!-- This site is optimized with the Yoast SEO plugin v19.6.1 - https:\/\/yoast.com\/wordpress\/plugins\/seo\/ -->\n<title>Vicepresidencia pone en marcha \u2018Recuerdos en s\u00faper 8\u2019, recuperaci\u00f3n de pel\u00edculas familiares y de cine amateur - Filmoteca de Cantabria Mario Camus | Santander | Torrelavega | Regi\u00f3n<\/title>\n<meta name=\"robots\" content=\"index, follow, max-snippet:-1, max-image-preview:large, max-video-preview:-1\" \/>\n<link rel=\"canonical\" href=\"https:\/\/filmotecacantabria.es\/es\/vicepresidencia-pone-en-marcha-recuerdos-en-super-8-recuperacion-de-peliculas-familiares-y-de-cine-amateur\/\" \/>\n<meta property=\"og:locale\" content=\"es_ES\" \/>\n<meta property=\"og:type\" content=\"article\" \/>\n<meta property=\"og:title\" content=\"Vicepresidencia pone en marcha \u2018Recuerdos en s\u00faper 8\u2019, recuperaci\u00f3n de pel\u00edculas familiares y de cine amateur - Filmoteca de Cantabria Mario Camus | Santander | Torrelavega | Regi\u00f3n\" \/>\n<meta property=\"og:description\" content=\"La\u00a0Vicepresidencia del Gobierno de Cantabria va a iniciar, a trav\u00e9s de la Filmoteca, un programa de recuperaci\u00f3n de pel\u00edculas familiares\u00a0y de cine amateur,\u00a0grabadas en s\u00faper 8, con el que pretende sacar del olvido esas grabaciones caseras y proteger un patrimonio cinematogr\u00e1fico con un alto inter\u00e9s social y cultural, que refleja la vida cotidiana en las [&hellip;]\" \/>\n<meta property=\"og:url\" content=\"https:\/\/filmotecacantabria.es\/es\/vicepresidencia-pone-en-marcha-recuerdos-en-super-8-recuperacion-de-peliculas-familiares-y-de-cine-amateur\/\" \/>\n<meta property=\"og:site_name\" content=\"Filmoteca de Cantabria Mario Camus | Santander | Torrelavega | Regi\u00f3n\" \/>\n<meta property=\"article:published_time\" content=\"2020-05-13T10:26:26+00:00\" \/>\n<meta property=\"article:modified_time\" content=\"2020-12-01T09:57:08+00:00\" \/>\n<meta property=\"og:image\" content=\"https:\/\/filmotecacantabria.es\/es\/wp-content\/uploads\/2020\/05\/recuerdos-super8-smartphone-1.png\" \/>\n\t<meta property=\"og:image:width\" content=\"323\" \/>\n\t<meta property=\"og:image:height\" content=\"343\" \/>\n\t<meta property=\"og:image:type\" content=\"image\/png\" \/>\n<meta name=\"author\" content=\"danae@semarac.com\" \/>\n<meta name=\"twitter:card\" content=\"summary_large_image\" \/>\n<meta name=\"twitter:label1\" content=\"Escrito por\" \/>\n\t<meta name=\"twitter:data1\" content=\"danae@semarac.com\" \/>\n\t<meta name=\"twitter:label2\" content=\"Tiempo de lectura\" \/>\n\t<meta name=\"twitter:data2\" content=\"1 minuto\" \/>\n<script type=\"application\/ld+json\" class=\"yoast-schema-graph\">{\"@context\":\"https:\/\/schema.org\",\"@graph\":[{\"@type\":\"Article\",\"@id\":\"https:\/\/filmotecacantabria.es\/es\/vicepresidencia-pone-en-marcha-recuerdos-en-super-8-recuperacion-de-peliculas-familiares-y-de-cine-amateur\/#article\",\"isPartOf\":{\"@id\":\"https:\/\/filmotecacantabria.es\/es\/vicepresidencia-pone-en-marcha-recuerdos-en-super-8-recuperacion-de-peliculas-familiares-y-de-cine-amateur\/\"},\"author\":{\"name\":\"danae@semarac.com\",\"@id\":\"https:\/\/filmotecacantabria.es\/es\/#\/schema\/person\/31c9d588403c9b370d51d5f947ef0503\"},\"headline\":\"Vicepresidencia pone en marcha \u2018Recuerdos en s\u00faper 8\u2019, recuperaci\u00f3n de pel\u00edculas familiares y de cine amateur\",\"datePublished\":\"2020-05-13T10:26:26+00:00\",\"dateModified\":\"2020-12-01T09:57:08+00:00\",\"mainEntityOfPage\":{\"@id\":\"https:\/\/filmotecacantabria.es\/es\/vicepresidencia-pone-en-marcha-recuerdos-en-super-8-recuperacion-de-peliculas-familiares-y-de-cine-amateur\/\"},\"wordCount\":201,\"publisher\":{\"@id\":\"https:\/\/filmotecacantabria.es\/es\/#organization\"},\"articleSection\":[\"Noticias\"],\"inLanguage\":\"es\"},{\"@type\":\"WebPage\",\"@id\":\"https:\/\/filmotecacantabria.es\/es\/vicepresidencia-pone-en-marcha-recuerdos-en-super-8-recuperacion-de-peliculas-familiares-y-de-cine-amateur\/\",\"url\":\"https:\/\/filmotecacantabria.es\/es\/vicepresidencia-pone-en-marcha-recuerdos-en-super-8-recuperacion-de-peliculas-familiares-y-de-cine-amateur\/\",\"name\":\"Vicepresidencia pone en marcha \u2018Recuerdos en s\u00faper 8\u2019, recuperaci\u00f3n de pel\u00edculas familiares y de cine amateur - Filmoteca de Cantabria Mario Camus | Santander | Torrelavega | Regi\u00f3n\",\"isPartOf\":{\"@id\":\"https:\/\/filmotecacantabria.es\/es\/#website\"},\"datePublished\":\"2020-05-13T10:26:26+00:00\",\"dateModified\":\"2020-12-01T09:57:08+00:00\",\"breadcrumb\":{\"@id\":\"https:\/\/filmotecacantabria.es\/es\/vicepresidencia-pone-en-marcha-recuerdos-en-super-8-recuperacion-de-peliculas-familiares-y-de-cine-amateur\/#breadcrumb\"},\"inLanguage\":\"es\",\"potentialAction\":[{\"@type\":\"ReadAction\",\"target\":[\"https:\/\/filmotecacantabria.es\/es\/vicepresidencia-pone-en-marcha-recuerdos-en-super-8-recuperacion-de-peliculas-familiares-y-de-cine-amateur\/\"]}]},{\"@type\":\"BreadcrumbList\",\"@id\":\"https:\/\/filmotecacantabria.es\/es\/vicepresidencia-pone-en-marcha-recuerdos-en-super-8-recuperacion-de-peliculas-familiares-y-de-cine-amateur\/#breadcrumb\",\"itemListElement\":[{\"@type\":\"ListItem\",\"position\":1,\"name\":\"Portada\",\"item\":\"https:\/\/filmotecacantabria.es\/es\/inicio\/\"},{\"@type\":\"ListItem\",\"position\":2,\"name\":\"Vicepresidencia pone en marcha \u2018Recuerdos en s\u00faper 8\u2019, recuperaci\u00f3n de pel\u00edculas familiares y de cine amateur\"}]},{\"@type\":\"WebSite\",\"@id\":\"https:\/\/filmotecacantabria.es\/es\/#website\",\"url\":\"https:\/\/filmotecacantabria.es\/es\/\",\"name\":\"Filmoteca de Cantabria Mario Camus | Santander | Torrelavega | Regi\u00f3n\",\"description\":\"Toda la programaci\u00f3n de las filmotecas de Cantabria Mario Camus.\",\"publisher\":{\"@id\":\"https:\/\/filmotecacantabria.es\/es\/#organization\"},\"potentialAction\":[{\"@type\":\"SearchAction\",\"target\":{\"@type\":\"EntryPoint\",\"urlTemplate\":\"https:\/\/filmotecacantabria.es\/es\/?s={search_term_string}\"},\"query-input\":\"required name=search_term_string\"}],\"inLanguage\":\"es\"},{\"@type\":\"Organization\",\"@id\":\"https:\/\/filmotecacantabria.es\/es\/#organization\",\"name\":\"Filmoteca de Cantabria Mario Camus | Santander | Torrelavega | Regi\u00f3n\",\"url\":\"https:\/\/filmotecacantabria.es\/es\/\",\"sameAs\":[],\"logo\":{\"@type\":\"ImageObject\",\"inLanguage\":\"es\",\"@id\":\"https:\/\/filmotecacantabria.es\/es\/#\/schema\/logo\/image\/\",\"url\":\"https:\/\/filmotecacantabria.es\/es\/wp-content\/uploads\/2021\/12\/logo-filmoteca-cantabria-1-mario-camus.png\",\"contentUrl\":\"https:\/\/filmotecacantabria.es\/es\/wp-content\/uploads\/2021\/12\/logo-filmoteca-cantabria-1-mario-camus.png\",\"width\":170,\"height\":183,\"caption\":\"Filmoteca de Cantabria Mario Camus | Santander | Torrelavega | Regi\u00f3n\"},\"image\":{\"@id\":\"https:\/\/filmotecacantabria.es\/es\/#\/schema\/logo\/image\/\"}},{\"@type\":\"Person\",\"@id\":\"https:\/\/filmotecacantabria.es\/es\/#\/schema\/person\/31c9d588403c9b370d51d5f947ef0503\",\"name\":\"danae@semarac.com\",\"image\":{\"@type\":\"ImageObject\",\"inLanguage\":\"es\",\"@id\":\"https:\/\/filmotecacantabria.es\/es\/#\/schema\/person\/image\/\",\"url\":\"https:\/\/secure.gravatar.com\/avatar\/6449c74eecb73d061c97c4cf64be651a?s=96&d=mm&r=g\",\"contentUrl\":\"https:\/\/secure.gravatar.com\/avatar\/6449c74eecb73d061c97c4cf64be651a?s=96&d=mm&r=g\",\"caption\":\"danae@semarac.com\"}}]}<\/script>\n<!-- \/ Yoast SEO plugin. -->","yoast_head_json":{"title":"Vicepresidencia pone en marcha \u2018Recuerdos en s\u00faper 8\u2019, recuperaci\u00f3n de pel\u00edculas familiares y de cine amateur - Filmoteca de Cantabria Mario Camus | Santander | Torrelavega | Regi\u00f3n","robots":{"index":"index","follow":"follow","max-snippet":"max-snippet:-1","max-image-preview":"max-image-preview:large","max-video-preview":"max-video-preview:-1"},"canonical":"https:\/\/filmotecacantabria.es\/es\/vicepresidencia-pone-en-marcha-recuerdos-en-super-8-recuperacion-de-peliculas-familiares-y-de-cine-amateur\/","og_locale":"es_ES","og_type":"article","og_title":"Vicepresidencia pone en marcha \u2018Recuerdos en s\u00faper 8\u2019, recuperaci\u00f3n de pel\u00edculas familiares y de cine amateur - Filmoteca de Cantabria Mario Camus | Santander | Torrelavega | Regi\u00f3n","og_description":"La\u00a0Vicepresidencia del Gobierno de Cantabria va a iniciar, a trav\u00e9s de la Filmoteca, un programa de recuperaci\u00f3n de pel\u00edculas familiares\u00a0y de cine amateur,\u00a0grabadas en s\u00faper 8, con el que pretende sacar del olvido esas grabaciones caseras y proteger un patrimonio cinematogr\u00e1fico con un alto inter\u00e9s social y cultural, que refleja la vida cotidiana en las [&hellip;]","og_url":"https:\/\/filmotecacantabria.es\/es\/vicepresidencia-pone-en-marcha-recuerdos-en-super-8-recuperacion-de-peliculas-familiares-y-de-cine-amateur\/","og_site_name":"Filmoteca de Cantabria Mario Camus | Santander | Torrelavega | Regi\u00f3n","article_published_time":"2020-05-13T10:26:26+00:00","article_modified_time":"2020-12-01T09:57:08+00:00","og_image":[{"width":323,"height":343,"url":"https:\/\/filmotecacantabria.es\/es\/wp-content\/uploads\/2020\/05\/recuerdos-super8-smartphone-1.png","type":"image\/png"}],"author":"danae@semarac.com","twitter_card":"summary_large_image","twitter_misc":{"Escrito por":"danae@semarac.com","Tiempo de lectura":"1 minuto"},"schema":{"@context":"https:\/\/schema.org","@graph":[{"@type":"Article","@id":"https:\/\/filmotecacantabria.es\/es\/vicepresidencia-pone-en-marcha-recuerdos-en-super-8-recuperacion-de-peliculas-familiares-y-de-cine-amateur\/#article","isPartOf":{"@id":"https:\/\/filmotecacantabria.es\/es\/vicepresidencia-pone-en-marcha-recuerdos-en-super-8-recuperacion-de-peliculas-familiares-y-de-cine-amateur\/"},"author":{"name":"danae@semarac.com","@id":"https:\/\/filmotecacantabria.es\/es\/#\/schema\/person\/31c9d588403c9b370d51d5f947ef0503"},"headline":"Vicepresidencia pone en marcha \u2018Recuerdos en s\u00faper 8\u2019, recuperaci\u00f3n de pel\u00edculas familiares y de cine amateur","datePublished":"2020-05-13T10:26:26+00:00","dateModified":"2020-12-01T09:57:08+00:00","mainEntityOfPage":{"@id":"https:\/\/filmotecacantabria.es\/es\/vicepresidencia-pone-en-marcha-recuerdos-en-super-8-recuperacion-de-peliculas-familiares-y-de-cine-amateur\/"},"wordCount":201,"publisher":{"@id":"https:\/\/filmotecacantabria.es\/es\/#organization"},"articleSection":["Noticias"],"inLanguage":"es"},{"@type":"WebPage","@id":"https:\/\/filmotecacantabria.es\/es\/vicepresidencia-pone-en-marcha-recuerdos-en-super-8-recuperacion-de-peliculas-familiares-y-de-cine-amateur\/","url":"https:\/\/filmotecacantabria.es\/es\/vicepresidencia-pone-en-marcha-recuerdos-en-super-8-recuperacion-de-peliculas-familiares-y-de-cine-amateur\/","name":"Vicepresidencia pone en marcha \u2018Recuerdos en s\u00faper 8\u2019, recuperaci\u00f3n de pel\u00edculas familiares y de cine amateur - Filmoteca de Cantabria Mario Camus | Santander | Torrelavega | Regi\u00f3n","isPartOf":{"@id":"https:\/\/filmotecacantabria.es\/es\/#website"},"datePublished":"2020-05-13T10:26:26+00:00","dateModified":"2020-12-01T09:57:08+00:00","breadcrumb":{"@id":"https:\/\/filmotecacantabria.es\/es\/vicepresidencia-pone-en-marcha-recuerdos-en-super-8-recuperacion-de-peliculas-familiares-y-de-cine-amateur\/#breadcrumb"},"inLanguage":"es","potentialAction":[{"@type":"ReadAction","target":["https:\/\/filmotecacantabria.es\/es\/vicepresidencia-pone-en-marcha-recuerdos-en-super-8-recuperacion-de-peliculas-familiares-y-de-cine-amateur\/"]}]},{"@type":"BreadcrumbList","@id":"https:\/\/filmotecacantabria.es\/es\/vicepresidencia-pone-en-marcha-recuerdos-en-super-8-recuperacion-de-peliculas-familiares-y-de-cine-amateur\/#breadcrumb","itemListElement":[{"@type":"ListItem","position":1,"name":"Portada","item":"https:\/\/filmotecacantabria.es\/es\/inicio\/"},{"@type":"ListItem","position":2,"name":"Vicepresidencia pone en marcha \u2018Recuerdos en s\u00faper 8\u2019, recuperaci\u00f3n de pel\u00edculas familiares y de cine amateur"}]},{"@type":"WebSite","@id":"https:\/\/filmotecacantabria.es\/es\/#website","url":"https:\/\/filmotecacantabria.es\/es\/","name":"Filmoteca de Cantabria Mario Camus | Santander | Torrelavega | Regi\u00f3n","description":"Toda la programaci\u00f3n de las filmotecas de Cantabria Mario Camus.","publisher":{"@id":"https:\/\/filmotecacantabria.es\/es\/#organization"},"potentialAction":[{"@type":"SearchAction","target":{"@type":"EntryPoint","urlTemplate":"https:\/\/filmotecacantabria.es\/es\/?s={search_term_string}"},"query-input":"required name=search_term_string"}],"inLanguage":"es"},{"@type":"Organization","@id":"https:\/\/filmotecacantabria.es\/es\/#organization","name":"Filmoteca de Cantabria Mario Camus | Santander | Torrelavega | Regi\u00f3n","url":"https:\/\/filmotecacantabria.es\/es\/","sameAs":[],"logo":{"@type":"ImageObject","inLanguage":"es","@id":"https:\/\/filmotecacantabria.es\/es\/#\/schema\/logo\/image\/","url":"https:\/\/filmotecacantabria.es\/es\/wp-content\/uploads\/2021\/12\/logo-filmoteca-cantabria-1-mario-camus.png","contentUrl":"https:\/\/filmotecacantabria.es\/es\/wp-content\/uploads\/2021\/12\/logo-filmoteca-cantabria-1-mario-camus.png","width":170,"height":183,"caption":"Filmoteca de Cantabria Mario Camus | Santander | Torrelavega | Regi\u00f3n"},"image":{"@id":"https:\/\/filmotecacantabria.es\/es\/#\/schema\/logo\/image\/"}},{"@type":"Person","@id":"https:\/\/filmotecacantabria.es\/es\/#\/schema\/person\/31c9d588403c9b370d51d5f947ef0503","name":"danae@semarac.com","image":{"@type":"ImageObject","inLanguage":"es","@id":"https:\/\/filmotecacantabria.es\/es\/#\/schema\/person\/image\/","url":"https:\/\/secure.gravatar.com\/avatar\/6449c74eecb73d061c97c4cf64be651a?s=96&d=mm&r=g","contentUrl":"https:\/\/secure.gravatar.com\/avatar\/6449c74eecb73d061c97c4cf64be651a?s=96&d=mm&r=g","caption":"danae@semarac.com"}}]}},"_links":{"self":[{"href":"https:\/\/filmotecacantabria.es\/es\/wp-json\/wp\/v2\/posts\/589"}],"collection":[{"href":"https:\/\/filmotecacantabria.es\/es\/wp-json\/wp\/v2\/posts"}],"about":[{"href":"https:\/\/filmotecacantabria.es\/es\/wp-json\/wp\/v2\/types\/post"}],"author":[{"embeddable":true,"href":"https:\/\/filmotecacantabria.es\/es\/wp-json\/wp\/v2\/users\/4"}],"replies":[{"embeddable":true,"href":"https:\/\/filmotecacantabria.es\/es\/wp-json\/wp\/v2\/comments?post=589"}],"version-history":[{"count":4,"href":"https:\/\/filmotecacantabria.es\/es\/wp-json\/wp\/v2\/posts\/589\/revisions"}],"predecessor-version":[{"id":2903,"href":"https:\/\/filmotecacantabria.es\/es\/wp-json\/wp\/v2\/posts\/589\/revisions\/2903"}],"wp:featuredmedia":[{"embeddable":true,"href":"https:\/\/filmotecacantabria.es\/es\/wp-json\/wp\/v2\/media\/1099"}],"wp:attachment":[{"href":"https:\/\/filmotecacantabria.es\/es\/wp-json\/wp\/v2\/media?parent=589"}],"wp:term":[{"taxonomy":"category","embeddable":true,"href":"https:\/\/filmotecacantabria.es\/es\/wp-json\/wp\/v2\/categories?post=589"},{"taxonomy":"post_tag","embeddable":true,"href":"https:\/\/filmotecacantabria.es\/es\/wp-json\/wp\/v2\/tags?post=589"}],"curies":[{"name":"wp","href":"https:\/\/api.w.org\/{rel}","templated":true}]}}