{"id":4893,"date":"2026-08-31T10:30:37","date_gmt":"2026-08-31T08:30:37","guid":{"rendered":"https:\/\/filmotecacantabria.es\/es\/?p=4893"},"modified":"2026-08-31T10:30:37","modified_gmt":"2026-08-31T08:30:37","slug":"el-ultimo-cine-de-autor-protagoniza-septiembre-con-lo-nuevo-de-huo-meng-jim-sheridan-y-los-hermanos-dardenne","status":"publish","type":"post","link":"https:\/\/filmotecacantabria.es\/es\/el-ultimo-cine-de-autor-protagoniza-septiembre-con-lo-nuevo-de-huo-meng-jim-sheridan-y-los-hermanos-dardenne\/","title":{"rendered":"El \u00faltimo cine de autor protagoniza septiembre con lo nuevo de Huo Meng, Jim Sheridan y los hermanos Dardenne"},"content":{"rendered":"<p><strong>Bonifaz completa la retrospectiva de Quentin Tarantino con la proyecci\u00f3n de sus \u00faltimos filmes, desde \u2018Malditos bastardos\u2019 hasta \u2018\u00c9rase una vez en\u2026 Hollywood\u2019 <\/strong><\/p>\n<p><strong>Santander, 31 de agosto de 2026.- <\/strong>El cine de autor m\u00e1s reciente protagonizar\u00e1 la programaci\u00f3n de la Filmoteca de Cantabria Mario Camus durante el mes de septiembre, en concreto, a trav\u00e9s de t\u00edtulos, dentro del ciclo denominado \u2018Segunda oportunidad\u2019, que han tenido escasa o nula presencia en el circuito comercial.<\/p>\n<p>\u2018Vivir la tierra\u2019 de Huo Meng, \u2018Recreaci\u00f3n de un asesinato\u2019 de Jim Sheridan y David Merriman, \u2018Los lazos que nos unen\u2019 de Carine Tardieu y \u2018Reci\u00e9n nacidas\u2019, la pel\u00edcula m\u00e1s reciente de los hermanos Jean-Piere y Luc Dardenne, forman parte de esta selecci\u00f3n.<\/p>\n<p>En ella tambi\u00e9n se incluye \u2018Vermiglio\u2019 de Maura Delpero, estrenada en 2024, y la colaboraci\u00f3n habitual mensual con la asociaci\u00f3n La llave azul que presentar\u00e1 en Santander \u2018Solomamma\u2019 de Janicke Askevold.<\/p>\n<p>\u201cEn un mes marcado por la colaboraci\u00f3n con el Festival de Cine de Santander, nuestra programaci\u00f3n busca complementar la mirada del certamen al cine reciente recuperando t\u00edtulos que precisamente han hecho fortuna en festivales europeos de estos dos \u00faltimos a\u00f1os\u201d, ha explicado el director de la sala Mario Camus, Christian Franco.<\/p>\n<p>La colaboraci\u00f3n de la Filmoteca de Cantabria con este festival tendr\u00e1 lugar entre los d\u00edas 11 y 16 de septiembre, fechas en las que Bonifaz pausar\u00e1 su programaci\u00f3n para dar cabida a los t\u00edtulos seleccionados por este certamen.<\/p>\n<p>Asimismo, en septiembre se completar\u00e1 el ciclo monogr\u00e1fico dedicado a Quentin Tarantino con la proyecci\u00f3n de sus pel\u00edculas m\u00e1s recientes, incluyendo \u2018Malditos bastardos\u2019, \u2018Django desencadenado\u2019 y \u2018\u00c9rase una vez en&#8230; Hollywood\u2019.<\/p>\n<p>Por otra parte, contin\u00faa el ciclo dedicado al guionista Rafael Azcona con la proyecci\u00f3n de \u2018\u00a1Ay, Carmela!\u2019 de Carlos Saura y \u2018Tranv\u00eda a la Malvarrosa\u2019 de Jos\u00e9 Luis Garc\u00eda S\u00e1nchez y las habituales proyecciones de cine familiar, este mes, con la pel\u00edcula \u2018Del rev\u00e9s\u2019.<\/p>\n<p>Adem\u00e1s, se estrenar\u00e1n los cortometrajes \u2018Mermelada de fresa\u2019 de Isabel Talavera y \u2018Me gusta conducir\u2019 de Marcos Sastre en una sesi\u00f3n conjunta que se desarrollar\u00e1 el 5 de septiembre y Alianza Francesa de Santander reactiva su ciclo \u2018Rendez-vous Cin\u00e9\u2019 con la proyecci\u00f3n de \u2018La reina Margot\u2019 de Patrice Ch\u00e9reau.<\/p>\n","protected":false},"excerpt":{"rendered":"<p>Bonifaz completa la retrospectiva de Quentin Tarantino con la proyecci\u00f3n de sus \u00faltimos filmes, desde \u2018Malditos bastardos\u2019 hasta \u2018\u00c9rase una vez en\u2026 Hollywood\u2019 Santander, 31 de agosto de 2026.- El cine de autor m\u00e1s reciente protagonizar\u00e1 la programaci\u00f3n de la Filmoteca de Cantabria Mario Camus durante el mes de septiembre, en concreto, a trav\u00e9s de [&hellip;]<\/p>\n","protected":false},"author":11,"featured_media":4894,"comment_status":"closed","ping_status":"closed","sticky":false,"template":"","format":"standard","meta":{"inline_featured_image":false,"footnotes":""},"categories":[4],"tags":[80,9,10,47,7,8,57,27,11,59,23,232],"class_list":["post-4893","post","type-post","status-publish","format-standard","has-post-thumbnail","hentry","category-noticias","tag-alianza-francesa","tag-cantabria","tag-cine","tag-cultura","tag-filmoteca","tag-filmoteca-de-cantabria","tag-filmoteca-de-cantabria-mario-camus","tag-la-llave-azul","tag-mario-camus","tag-peliculas","tag-programacion","tag-quentin-tarantino"],"yoast_head":"<!-- This site is optimized with the Yoast SEO plugin v19.6.1 - https:\/\/yoast.com\/wordpress\/plugins\/seo\/ -->\n<title>El \u00faltimo cine de autor protagoniza septiembre con lo nuevo de Huo Meng, Jim Sheridan y los hermanos Dardenne - Filmoteca de Cantabria Mario Camus | Santander | Torrelavega | Regi\u00f3n<\/title>\n<meta name=\"robots\" content=\"index, follow, max-snippet:-1, max-image-preview:large, max-video-preview:-1\" \/>\n<link rel=\"canonical\" href=\"https:\/\/filmotecacantabria.es\/es\/el-ultimo-cine-de-autor-protagoniza-septiembre-con-lo-nuevo-de-huo-meng-jim-sheridan-y-los-hermanos-dardenne\/\" \/>\n<meta property=\"og:locale\" content=\"es_ES\" \/>\n<meta property=\"og:type\" content=\"article\" \/>\n<meta property=\"og:title\" content=\"El \u00faltimo cine de autor protagoniza septiembre con lo nuevo de Huo Meng, Jim Sheridan y los hermanos Dardenne - Filmoteca de Cantabria Mario Camus | Santander | Torrelavega | Regi\u00f3n\" \/>\n<meta property=\"og:description\" content=\"Bonifaz completa la retrospectiva de Quentin Tarantino con la proyecci\u00f3n de sus \u00faltimos filmes, desde \u2018Malditos bastardos\u2019 hasta \u2018\u00c9rase una vez en\u2026 Hollywood\u2019 Santander, 31 de agosto de 2026.- El cine de autor m\u00e1s reciente protagonizar\u00e1 la programaci\u00f3n de la Filmoteca de Cantabria Mario Camus durante el mes de septiembre, en concreto, a trav\u00e9s de [&hellip;]\" \/>\n<meta property=\"og:url\" content=\"https:\/\/filmotecacantabria.es\/es\/el-ultimo-cine-de-autor-protagoniza-septiembre-con-lo-nuevo-de-huo-meng-jim-sheridan-y-los-hermanos-dardenne\/\" \/>\n<meta property=\"og:site_name\" content=\"Filmoteca de Cantabria Mario Camus | Santander | Torrelavega | Regi\u00f3n\" \/>\n<meta property=\"article:published_time\" content=\"2026-08-31T08:30:37+00:00\" \/>\n<meta property=\"og:image\" content=\"https:\/\/filmotecacantabria.es\/es\/wp-content\/uploads\/2026\/08\/foto-malditos-bastardos-2.jpg\" \/>\n\t<meta property=\"og:image:width\" content=\"600\" \/>\n\t<meta property=\"og:image:height\" content=\"400\" \/>\n\t<meta property=\"og:image:type\" content=\"image\/jpeg\" \/>\n<meta name=\"author\" content=\"belen.cordoba@srecd.es\" \/>\n<meta name=\"twitter:card\" content=\"summary_large_image\" \/>\n<meta name=\"twitter:label1\" content=\"Escrito por\" \/>\n\t<meta name=\"twitter:data1\" content=\"belen.cordoba@srecd.es\" \/>\n\t<meta name=\"twitter:label2\" content=\"Tiempo de lectura\" \/>\n\t<meta name=\"twitter:data2\" content=\"2 minutos\" \/>\n<script type=\"application\/ld+json\" class=\"yoast-schema-graph\">{\"@context\":\"https:\/\/schema.org\",\"@graph\":[{\"@type\":\"Article\",\"@id\":\"https:\/\/filmotecacantabria.es\/es\/el-ultimo-cine-de-autor-protagoniza-septiembre-con-lo-nuevo-de-huo-meng-jim-sheridan-y-los-hermanos-dardenne\/#article\",\"isPartOf\":{\"@id\":\"https:\/\/filmotecacantabria.es\/es\/el-ultimo-cine-de-autor-protagoniza-septiembre-con-lo-nuevo-de-huo-meng-jim-sheridan-y-los-hermanos-dardenne\/\"},\"author\":{\"name\":\"belen.cordoba@srecd.es\",\"@id\":\"https:\/\/filmotecacantabria.es\/es\/#\/schema\/person\/86205b2ac543405aae888afb3afdb6d8\"},\"headline\":\"El \u00faltimo cine de autor protagoniza septiembre con lo nuevo de Huo Meng, Jim Sheridan y los hermanos Dardenne\",\"datePublished\":\"2026-08-31T08:30:37+00:00\",\"dateModified\":\"2026-08-31T08:30:37+00:00\",\"mainEntityOfPage\":{\"@id\":\"https:\/\/filmotecacantabria.es\/es\/el-ultimo-cine-de-autor-protagoniza-septiembre-con-lo-nuevo-de-huo-meng-jim-sheridan-y-los-hermanos-dardenne\/\"},\"wordCount\":411,\"publisher\":{\"@id\":\"https:\/\/filmotecacantabria.es\/es\/#organization\"},\"keywords\":[\"Alianza Francesa\",\"Cantabria\",\"cine\",\"cultura\",\"Filmoteca\",\"Filmoteca de Cantabria\",\"Filmoteca de Cantabria Mario Camus\",\"La llave azul\",\"Mario Camus\",\"pel\u00edculas\",\"programaci\u00f3n\",\"Quentin Tarantino\"],\"articleSection\":[\"Noticias\"],\"inLanguage\":\"es\"},{\"@type\":\"WebPage\",\"@id\":\"https:\/\/filmotecacantabria.es\/es\/el-ultimo-cine-de-autor-protagoniza-septiembre-con-lo-nuevo-de-huo-meng-jim-sheridan-y-los-hermanos-dardenne\/\",\"url\":\"https:\/\/filmotecacantabria.es\/es\/el-ultimo-cine-de-autor-protagoniza-septiembre-con-lo-nuevo-de-huo-meng-jim-sheridan-y-los-hermanos-dardenne\/\",\"name\":\"El \u00faltimo cine de autor protagoniza septiembre con lo nuevo de Huo Meng, Jim Sheridan y los hermanos Dardenne - Filmoteca de Cantabria Mario Camus | Santander | Torrelavega | Regi\u00f3n\",\"isPartOf\":{\"@id\":\"https:\/\/filmotecacantabria.es\/es\/#website\"},\"datePublished\":\"2026-08-31T08:30:37+00:00\",\"dateModified\":\"2026-08-31T08:30:37+00:00\",\"breadcrumb\":{\"@id\":\"https:\/\/filmotecacantabria.es\/es\/el-ultimo-cine-de-autor-protagoniza-septiembre-con-lo-nuevo-de-huo-meng-jim-sheridan-y-los-hermanos-dardenne\/#breadcrumb\"},\"inLanguage\":\"es\",\"potentialAction\":[{\"@type\":\"ReadAction\",\"target\":[\"https:\/\/filmotecacantabria.es\/es\/el-ultimo-cine-de-autor-protagoniza-septiembre-con-lo-nuevo-de-huo-meng-jim-sheridan-y-los-hermanos-dardenne\/\"]}]},{\"@type\":\"BreadcrumbList\",\"@id\":\"https:\/\/filmotecacantabria.es\/es\/el-ultimo-cine-de-autor-protagoniza-septiembre-con-lo-nuevo-de-huo-meng-jim-sheridan-y-los-hermanos-dardenne\/#breadcrumb\",\"itemListElement\":[{\"@type\":\"ListItem\",\"position\":1,\"name\":\"Portada\",\"item\":\"https:\/\/filmotecacantabria.es\/es\/inicio\/\"},{\"@type\":\"ListItem\",\"position\":2,\"name\":\"El \u00faltimo cine de autor protagoniza septiembre con lo nuevo de Huo Meng, Jim Sheridan y los hermanos Dardenne\"}]},{\"@type\":\"WebSite\",\"@id\":\"https:\/\/filmotecacantabria.es\/es\/#website\",\"url\":\"https:\/\/filmotecacantabria.es\/es\/\",\"name\":\"Filmoteca de Cantabria Mario Camus | Santander | Torrelavega | Regi\u00f3n\",\"description\":\"Toda la programaci\u00f3n de las filmotecas de Cantabria Mario Camus.\",\"publisher\":{\"@id\":\"https:\/\/filmotecacantabria.es\/es\/#organization\"},\"potentialAction\":[{\"@type\":\"SearchAction\",\"target\":{\"@type\":\"EntryPoint\",\"urlTemplate\":\"https:\/\/filmotecacantabria.es\/es\/?s={search_term_string}\"},\"query-input\":\"required name=search_term_string\"}],\"inLanguage\":\"es\"},{\"@type\":\"Organization\",\"@id\":\"https:\/\/filmotecacantabria.es\/es\/#organization\",\"name\":\"Filmoteca de Cantabria Mario Camus | Santander | Torrelavega | Regi\u00f3n\",\"url\":\"https:\/\/filmotecacantabria.es\/es\/\",\"sameAs\":[],\"logo\":{\"@type\":\"ImageObject\",\"inLanguage\":\"es\",\"@id\":\"https:\/\/filmotecacantabria.es\/es\/#\/schema\/logo\/image\/\",\"url\":\"https:\/\/filmotecacantabria.es\/es\/wp-content\/uploads\/2021\/12\/logo-filmoteca-cantabria-1-mario-camus.png\",\"contentUrl\":\"https:\/\/filmotecacantabria.es\/es\/wp-content\/uploads\/2021\/12\/logo-filmoteca-cantabria-1-mario-camus.png\",\"width\":170,\"height\":183,\"caption\":\"Filmoteca de Cantabria Mario Camus | Santander | Torrelavega | Regi\u00f3n\"},\"image\":{\"@id\":\"https:\/\/filmotecacantabria.es\/es\/#\/schema\/logo\/image\/\"}},{\"@type\":\"Person\",\"@id\":\"https:\/\/filmotecacantabria.es\/es\/#\/schema\/person\/86205b2ac543405aae888afb3afdb6d8\",\"name\":\"belen.cordoba@srecd.es\",\"image\":{\"@type\":\"ImageObject\",\"inLanguage\":\"es\",\"@id\":\"https:\/\/filmotecacantabria.es\/es\/#\/schema\/person\/image\/\",\"url\":\"https:\/\/secure.gravatar.com\/avatar\/a185108474f14fc94f32f86115d60aeb?s=96&d=mm&r=g\",\"contentUrl\":\"https:\/\/secure.gravatar.com\/avatar\/a185108474f14fc94f32f86115d60aeb?s=96&d=mm&r=g\",\"caption\":\"belen.cordoba@srecd.es\"}}]}<\/script>\n<!-- \/ Yoast SEO plugin. -->","yoast_head_json":{"title":"El \u00faltimo cine de autor protagoniza septiembre con lo nuevo de Huo Meng, Jim Sheridan y los hermanos Dardenne - Filmoteca de Cantabria Mario Camus | Santander | Torrelavega | Regi\u00f3n","robots":{"index":"index","follow":"follow","max-snippet":"max-snippet:-1","max-image-preview":"max-image-preview:large","max-video-preview":"max-video-preview:-1"},"canonical":"https:\/\/filmotecacantabria.es\/es\/el-ultimo-cine-de-autor-protagoniza-septiembre-con-lo-nuevo-de-huo-meng-jim-sheridan-y-los-hermanos-dardenne\/","og_locale":"es_ES","og_type":"article","og_title":"El \u00faltimo cine de autor protagoniza septiembre con lo nuevo de Huo Meng, Jim Sheridan y los hermanos Dardenne - Filmoteca de Cantabria Mario Camus | Santander | Torrelavega | Regi\u00f3n","og_description":"Bonifaz completa la retrospectiva de Quentin Tarantino con la proyecci\u00f3n de sus \u00faltimos filmes, desde \u2018Malditos bastardos\u2019 hasta \u2018\u00c9rase una vez en\u2026 Hollywood\u2019 Santander, 31 de agosto de 2026.- El cine de autor m\u00e1s reciente protagonizar\u00e1 la programaci\u00f3n de la Filmoteca de Cantabria Mario Camus durante el mes de septiembre, en concreto, a trav\u00e9s de [&hellip;]","og_url":"https:\/\/filmotecacantabria.es\/es\/el-ultimo-cine-de-autor-protagoniza-septiembre-con-lo-nuevo-de-huo-meng-jim-sheridan-y-los-hermanos-dardenne\/","og_site_name":"Filmoteca de Cantabria Mario Camus | Santander | Torrelavega | Regi\u00f3n","article_published_time":"2026-08-31T08:30:37+00:00","og_image":[{"width":600,"height":400,"url":"https:\/\/filmotecacantabria.es\/es\/wp-content\/uploads\/2026\/08\/foto-malditos-bastardos-2.jpg","type":"image\/jpeg"}],"author":"belen.cordoba@srecd.es","twitter_card":"summary_large_image","twitter_misc":{"Escrito por":"belen.cordoba@srecd.es","Tiempo de lectura":"2 minutos"},"schema":{"@context":"https:\/\/schema.org","@graph":[{"@type":"Article","@id":"https:\/\/filmotecacantabria.es\/es\/el-ultimo-cine-de-autor-protagoniza-septiembre-con-lo-nuevo-de-huo-meng-jim-sheridan-y-los-hermanos-dardenne\/#article","isPartOf":{"@id":"https:\/\/filmotecacantabria.es\/es\/el-ultimo-cine-de-autor-protagoniza-septiembre-con-lo-nuevo-de-huo-meng-jim-sheridan-y-los-hermanos-dardenne\/"},"author":{"name":"belen.cordoba@srecd.es","@id":"https:\/\/filmotecacantabria.es\/es\/#\/schema\/person\/86205b2ac543405aae888afb3afdb6d8"},"headline":"El \u00faltimo cine de autor protagoniza septiembre con lo nuevo de Huo Meng, Jim Sheridan y los hermanos Dardenne","datePublished":"2026-08-31T08:30:37+00:00","dateModified":"2026-08-31T08:30:37+00:00","mainEntityOfPage":{"@id":"https:\/\/filmotecacantabria.es\/es\/el-ultimo-cine-de-autor-protagoniza-septiembre-con-lo-nuevo-de-huo-meng-jim-sheridan-y-los-hermanos-dardenne\/"},"wordCount":411,"publisher":{"@id":"https:\/\/filmotecacantabria.es\/es\/#organization"},"keywords":["Alianza Francesa","Cantabria","cine","cultura","Filmoteca","Filmoteca de Cantabria","Filmoteca de Cantabria Mario Camus","La llave azul","Mario Camus","pel\u00edculas","programaci\u00f3n","Quentin Tarantino"],"articleSection":["Noticias"],"inLanguage":"es"},{"@type":"WebPage","@id":"https:\/\/filmotecacantabria.es\/es\/el-ultimo-cine-de-autor-protagoniza-septiembre-con-lo-nuevo-de-huo-meng-jim-sheridan-y-los-hermanos-dardenne\/","url":"https:\/\/filmotecacantabria.es\/es\/el-ultimo-cine-de-autor-protagoniza-septiembre-con-lo-nuevo-de-huo-meng-jim-sheridan-y-los-hermanos-dardenne\/","name":"El \u00faltimo cine de autor protagoniza septiembre con lo nuevo de Huo Meng, Jim Sheridan y los hermanos Dardenne - Filmoteca de Cantabria Mario Camus | Santander | Torrelavega | Regi\u00f3n","isPartOf":{"@id":"https:\/\/filmotecacantabria.es\/es\/#website"},"datePublished":"2026-08-31T08:30:37+00:00","dateModified":"2026-08-31T08:30:37+00:00","breadcrumb":{"@id":"https:\/\/filmotecacantabria.es\/es\/el-ultimo-cine-de-autor-protagoniza-septiembre-con-lo-nuevo-de-huo-meng-jim-sheridan-y-los-hermanos-dardenne\/#breadcrumb"},"inLanguage":"es","potentialAction":[{"@type":"ReadAction","target":["https:\/\/filmotecacantabria.es\/es\/el-ultimo-cine-de-autor-protagoniza-septiembre-con-lo-nuevo-de-huo-meng-jim-sheridan-y-los-hermanos-dardenne\/"]}]},{"@type":"BreadcrumbList","@id":"https:\/\/filmotecacantabria.es\/es\/el-ultimo-cine-de-autor-protagoniza-septiembre-con-lo-nuevo-de-huo-meng-jim-sheridan-y-los-hermanos-dardenne\/#breadcrumb","itemListElement":[{"@type":"ListItem","position":1,"name":"Portada","item":"https:\/\/filmotecacantabria.es\/es\/inicio\/"},{"@type":"ListItem","position":2,"name":"El \u00faltimo cine de autor protagoniza septiembre con lo nuevo de Huo Meng, Jim Sheridan y los hermanos Dardenne"}]},{"@type":"WebSite","@id":"https:\/\/filmotecacantabria.es\/es\/#website","url":"https:\/\/filmotecacantabria.es\/es\/","name":"Filmoteca de Cantabria Mario Camus | Santander | Torrelavega | Regi\u00f3n","description":"Toda la programaci\u00f3n de las filmotecas de Cantabria Mario Camus.","publisher":{"@id":"https:\/\/filmotecacantabria.es\/es\/#organization"},"potentialAction":[{"@type":"SearchAction","target":{"@type":"EntryPoint","urlTemplate":"https:\/\/filmotecacantabria.es\/es\/?s={search_term_string}"},"query-input":"required name=search_term_string"}],"inLanguage":"es"},{"@type":"Organization","@id":"https:\/\/filmotecacantabria.es\/es\/#organization","name":"Filmoteca de Cantabria Mario Camus | Santander | Torrelavega | Regi\u00f3n","url":"https:\/\/filmotecacantabria.es\/es\/","sameAs":[],"logo":{"@type":"ImageObject","inLanguage":"es","@id":"https:\/\/filmotecacantabria.es\/es\/#\/schema\/logo\/image\/","url":"https:\/\/filmotecacantabria.es\/es\/wp-content\/uploads\/2021\/12\/logo-filmoteca-cantabria-1-mario-camus.png","contentUrl":"https:\/\/filmotecacantabria.es\/es\/wp-content\/uploads\/2021\/12\/logo-filmoteca-cantabria-1-mario-camus.png","width":170,"height":183,"caption":"Filmoteca de Cantabria Mario Camus | Santander | Torrelavega | Regi\u00f3n"},"image":{"@id":"https:\/\/filmotecacantabria.es\/es\/#\/schema\/logo\/image\/"}},{"@type":"Person","@id":"https:\/\/filmotecacantabria.es\/es\/#\/schema\/person\/86205b2ac543405aae888afb3afdb6d8","name":"belen.cordoba@srecd.es","image":{"@type":"ImageObject","inLanguage":"es","@id":"https:\/\/filmotecacantabria.es\/es\/#\/schema\/person\/image\/","url":"https:\/\/secure.gravatar.com\/avatar\/a185108474f14fc94f32f86115d60aeb?s=96&d=mm&r=g","contentUrl":"https:\/\/secure.gravatar.com\/avatar\/a185108474f14fc94f32f86115d60aeb?s=96&d=mm&r=g","caption":"belen.cordoba@srecd.es"}}]}},"_links":{"self":[{"href":"https:\/\/filmotecacantabria.es\/es\/wp-json\/wp\/v2\/posts\/4893"}],"collection":[{"href":"https:\/\/filmotecacantabria.es\/es\/wp-json\/wp\/v2\/posts"}],"about":[{"href":"https:\/\/filmotecacantabria.es\/es\/wp-json\/wp\/v2\/types\/post"}],"author":[{"embeddable":true,"href":"https:\/\/filmotecacantabria.es\/es\/wp-json\/wp\/v2\/users\/11"}],"replies":[{"embeddable":true,"href":"https:\/\/filmotecacantabria.es\/es\/wp-json\/wp\/v2\/comments?post=4893"}],"version-history":[{"count":2,"href":"https:\/\/filmotecacantabria.es\/es\/wp-json\/wp\/v2\/posts\/4893\/revisions"}],"predecessor-version":[{"id":4896,"href":"https:\/\/filmotecacantabria.es\/es\/wp-json\/wp\/v2\/posts\/4893\/revisions\/4896"}],"wp:featuredmedia":[{"embeddable":true,"href":"https:\/\/filmotecacantabria.es\/es\/wp-json\/wp\/v2\/media\/4894"}],"wp:attachment":[{"href":"https:\/\/filmotecacantabria.es\/es\/wp-json\/wp\/v2\/media?parent=4893"}],"wp:term":[{"taxonomy":"category","embeddable":true,"href":"https:\/\/filmotecacantabria.es\/es\/wp-json\/wp\/v2\/categories?post=4893"},{"taxonomy":"post_tag","embeddable":true,"href":"https:\/\/filmotecacantabria.es\/es\/wp-json\/wp\/v2\/tags?post=4893"}],"curies":[{"name":"wp","href":"https:\/\/api.w.org\/{rel}","templated":true}]}}