{"id":4766,"date":"2026-04-20T12:04:37","date_gmt":"2026-04-20T10:04:37","guid":{"rendered":"https:\/\/filmotecacantabria.es\/es\/?p=4766"},"modified":"2026-04-20T12:04:37","modified_gmt":"2026-04-20T10:04:37","slug":"comenzamos-este-jueves-el-curso-la-road-movie-viaje-identidad-y-transformacion","status":"publish","type":"post","link":"https:\/\/filmotecacantabria.es\/es\/comenzamos-este-jueves-el-curso-la-road-movie-viaje-identidad-y-transformacion\/","title":{"rendered":"Comenzamos este jueves el curso \u2018La road movie: viaje, identidad y transformaci\u00f3n\u2019"},"content":{"rendered":"<p><strong>Se trata de un taller de an\u00e1lisis f\u00edlmico centrado en uno de los g\u00e9neros m\u00e1s representativos del cine moderno que imparten Nacho Solana y Guillermo Mart\u00ednez <\/strong><\/p>\n<p><strong>Santander, 20 de abril de 2026.- <\/strong>El cineasta Nacho Solana y el cr\u00edtico y profesor Guillermo Mart\u00ednez impartir\u00e1n desde el pr\u00f3ximo jueves, d\u00eda 23 de abril, el curso \u2018La road movie: viaje, identidad y transformaci\u00f3n\u2019, un taller de an\u00e1lisis f\u00edlmico centrado en uno de los g\u00e9neros m\u00e1s representativos del cine moderno.<\/p>\n<p>En esta acci\u00f3n formativa y durante seis sesiones, los participantes abordar\u00e1n c\u00f3mo el desplazamiento f\u00edsico se convierte en el cine en una herramienta narrativa para explorar conflictos emocionales, sociales y existenciales.<\/p>\n<p>Seg\u00fan los responsables de este curso, la road movie articula relatos de huida, b\u00fasqueda o descubrimiento en los que el viaje deja de ser un simple trayecto para convertirse en un proceso de transformaci\u00f3n.<\/p>\n<p>El programa propone un recorrido por t\u00edtulos clave del g\u00e9nero desde los a\u00f1os 60 hasta comienzos del siglo XXI.<\/p>\n<p>As\u00ed, entre las pel\u00edculas seleccionadas para abordar en este curso destacan \u2018Dos en la carretera\u2019, \u2018Easy Rider\u2019, \u2018Paris, Texas\u2019, \u2018Thelma y Louise\u2019, \u2018O Brother\u2019 y \u2018Diarios de motocicleta\u2019, que servir\u00e1n como base para analizar las distintas formas en que el cine ha representado el viaje como experiencia transformadora.<\/p>\n<p>Las sesiones tendr\u00e1n lugar en jueves, en concreto, del 23 de abril al 28 de mayo, en horario de 19.30 a 21.00 horas, en la Filmoteca de Cantabria Mario Camus.<\/p>\n<p>El precio de inscripci\u00f3n es de 18 euros e incluye tanto la asistencia al curso como la entrada a las seis proyecciones del ciclo.<\/p>\n<p><strong>NACHO SOLANA Y GUILLERMO MART\u00cdNEZ<\/strong><\/p>\n<p>Nacho Solana es un director y productor c\u00e1ntabro con amplia experiencia en publicidad y cortometrajes. Ha dirigido ocho cortometrajes proyectados en m\u00e1s de 500 festivales de m\u00e1s de 25 pa\u00edses, adem\u00e1s de trabajar en publicidad, videoclips y series documentales. Desarrolla tambi\u00e9n labor docente y de programaci\u00f3n en diversas instituciones culturales y educativas.<\/p>\n<p>Guillermo Mart\u00ednez es director del Aula de Cine de la Universidad de Cantabria y de la Filmoteca Universitaria, adem\u00e1s de profesor en la Universidad Europea del Atl\u00e1ntico. Cuenta con una amplia trayectoria como docente, cr\u00edtico de cine y conferenciante, y es coautor del libro \u2018El personaje en el cine: del papel a la pantalla\u2019 (Editorial Calamar 2007).<\/p>\n","protected":false},"excerpt":{"rendered":"<p>Se trata de un taller de an\u00e1lisis f\u00edlmico centrado en uno de los g\u00e9neros m\u00e1s representativos del cine moderno que imparten Nacho Solana y Guillermo Mart\u00ednez Santander, 20 de abril de 2026.- El cineasta Nacho Solana y el cr\u00edtico y profesor Guillermo Mart\u00ednez impartir\u00e1n desde el pr\u00f3ximo jueves, d\u00eda 23 de abril, el curso \u2018La [&hellip;]<\/p>\n","protected":false},"author":11,"featured_media":4767,"comment_status":"closed","ping_status":"closed","sticky":false,"template":"","format":"standard","meta":{"inline_featured_image":false,"footnotes":""},"categories":[4],"tags":[9,41,8,57,212,11,211,210],"class_list":["post-4766","post","type-post","status-publish","format-standard","has-post-thumbnail","hentry","category-noticias","tag-cantabria","tag-curso","tag-filmoteca-de-cantabria","tag-filmoteca-de-cantabria-mario-camus","tag-guillermo-martinez","tag-mario-camus","tag-nacho-solana","tag-road-movie"],"yoast_head":"<!-- This site is optimized with the Yoast SEO plugin v19.6.1 - https:\/\/yoast.com\/wordpress\/plugins\/seo\/ -->\n<title>Comenzamos este jueves el curso \u2018La road movie: viaje, identidad y transformaci\u00f3n\u2019 - Filmoteca de Cantabria Mario Camus | Santander | Torrelavega | Regi\u00f3n<\/title>\n<meta name=\"robots\" content=\"index, follow, max-snippet:-1, max-image-preview:large, max-video-preview:-1\" \/>\n<link rel=\"canonical\" href=\"https:\/\/filmotecacantabria.es\/es\/comenzamos-este-jueves-el-curso-la-road-movie-viaje-identidad-y-transformacion\/\" \/>\n<meta property=\"og:locale\" content=\"es_ES\" \/>\n<meta property=\"og:type\" content=\"article\" \/>\n<meta property=\"og:title\" content=\"Comenzamos este jueves el curso \u2018La road movie: viaje, identidad y transformaci\u00f3n\u2019 - Filmoteca de Cantabria Mario Camus | Santander | Torrelavega | Regi\u00f3n\" \/>\n<meta property=\"og:description\" content=\"Se trata de un taller de an\u00e1lisis f\u00edlmico centrado en uno de los g\u00e9neros m\u00e1s representativos del cine moderno que imparten Nacho Solana y Guillermo Mart\u00ednez Santander, 20 de abril de 2026.- El cineasta Nacho Solana y el cr\u00edtico y profesor Guillermo Mart\u00ednez impartir\u00e1n desde el pr\u00f3ximo jueves, d\u00eda 23 de abril, el curso \u2018La [&hellip;]\" \/>\n<meta property=\"og:url\" content=\"https:\/\/filmotecacantabria.es\/es\/comenzamos-este-jueves-el-curso-la-road-movie-viaje-identidad-y-transformacion\/\" \/>\n<meta property=\"og:site_name\" content=\"Filmoteca de Cantabria Mario Camus | Santander | Torrelavega | Regi\u00f3n\" \/>\n<meta property=\"article:published_time\" content=\"2026-04-20T10:04:37+00:00\" \/>\n<meta property=\"og:image\" content=\"https:\/\/filmotecacantabria.es\/es\/wp-content\/uploads\/2026\/04\/easy-rider-nicholson-khtc-1240x698abc.webp\" \/>\n\t<meta property=\"og:image:width\" content=\"1240\" \/>\n\t<meta property=\"og:image:height\" content=\"698\" \/>\n\t<meta property=\"og:image:type\" content=\"image\/webp\" \/>\n<meta name=\"author\" content=\"belen.cordoba@srecd.es\" \/>\n<meta name=\"twitter:card\" content=\"summary_large_image\" \/>\n<meta name=\"twitter:label1\" content=\"Escrito por\" \/>\n\t<meta name=\"twitter:data1\" content=\"belen.cordoba@srecd.es\" \/>\n\t<meta name=\"twitter:label2\" content=\"Tiempo de lectura\" \/>\n\t<meta name=\"twitter:data2\" content=\"2 minutos\" \/>\n<script type=\"application\/ld+json\" class=\"yoast-schema-graph\">{\"@context\":\"https:\/\/schema.org\",\"@graph\":[{\"@type\":\"Article\",\"@id\":\"https:\/\/filmotecacantabria.es\/es\/comenzamos-este-jueves-el-curso-la-road-movie-viaje-identidad-y-transformacion\/#article\",\"isPartOf\":{\"@id\":\"https:\/\/filmotecacantabria.es\/es\/comenzamos-este-jueves-el-curso-la-road-movie-viaje-identidad-y-transformacion\/\"},\"author\":{\"name\":\"belen.cordoba@srecd.es\",\"@id\":\"https:\/\/filmotecacantabria.es\/es\/#\/schema\/person\/86205b2ac543405aae888afb3afdb6d8\"},\"headline\":\"Comenzamos este jueves el curso \u2018La road movie: viaje, identidad y transformaci\u00f3n\u2019\",\"datePublished\":\"2026-04-20T10:04:37+00:00\",\"dateModified\":\"2026-04-20T10:04:37+00:00\",\"mainEntityOfPage\":{\"@id\":\"https:\/\/filmotecacantabria.es\/es\/comenzamos-este-jueves-el-curso-la-road-movie-viaje-identidad-y-transformacion\/\"},\"wordCount\":420,\"publisher\":{\"@id\":\"https:\/\/filmotecacantabria.es\/es\/#organization\"},\"keywords\":[\"Cantabria\",\"curso\",\"Filmoteca de Cantabria\",\"Filmoteca de Cantabria Mario Camus\",\"Guillermo Mart\u00ednez\",\"Mario Camus\",\"Nacho Solana\",\"road movie\"],\"articleSection\":[\"Noticias\"],\"inLanguage\":\"es\"},{\"@type\":\"WebPage\",\"@id\":\"https:\/\/filmotecacantabria.es\/es\/comenzamos-este-jueves-el-curso-la-road-movie-viaje-identidad-y-transformacion\/\",\"url\":\"https:\/\/filmotecacantabria.es\/es\/comenzamos-este-jueves-el-curso-la-road-movie-viaje-identidad-y-transformacion\/\",\"name\":\"Comenzamos este jueves el curso \u2018La road movie: viaje, identidad y transformaci\u00f3n\u2019 - Filmoteca de Cantabria Mario Camus | Santander | Torrelavega | Regi\u00f3n\",\"isPartOf\":{\"@id\":\"https:\/\/filmotecacantabria.es\/es\/#website\"},\"datePublished\":\"2026-04-20T10:04:37+00:00\",\"dateModified\":\"2026-04-20T10:04:37+00:00\",\"breadcrumb\":{\"@id\":\"https:\/\/filmotecacantabria.es\/es\/comenzamos-este-jueves-el-curso-la-road-movie-viaje-identidad-y-transformacion\/#breadcrumb\"},\"inLanguage\":\"es\",\"potentialAction\":[{\"@type\":\"ReadAction\",\"target\":[\"https:\/\/filmotecacantabria.es\/es\/comenzamos-este-jueves-el-curso-la-road-movie-viaje-identidad-y-transformacion\/\"]}]},{\"@type\":\"BreadcrumbList\",\"@id\":\"https:\/\/filmotecacantabria.es\/es\/comenzamos-este-jueves-el-curso-la-road-movie-viaje-identidad-y-transformacion\/#breadcrumb\",\"itemListElement\":[{\"@type\":\"ListItem\",\"position\":1,\"name\":\"Portada\",\"item\":\"https:\/\/filmotecacantabria.es\/es\/inicio\/\"},{\"@type\":\"ListItem\",\"position\":2,\"name\":\"Comenzamos este jueves el curso \u2018La road movie: viaje, identidad y transformaci\u00f3n\u2019\"}]},{\"@type\":\"WebSite\",\"@id\":\"https:\/\/filmotecacantabria.es\/es\/#website\",\"url\":\"https:\/\/filmotecacantabria.es\/es\/\",\"name\":\"Filmoteca de Cantabria Mario Camus | Santander | Torrelavega | Regi\u00f3n\",\"description\":\"Toda la programaci\u00f3n de las filmotecas de Cantabria Mario Camus.\",\"publisher\":{\"@id\":\"https:\/\/filmotecacantabria.es\/es\/#organization\"},\"potentialAction\":[{\"@type\":\"SearchAction\",\"target\":{\"@type\":\"EntryPoint\",\"urlTemplate\":\"https:\/\/filmotecacantabria.es\/es\/?s={search_term_string}\"},\"query-input\":\"required name=search_term_string\"}],\"inLanguage\":\"es\"},{\"@type\":\"Organization\",\"@id\":\"https:\/\/filmotecacantabria.es\/es\/#organization\",\"name\":\"Filmoteca de Cantabria Mario Camus | Santander | Torrelavega | Regi\u00f3n\",\"url\":\"https:\/\/filmotecacantabria.es\/es\/\",\"sameAs\":[],\"logo\":{\"@type\":\"ImageObject\",\"inLanguage\":\"es\",\"@id\":\"https:\/\/filmotecacantabria.es\/es\/#\/schema\/logo\/image\/\",\"url\":\"https:\/\/filmotecacantabria.es\/es\/wp-content\/uploads\/2021\/12\/logo-filmoteca-cantabria-1-mario-camus.png\",\"contentUrl\":\"https:\/\/filmotecacantabria.es\/es\/wp-content\/uploads\/2021\/12\/logo-filmoteca-cantabria-1-mario-camus.png\",\"width\":170,\"height\":183,\"caption\":\"Filmoteca de Cantabria Mario Camus | Santander | Torrelavega | Regi\u00f3n\"},\"image\":{\"@id\":\"https:\/\/filmotecacantabria.es\/es\/#\/schema\/logo\/image\/\"}},{\"@type\":\"Person\",\"@id\":\"https:\/\/filmotecacantabria.es\/es\/#\/schema\/person\/86205b2ac543405aae888afb3afdb6d8\",\"name\":\"belen.cordoba@srecd.es\",\"image\":{\"@type\":\"ImageObject\",\"inLanguage\":\"es\",\"@id\":\"https:\/\/filmotecacantabria.es\/es\/#\/schema\/person\/image\/\",\"url\":\"https:\/\/secure.gravatar.com\/avatar\/a185108474f14fc94f32f86115d60aeb?s=96&d=mm&r=g\",\"contentUrl\":\"https:\/\/secure.gravatar.com\/avatar\/a185108474f14fc94f32f86115d60aeb?s=96&d=mm&r=g\",\"caption\":\"belen.cordoba@srecd.es\"}}]}<\/script>\n<!-- \/ Yoast SEO plugin. -->","yoast_head_json":{"title":"Comenzamos este jueves el curso \u2018La road movie: viaje, identidad y transformaci\u00f3n\u2019 - Filmoteca de Cantabria Mario Camus | Santander | Torrelavega | Regi\u00f3n","robots":{"index":"index","follow":"follow","max-snippet":"max-snippet:-1","max-image-preview":"max-image-preview:large","max-video-preview":"max-video-preview:-1"},"canonical":"https:\/\/filmotecacantabria.es\/es\/comenzamos-este-jueves-el-curso-la-road-movie-viaje-identidad-y-transformacion\/","og_locale":"es_ES","og_type":"article","og_title":"Comenzamos este jueves el curso \u2018La road movie: viaje, identidad y transformaci\u00f3n\u2019 - Filmoteca de Cantabria Mario Camus | Santander | Torrelavega | Regi\u00f3n","og_description":"Se trata de un taller de an\u00e1lisis f\u00edlmico centrado en uno de los g\u00e9neros m\u00e1s representativos del cine moderno que imparten Nacho Solana y Guillermo Mart\u00ednez Santander, 20 de abril de 2026.- El cineasta Nacho Solana y el cr\u00edtico y profesor Guillermo Mart\u00ednez impartir\u00e1n desde el pr\u00f3ximo jueves, d\u00eda 23 de abril, el curso \u2018La [&hellip;]","og_url":"https:\/\/filmotecacantabria.es\/es\/comenzamos-este-jueves-el-curso-la-road-movie-viaje-identidad-y-transformacion\/","og_site_name":"Filmoteca de Cantabria Mario Camus | Santander | Torrelavega | Regi\u00f3n","article_published_time":"2026-04-20T10:04:37+00:00","og_image":[{"width":1240,"height":698,"url":"https:\/\/filmotecacantabria.es\/es\/wp-content\/uploads\/2026\/04\/easy-rider-nicholson-khtc-1240x698abc.webp","type":"image\/webp"}],"author":"belen.cordoba@srecd.es","twitter_card":"summary_large_image","twitter_misc":{"Escrito por":"belen.cordoba@srecd.es","Tiempo de lectura":"2 minutos"},"schema":{"@context":"https:\/\/schema.org","@graph":[{"@type":"Article","@id":"https:\/\/filmotecacantabria.es\/es\/comenzamos-este-jueves-el-curso-la-road-movie-viaje-identidad-y-transformacion\/#article","isPartOf":{"@id":"https:\/\/filmotecacantabria.es\/es\/comenzamos-este-jueves-el-curso-la-road-movie-viaje-identidad-y-transformacion\/"},"author":{"name":"belen.cordoba@srecd.es","@id":"https:\/\/filmotecacantabria.es\/es\/#\/schema\/person\/86205b2ac543405aae888afb3afdb6d8"},"headline":"Comenzamos este jueves el curso \u2018La road movie: viaje, identidad y transformaci\u00f3n\u2019","datePublished":"2026-04-20T10:04:37+00:00","dateModified":"2026-04-20T10:04:37+00:00","mainEntityOfPage":{"@id":"https:\/\/filmotecacantabria.es\/es\/comenzamos-este-jueves-el-curso-la-road-movie-viaje-identidad-y-transformacion\/"},"wordCount":420,"publisher":{"@id":"https:\/\/filmotecacantabria.es\/es\/#organization"},"keywords":["Cantabria","curso","Filmoteca de Cantabria","Filmoteca de Cantabria Mario Camus","Guillermo Mart\u00ednez","Mario Camus","Nacho Solana","road movie"],"articleSection":["Noticias"],"inLanguage":"es"},{"@type":"WebPage","@id":"https:\/\/filmotecacantabria.es\/es\/comenzamos-este-jueves-el-curso-la-road-movie-viaje-identidad-y-transformacion\/","url":"https:\/\/filmotecacantabria.es\/es\/comenzamos-este-jueves-el-curso-la-road-movie-viaje-identidad-y-transformacion\/","name":"Comenzamos este jueves el curso \u2018La road movie: viaje, identidad y transformaci\u00f3n\u2019 - Filmoteca de Cantabria Mario Camus | Santander | Torrelavega | Regi\u00f3n","isPartOf":{"@id":"https:\/\/filmotecacantabria.es\/es\/#website"},"datePublished":"2026-04-20T10:04:37+00:00","dateModified":"2026-04-20T10:04:37+00:00","breadcrumb":{"@id":"https:\/\/filmotecacantabria.es\/es\/comenzamos-este-jueves-el-curso-la-road-movie-viaje-identidad-y-transformacion\/#breadcrumb"},"inLanguage":"es","potentialAction":[{"@type":"ReadAction","target":["https:\/\/filmotecacantabria.es\/es\/comenzamos-este-jueves-el-curso-la-road-movie-viaje-identidad-y-transformacion\/"]}]},{"@type":"BreadcrumbList","@id":"https:\/\/filmotecacantabria.es\/es\/comenzamos-este-jueves-el-curso-la-road-movie-viaje-identidad-y-transformacion\/#breadcrumb","itemListElement":[{"@type":"ListItem","position":1,"name":"Portada","item":"https:\/\/filmotecacantabria.es\/es\/inicio\/"},{"@type":"ListItem","position":2,"name":"Comenzamos este jueves el curso \u2018La road movie: viaje, identidad y transformaci\u00f3n\u2019"}]},{"@type":"WebSite","@id":"https:\/\/filmotecacantabria.es\/es\/#website","url":"https:\/\/filmotecacantabria.es\/es\/","name":"Filmoteca de Cantabria Mario Camus | Santander | Torrelavega | Regi\u00f3n","description":"Toda la programaci\u00f3n de las filmotecas de Cantabria Mario Camus.","publisher":{"@id":"https:\/\/filmotecacantabria.es\/es\/#organization"},"potentialAction":[{"@type":"SearchAction","target":{"@type":"EntryPoint","urlTemplate":"https:\/\/filmotecacantabria.es\/es\/?s={search_term_string}"},"query-input":"required name=search_term_string"}],"inLanguage":"es"},{"@type":"Organization","@id":"https:\/\/filmotecacantabria.es\/es\/#organization","name":"Filmoteca de Cantabria Mario Camus | Santander | Torrelavega | Regi\u00f3n","url":"https:\/\/filmotecacantabria.es\/es\/","sameAs":[],"logo":{"@type":"ImageObject","inLanguage":"es","@id":"https:\/\/filmotecacantabria.es\/es\/#\/schema\/logo\/image\/","url":"https:\/\/filmotecacantabria.es\/es\/wp-content\/uploads\/2021\/12\/logo-filmoteca-cantabria-1-mario-camus.png","contentUrl":"https:\/\/filmotecacantabria.es\/es\/wp-content\/uploads\/2021\/12\/logo-filmoteca-cantabria-1-mario-camus.png","width":170,"height":183,"caption":"Filmoteca de Cantabria Mario Camus | Santander | Torrelavega | Regi\u00f3n"},"image":{"@id":"https:\/\/filmotecacantabria.es\/es\/#\/schema\/logo\/image\/"}},{"@type":"Person","@id":"https:\/\/filmotecacantabria.es\/es\/#\/schema\/person\/86205b2ac543405aae888afb3afdb6d8","name":"belen.cordoba@srecd.es","image":{"@type":"ImageObject","inLanguage":"es","@id":"https:\/\/filmotecacantabria.es\/es\/#\/schema\/person\/image\/","url":"https:\/\/secure.gravatar.com\/avatar\/a185108474f14fc94f32f86115d60aeb?s=96&d=mm&r=g","contentUrl":"https:\/\/secure.gravatar.com\/avatar\/a185108474f14fc94f32f86115d60aeb?s=96&d=mm&r=g","caption":"belen.cordoba@srecd.es"}}]}},"_links":{"self":[{"href":"https:\/\/filmotecacantabria.es\/es\/wp-json\/wp\/v2\/posts\/4766"}],"collection":[{"href":"https:\/\/filmotecacantabria.es\/es\/wp-json\/wp\/v2\/posts"}],"about":[{"href":"https:\/\/filmotecacantabria.es\/es\/wp-json\/wp\/v2\/types\/post"}],"author":[{"embeddable":true,"href":"https:\/\/filmotecacantabria.es\/es\/wp-json\/wp\/v2\/users\/11"}],"replies":[{"embeddable":true,"href":"https:\/\/filmotecacantabria.es\/es\/wp-json\/wp\/v2\/comments?post=4766"}],"version-history":[{"count":2,"href":"https:\/\/filmotecacantabria.es\/es\/wp-json\/wp\/v2\/posts\/4766\/revisions"}],"predecessor-version":[{"id":4769,"href":"https:\/\/filmotecacantabria.es\/es\/wp-json\/wp\/v2\/posts\/4766\/revisions\/4769"}],"wp:featuredmedia":[{"embeddable":true,"href":"https:\/\/filmotecacantabria.es\/es\/wp-json\/wp\/v2\/media\/4767"}],"wp:attachment":[{"href":"https:\/\/filmotecacantabria.es\/es\/wp-json\/wp\/v2\/media?parent=4766"}],"wp:term":[{"taxonomy":"category","embeddable":true,"href":"https:\/\/filmotecacantabria.es\/es\/wp-json\/wp\/v2\/categories?post=4766"},{"taxonomy":"post_tag","embeddable":true,"href":"https:\/\/filmotecacantabria.es\/es\/wp-json\/wp\/v2\/tags?post=4766"}],"curies":[{"name":"wp","href":"https:\/\/api.w.org\/{rel}","templated":true}]}}