{"id":4011,"date":"2024-07-09T12:40:26","date_gmt":"2024-07-09T10:40:26","guid":{"rendered":"https:\/\/filmotecacantabria.es\/es\/?p=4011"},"modified":"2024-07-09T12:40:26","modified_gmt":"2024-07-09T10:40:26","slug":"rodrigo-cortes-protagoniza-este-viernes-un-encuentro-con-el-publico-en-la-filmoteca-de-cantabria","status":"publish","type":"post","link":"https:\/\/filmotecacantabria.es\/es\/rodrigo-cortes-protagoniza-este-viernes-un-encuentro-con-el-publico-en-la-filmoteca-de-cantabria\/","title":{"rendered":"Rodrigo Cort\u00e9s protagoniza este viernes un encuentro con el p\u00fablico en la Filmoteca de Cantabria"},"content":{"rendered":"<p><strong>El cineasta acude a la sala c\u00e1ntabra para hablar de su trayectoria en lo que ser\u00e1 el DCP33, con acceso libre hasta completar aforo, aunque recogiendo invitaci\u00f3n en taquilla<\/strong><\/p>\n<p><strong>Santander, 9 de julio de 2024.- <\/strong>La Filmoteca de Cantabria Mario Camus y la Cantabria Film Commission han organizado un nuevo Di\u00e1logo de Cine y Producci\u00f3n (DCP) que tendr\u00e1 como protagonista al cineasta Rodrigo Cort\u00e9s.<\/p>\n<p>El director de pel\u00edculas como \u2018Buried\u2019 (Enterrado), \u2018Luces rojas\u2019 y \u2018El amor en su lugar\u2019 protagonizar\u00e1 el DCP33 que tendr\u00e1 forma de encuentro con el p\u00fablico este viernes, d\u00eda 12 de julio, a partir de las 19.00 horas, y que lleva por t\u00edtulo \u201cRodrigo Cort\u00e9s: cazador de luces rojas\u201d.<\/p>\n<p>En esta cita, Cort\u00e9s y el director de la Filmoteca de Cantabria, Christian Franco, recorrer\u00e1n la trayectoria del cineasta en un coloquio abierto con los asistentes.<\/p>\n<p>Dada la naturaleza del encuentro, se recomienda a las personas que vayan a asistir conocer el cine y las pel\u00edculas de Rodrigo Cort\u00e9s, cineasta que ya est\u00e1 protagonizando un ciclo monogr\u00e1fico con diversas proyecciones en la sala c\u00e1ntabra de la calle Bonifaz.<\/p>\n<p>La entrada al encuentro es gratuita hasta completar aforo, aunque hay que recoger de manera previa invitaci\u00f3n desde ma\u00f1ana mi\u00e9rcoles, a las 17.00 horas, en la taquilla de la Filmoteca.<\/p>\n<p><strong>Rodrigo Cort\u00e9s<\/strong><\/p>\n<p>En su trayectoria como cineasta, Rodrigo Cort\u00e9s ha sido capaz de trascender l\u00edmites y fronteras que habitualmente constri\u00f1en a los profesionales espa\u00f1oles. Ha liderado coproducciones internacionales y dirigido a grandes int\u00e9rpretes como Robert de Niro, Cillian Murphy, Sigourney Weaver, Ryan Reynolds, Elisabeth Olsen o Uma Thurman.<\/p>\n<p>Tras velar armas con \u2018El descomedido y espantoso caso del victimario de Salamanca\u2019, comenz\u00f3 una fecunda carrera como cortometrajista con t\u00edtulos como \u2018Yul\u2019 (1998) o \u201815 d\u00edas\u2019 (2001). En 2007 estren\u00f3 su primer largometraje, \u2018Concursante\u2019, al que seguir\u00edan \u2018Buried\u2019 (Enterrado) (2010), \u2018Luces rojas\u2019 (2012), \u2018Blackwood\u2019 (2018) y \u2018El amor en su lugar\u2019 (2021).<\/p>\n<p>El pr\u00f3ximo 31 de octubre estrenar\u00e1 su sexto largometraje, \u2018Escape\u2019, en el que Martin Scorsese ejerce como productor ejecutivo.<\/p>\n<p>Como escritor public\u00f3 a finales de 2013 \u2018A las 3 son las 2\u2019 y un a\u00f1o m\u00e1s tarde, \u2018S\u00ed importa el modo en que un hombre se hunde\u2019, su primera novela. En 2016 apareci\u00f3 su nuevo libro de brever\u00edas, \u2018Dormir es de patos\u2019, y en 2021 public\u00f3 \u2018Los a\u00f1os extraordinarios\u2019, su segunda novela.<\/p>\n<p>Habla de cine, literatura y m\u00fasica en \u2018Aqu\u00ed hay dragones\u2019 y \u2018Todopoderosos\u2019, los dos podcasts m\u00e1s escuchados del momento. \u2018Cuentos tel\u00faricos\u2019, que presenta en la Feria del Libro de Santander (FELISA) este jueves, d\u00eda 11 de julio, a las 18.30 horas, es su primera antolog\u00eda de cuentos y su sexto libro.<\/p>\n","protected":false},"excerpt":{"rendered":"<p>El cineasta acude a la sala c\u00e1ntabra para hablar de su trayectoria en lo que ser\u00e1 el DCP33, con acceso libre hasta completar aforo, aunque recogiendo invitaci\u00f3n en taquilla Santander, 9 de julio de 2024.- La Filmoteca de Cantabria Mario Camus y la Cantabria Film Commission han organizado un nuevo Di\u00e1logo de Cine y Producci\u00f3n [&hellip;]<\/p>\n","protected":false},"author":11,"featured_media":4012,"comment_status":"closed","ping_status":"closed","sticky":false,"template":"","format":"standard","meta":{"inline_featured_image":false,"footnotes":""},"categories":[4],"tags":[9,10,16,7,8,11,12],"class_list":["post-4011","post","type-post","status-publish","format-standard","has-post-thumbnail","hentry","category-noticias","tag-cantabria","tag-cine","tag-dcp","tag-filmoteca","tag-filmoteca-de-cantabria","tag-mario-camus","tag-rodrigo-cortes"],"yoast_head":"<!-- This site is optimized with the Yoast SEO plugin v19.6.1 - https:\/\/yoast.com\/wordpress\/plugins\/seo\/ -->\n<title>Rodrigo Cort\u00e9s protagoniza este viernes un encuentro con el p\u00fablico en la Filmoteca de Cantabria - Filmoteca de Cantabria Mario Camus | Santander | Torrelavega | Regi\u00f3n<\/title>\n<meta name=\"robots\" content=\"index, follow, max-snippet:-1, max-image-preview:large, max-video-preview:-1\" \/>\n<link rel=\"canonical\" href=\"https:\/\/filmotecacantabria.es\/es\/rodrigo-cortes-protagoniza-este-viernes-un-encuentro-con-el-publico-en-la-filmoteca-de-cantabria\/\" \/>\n<meta property=\"og:locale\" content=\"es_ES\" \/>\n<meta property=\"og:type\" content=\"article\" \/>\n<meta property=\"og:title\" content=\"Rodrigo Cort\u00e9s protagoniza este viernes un encuentro con el p\u00fablico en la Filmoteca de Cantabria - Filmoteca de Cantabria Mario Camus | Santander | Torrelavega | Regi\u00f3n\" \/>\n<meta property=\"og:description\" content=\"El cineasta acude a la sala c\u00e1ntabra para hablar de su trayectoria en lo que ser\u00e1 el DCP33, con acceso libre hasta completar aforo, aunque recogiendo invitaci\u00f3n en taquilla Santander, 9 de julio de 2024.- La Filmoteca de Cantabria Mario Camus y la Cantabria Film Commission han organizado un nuevo Di\u00e1logo de Cine y Producci\u00f3n [&hellip;]\" \/>\n<meta property=\"og:url\" content=\"https:\/\/filmotecacantabria.es\/es\/rodrigo-cortes-protagoniza-este-viernes-un-encuentro-con-el-publico-en-la-filmoteca-de-cantabria\/\" \/>\n<meta property=\"og:site_name\" content=\"Filmoteca de Cantabria Mario Camus | Santander | Torrelavega | Regi\u00f3n\" \/>\n<meta property=\"article:published_time\" content=\"2024-07-09T10:40:26+00:00\" \/>\n<meta property=\"og:image\" content=\"https:\/\/filmotecacantabria.es\/es\/wp-content\/uploads\/2024\/07\/rodrigo-cortes.jpg\" \/>\n\t<meta property=\"og:image:width\" content=\"880\" \/>\n\t<meta property=\"og:image:height\" content=\"495\" \/>\n\t<meta property=\"og:image:type\" content=\"image\/jpeg\" \/>\n<meta name=\"author\" content=\"belen.cordoba@srecd.es\" \/>\n<meta name=\"twitter:card\" content=\"summary_large_image\" \/>\n<meta name=\"twitter:label1\" content=\"Escrito por\" \/>\n\t<meta name=\"twitter:data1\" content=\"belen.cordoba@srecd.es\" \/>\n\t<meta name=\"twitter:label2\" content=\"Tiempo de lectura\" \/>\n\t<meta name=\"twitter:data2\" content=\"2 minutos\" \/>\n<script type=\"application\/ld+json\" class=\"yoast-schema-graph\">{\"@context\":\"https:\/\/schema.org\",\"@graph\":[{\"@type\":\"Article\",\"@id\":\"https:\/\/filmotecacantabria.es\/es\/rodrigo-cortes-protagoniza-este-viernes-un-encuentro-con-el-publico-en-la-filmoteca-de-cantabria\/#article\",\"isPartOf\":{\"@id\":\"https:\/\/filmotecacantabria.es\/es\/rodrigo-cortes-protagoniza-este-viernes-un-encuentro-con-el-publico-en-la-filmoteca-de-cantabria\/\"},\"author\":{\"name\":\"belen.cordoba@srecd.es\",\"@id\":\"https:\/\/filmotecacantabria.es\/es\/#\/schema\/person\/86205b2ac543405aae888afb3afdb6d8\"},\"headline\":\"Rodrigo Cort\u00e9s protagoniza este viernes un encuentro con el p\u00fablico en la Filmoteca de Cantabria\",\"datePublished\":\"2024-07-09T10:40:26+00:00\",\"dateModified\":\"2024-07-09T10:40:26+00:00\",\"mainEntityOfPage\":{\"@id\":\"https:\/\/filmotecacantabria.es\/es\/rodrigo-cortes-protagoniza-este-viernes-un-encuentro-con-el-publico-en-la-filmoteca-de-cantabria\/\"},\"wordCount\":470,\"publisher\":{\"@id\":\"https:\/\/filmotecacantabria.es\/es\/#organization\"},\"keywords\":[\"Cantabria\",\"cine\",\"DCP\",\"Filmoteca\",\"Filmoteca de Cantabria\",\"Mario Camus\",\"Rodrigo Cort\u00e9s\"],\"articleSection\":[\"Noticias\"],\"inLanguage\":\"es\"},{\"@type\":\"WebPage\",\"@id\":\"https:\/\/filmotecacantabria.es\/es\/rodrigo-cortes-protagoniza-este-viernes-un-encuentro-con-el-publico-en-la-filmoteca-de-cantabria\/\",\"url\":\"https:\/\/filmotecacantabria.es\/es\/rodrigo-cortes-protagoniza-este-viernes-un-encuentro-con-el-publico-en-la-filmoteca-de-cantabria\/\",\"name\":\"Rodrigo Cort\u00e9s protagoniza este viernes un encuentro con el p\u00fablico en la Filmoteca de Cantabria - Filmoteca de Cantabria Mario Camus | Santander | Torrelavega | Regi\u00f3n\",\"isPartOf\":{\"@id\":\"https:\/\/filmotecacantabria.es\/es\/#website\"},\"datePublished\":\"2024-07-09T10:40:26+00:00\",\"dateModified\":\"2024-07-09T10:40:26+00:00\",\"breadcrumb\":{\"@id\":\"https:\/\/filmotecacantabria.es\/es\/rodrigo-cortes-protagoniza-este-viernes-un-encuentro-con-el-publico-en-la-filmoteca-de-cantabria\/#breadcrumb\"},\"inLanguage\":\"es\",\"potentialAction\":[{\"@type\":\"ReadAction\",\"target\":[\"https:\/\/filmotecacantabria.es\/es\/rodrigo-cortes-protagoniza-este-viernes-un-encuentro-con-el-publico-en-la-filmoteca-de-cantabria\/\"]}]},{\"@type\":\"BreadcrumbList\",\"@id\":\"https:\/\/filmotecacantabria.es\/es\/rodrigo-cortes-protagoniza-este-viernes-un-encuentro-con-el-publico-en-la-filmoteca-de-cantabria\/#breadcrumb\",\"itemListElement\":[{\"@type\":\"ListItem\",\"position\":1,\"name\":\"Portada\",\"item\":\"https:\/\/filmotecacantabria.es\/es\/inicio\/\"},{\"@type\":\"ListItem\",\"position\":2,\"name\":\"Rodrigo Cort\u00e9s protagoniza este viernes un encuentro con el p\u00fablico en la Filmoteca de Cantabria\"}]},{\"@type\":\"WebSite\",\"@id\":\"https:\/\/filmotecacantabria.es\/es\/#website\",\"url\":\"https:\/\/filmotecacantabria.es\/es\/\",\"name\":\"Filmoteca de Cantabria Mario Camus | Santander | Torrelavega | Regi\u00f3n\",\"description\":\"Toda la programaci\u00f3n de las filmotecas de Cantabria Mario Camus.\",\"publisher\":{\"@id\":\"https:\/\/filmotecacantabria.es\/es\/#organization\"},\"potentialAction\":[{\"@type\":\"SearchAction\",\"target\":{\"@type\":\"EntryPoint\",\"urlTemplate\":\"https:\/\/filmotecacantabria.es\/es\/?s={search_term_string}\"},\"query-input\":\"required name=search_term_string\"}],\"inLanguage\":\"es\"},{\"@type\":\"Organization\",\"@id\":\"https:\/\/filmotecacantabria.es\/es\/#organization\",\"name\":\"Filmoteca de Cantabria Mario Camus | Santander | Torrelavega | Regi\u00f3n\",\"url\":\"https:\/\/filmotecacantabria.es\/es\/\",\"sameAs\":[],\"logo\":{\"@type\":\"ImageObject\",\"inLanguage\":\"es\",\"@id\":\"https:\/\/filmotecacantabria.es\/es\/#\/schema\/logo\/image\/\",\"url\":\"https:\/\/filmotecacantabria.es\/es\/wp-content\/uploads\/2021\/12\/logo-filmoteca-cantabria-1-mario-camus.png\",\"contentUrl\":\"https:\/\/filmotecacantabria.es\/es\/wp-content\/uploads\/2021\/12\/logo-filmoteca-cantabria-1-mario-camus.png\",\"width\":170,\"height\":183,\"caption\":\"Filmoteca de Cantabria Mario Camus | Santander | Torrelavega | Regi\u00f3n\"},\"image\":{\"@id\":\"https:\/\/filmotecacantabria.es\/es\/#\/schema\/logo\/image\/\"}},{\"@type\":\"Person\",\"@id\":\"https:\/\/filmotecacantabria.es\/es\/#\/schema\/person\/86205b2ac543405aae888afb3afdb6d8\",\"name\":\"belen.cordoba@srecd.es\",\"image\":{\"@type\":\"ImageObject\",\"inLanguage\":\"es\",\"@id\":\"https:\/\/filmotecacantabria.es\/es\/#\/schema\/person\/image\/\",\"url\":\"https:\/\/secure.gravatar.com\/avatar\/a185108474f14fc94f32f86115d60aeb?s=96&d=mm&r=g\",\"contentUrl\":\"https:\/\/secure.gravatar.com\/avatar\/a185108474f14fc94f32f86115d60aeb?s=96&d=mm&r=g\",\"caption\":\"belen.cordoba@srecd.es\"}}]}<\/script>\n<!-- \/ Yoast SEO plugin. -->","yoast_head_json":{"title":"Rodrigo Cort\u00e9s protagoniza este viernes un encuentro con el p\u00fablico en la Filmoteca de Cantabria - Filmoteca de Cantabria Mario Camus | Santander | Torrelavega | Regi\u00f3n","robots":{"index":"index","follow":"follow","max-snippet":"max-snippet:-1","max-image-preview":"max-image-preview:large","max-video-preview":"max-video-preview:-1"},"canonical":"https:\/\/filmotecacantabria.es\/es\/rodrigo-cortes-protagoniza-este-viernes-un-encuentro-con-el-publico-en-la-filmoteca-de-cantabria\/","og_locale":"es_ES","og_type":"article","og_title":"Rodrigo Cort\u00e9s protagoniza este viernes un encuentro con el p\u00fablico en la Filmoteca de Cantabria - Filmoteca de Cantabria Mario Camus | Santander | Torrelavega | Regi\u00f3n","og_description":"El cineasta acude a la sala c\u00e1ntabra para hablar de su trayectoria en lo que ser\u00e1 el DCP33, con acceso libre hasta completar aforo, aunque recogiendo invitaci\u00f3n en taquilla Santander, 9 de julio de 2024.- La Filmoteca de Cantabria Mario Camus y la Cantabria Film Commission han organizado un nuevo Di\u00e1logo de Cine y Producci\u00f3n [&hellip;]","og_url":"https:\/\/filmotecacantabria.es\/es\/rodrigo-cortes-protagoniza-este-viernes-un-encuentro-con-el-publico-en-la-filmoteca-de-cantabria\/","og_site_name":"Filmoteca de Cantabria Mario Camus | Santander | Torrelavega | Regi\u00f3n","article_published_time":"2024-07-09T10:40:26+00:00","og_image":[{"width":880,"height":495,"url":"https:\/\/filmotecacantabria.es\/es\/wp-content\/uploads\/2024\/07\/rodrigo-cortes.jpg","type":"image\/jpeg"}],"author":"belen.cordoba@srecd.es","twitter_card":"summary_large_image","twitter_misc":{"Escrito por":"belen.cordoba@srecd.es","Tiempo de lectura":"2 minutos"},"schema":{"@context":"https:\/\/schema.org","@graph":[{"@type":"Article","@id":"https:\/\/filmotecacantabria.es\/es\/rodrigo-cortes-protagoniza-este-viernes-un-encuentro-con-el-publico-en-la-filmoteca-de-cantabria\/#article","isPartOf":{"@id":"https:\/\/filmotecacantabria.es\/es\/rodrigo-cortes-protagoniza-este-viernes-un-encuentro-con-el-publico-en-la-filmoteca-de-cantabria\/"},"author":{"name":"belen.cordoba@srecd.es","@id":"https:\/\/filmotecacantabria.es\/es\/#\/schema\/person\/86205b2ac543405aae888afb3afdb6d8"},"headline":"Rodrigo Cort\u00e9s protagoniza este viernes un encuentro con el p\u00fablico en la Filmoteca de Cantabria","datePublished":"2024-07-09T10:40:26+00:00","dateModified":"2024-07-09T10:40:26+00:00","mainEntityOfPage":{"@id":"https:\/\/filmotecacantabria.es\/es\/rodrigo-cortes-protagoniza-este-viernes-un-encuentro-con-el-publico-en-la-filmoteca-de-cantabria\/"},"wordCount":470,"publisher":{"@id":"https:\/\/filmotecacantabria.es\/es\/#organization"},"keywords":["Cantabria","cine","DCP","Filmoteca","Filmoteca de Cantabria","Mario Camus","Rodrigo Cort\u00e9s"],"articleSection":["Noticias"],"inLanguage":"es"},{"@type":"WebPage","@id":"https:\/\/filmotecacantabria.es\/es\/rodrigo-cortes-protagoniza-este-viernes-un-encuentro-con-el-publico-en-la-filmoteca-de-cantabria\/","url":"https:\/\/filmotecacantabria.es\/es\/rodrigo-cortes-protagoniza-este-viernes-un-encuentro-con-el-publico-en-la-filmoteca-de-cantabria\/","name":"Rodrigo Cort\u00e9s protagoniza este viernes un encuentro con el p\u00fablico en la Filmoteca de Cantabria - Filmoteca de Cantabria Mario Camus | Santander | Torrelavega | Regi\u00f3n","isPartOf":{"@id":"https:\/\/filmotecacantabria.es\/es\/#website"},"datePublished":"2024-07-09T10:40:26+00:00","dateModified":"2024-07-09T10:40:26+00:00","breadcrumb":{"@id":"https:\/\/filmotecacantabria.es\/es\/rodrigo-cortes-protagoniza-este-viernes-un-encuentro-con-el-publico-en-la-filmoteca-de-cantabria\/#breadcrumb"},"inLanguage":"es","potentialAction":[{"@type":"ReadAction","target":["https:\/\/filmotecacantabria.es\/es\/rodrigo-cortes-protagoniza-este-viernes-un-encuentro-con-el-publico-en-la-filmoteca-de-cantabria\/"]}]},{"@type":"BreadcrumbList","@id":"https:\/\/filmotecacantabria.es\/es\/rodrigo-cortes-protagoniza-este-viernes-un-encuentro-con-el-publico-en-la-filmoteca-de-cantabria\/#breadcrumb","itemListElement":[{"@type":"ListItem","position":1,"name":"Portada","item":"https:\/\/filmotecacantabria.es\/es\/inicio\/"},{"@type":"ListItem","position":2,"name":"Rodrigo Cort\u00e9s protagoniza este viernes un encuentro con el p\u00fablico en la Filmoteca de Cantabria"}]},{"@type":"WebSite","@id":"https:\/\/filmotecacantabria.es\/es\/#website","url":"https:\/\/filmotecacantabria.es\/es\/","name":"Filmoteca de Cantabria Mario Camus | Santander | Torrelavega | Regi\u00f3n","description":"Toda la programaci\u00f3n de las filmotecas de Cantabria Mario Camus.","publisher":{"@id":"https:\/\/filmotecacantabria.es\/es\/#organization"},"potentialAction":[{"@type":"SearchAction","target":{"@type":"EntryPoint","urlTemplate":"https:\/\/filmotecacantabria.es\/es\/?s={search_term_string}"},"query-input":"required name=search_term_string"}],"inLanguage":"es"},{"@type":"Organization","@id":"https:\/\/filmotecacantabria.es\/es\/#organization","name":"Filmoteca de Cantabria Mario Camus | Santander | Torrelavega | Regi\u00f3n","url":"https:\/\/filmotecacantabria.es\/es\/","sameAs":[],"logo":{"@type":"ImageObject","inLanguage":"es","@id":"https:\/\/filmotecacantabria.es\/es\/#\/schema\/logo\/image\/","url":"https:\/\/filmotecacantabria.es\/es\/wp-content\/uploads\/2021\/12\/logo-filmoteca-cantabria-1-mario-camus.png","contentUrl":"https:\/\/filmotecacantabria.es\/es\/wp-content\/uploads\/2021\/12\/logo-filmoteca-cantabria-1-mario-camus.png","width":170,"height":183,"caption":"Filmoteca de Cantabria Mario Camus | Santander | Torrelavega | Regi\u00f3n"},"image":{"@id":"https:\/\/filmotecacantabria.es\/es\/#\/schema\/logo\/image\/"}},{"@type":"Person","@id":"https:\/\/filmotecacantabria.es\/es\/#\/schema\/person\/86205b2ac543405aae888afb3afdb6d8","name":"belen.cordoba@srecd.es","image":{"@type":"ImageObject","inLanguage":"es","@id":"https:\/\/filmotecacantabria.es\/es\/#\/schema\/person\/image\/","url":"https:\/\/secure.gravatar.com\/avatar\/a185108474f14fc94f32f86115d60aeb?s=96&d=mm&r=g","contentUrl":"https:\/\/secure.gravatar.com\/avatar\/a185108474f14fc94f32f86115d60aeb?s=96&d=mm&r=g","caption":"belen.cordoba@srecd.es"}}]}},"_links":{"self":[{"href":"https:\/\/filmotecacantabria.es\/es\/wp-json\/wp\/v2\/posts\/4011"}],"collection":[{"href":"https:\/\/filmotecacantabria.es\/es\/wp-json\/wp\/v2\/posts"}],"about":[{"href":"https:\/\/filmotecacantabria.es\/es\/wp-json\/wp\/v2\/types\/post"}],"author":[{"embeddable":true,"href":"https:\/\/filmotecacantabria.es\/es\/wp-json\/wp\/v2\/users\/11"}],"replies":[{"embeddable":true,"href":"https:\/\/filmotecacantabria.es\/es\/wp-json\/wp\/v2\/comments?post=4011"}],"version-history":[{"count":2,"href":"https:\/\/filmotecacantabria.es\/es\/wp-json\/wp\/v2\/posts\/4011\/revisions"}],"predecessor-version":[{"id":4014,"href":"https:\/\/filmotecacantabria.es\/es\/wp-json\/wp\/v2\/posts\/4011\/revisions\/4014"}],"wp:featuredmedia":[{"embeddable":true,"href":"https:\/\/filmotecacantabria.es\/es\/wp-json\/wp\/v2\/media\/4012"}],"wp:attachment":[{"href":"https:\/\/filmotecacantabria.es\/es\/wp-json\/wp\/v2\/media?parent=4011"}],"wp:term":[{"taxonomy":"category","embeddable":true,"href":"https:\/\/filmotecacantabria.es\/es\/wp-json\/wp\/v2\/categories?post=4011"},{"taxonomy":"post_tag","embeddable":true,"href":"https:\/\/filmotecacantabria.es\/es\/wp-json\/wp\/v2\/tags?post=4011"}],"curies":[{"name":"wp","href":"https:\/\/api.w.org\/{rel}","templated":true}]}}