{"id":3937,"date":"2024-06-03T10:40:24","date_gmt":"2024-06-03T08:40:24","guid":{"rendered":"https:\/\/filmotecacantabria.es\/es\/?p=3937"},"modified":"2024-06-03T10:40:24","modified_gmt":"2024-06-03T08:40:24","slug":"samu-fuentes-presenta-en-cantabria-el-8-de-junio-su-nueva-pelicula-los-ultimos-pastores","status":"publish","type":"post","link":"https:\/\/filmotecacantabria.es\/es\/samu-fuentes-presenta-en-cantabria-el-8-de-junio-su-nueva-pelicula-los-ultimos-pastores\/","title":{"rendered":"Samu Fuentes presenta en Cantabria el 8 de junio su nueva pel\u00edcula, \u2018Los \u00faltimos pastores\u2019"},"content":{"rendered":"<p><strong>Ser\u00e1 en el DCP31 que acoge la Filmoteca de Cantabria y que incluye charla y proyecci\u00f3n de un documental que profundiza en el ocaso de las labores de pastoreo en Picos de Europa <\/strong><\/p>\n<p><strong>Santander, 3 de junio de 2024.- <\/strong>La Consejer\u00eda de Cultura ha abierto hoy la inscripci\u00f3n para participar en nuevo Di\u00e1logo de Cine y Producci\u00f3n (DCP) que tendr\u00e1 como protagonista al cineasta asturiano Samu Fuentes el pr\u00f3ximo s\u00e1bado 8 de junio, a partir de las 17.30 horas.<\/p>\n<p>El realizador presentar\u00e1 as\u00ed en Cantabria su nueva pel\u00edcula, \u2018Los \u00faltimos pastores\u2019, un documental que profundiza en el ocaso de las labores del pastoreo en Picos de Europa y que proyectar\u00e1 la sala de la calle Bonifaz tras una charla impartida por Fuentes.<\/p>\n<p>En la que ser\u00e1 ya la jornada DCP31, titulada \u2018C\u00f3mo rodar entre lobos y pastores\u2019, el director de cine explicar\u00e1, entre otras cosas, la exigencia f\u00edsica y t\u00e9cnica de filmar en diferentes momentos del a\u00f1o en un entorno como el de los Picos de Europa.<\/p>\n<p>Durante el encuentro, Fuentes proyectar\u00e1 el making of de su pel\u00edcula y les explicar\u00e1 las vicisitudes que tuvo que afrontar el equipo para poder llevar a cabo el rodaje.<\/p>\n<p>Galardonado con dos premios en la \u00faltima edici\u00f3n del Festival Internacional de Cine de Gij\u00f3n (FICX), \u2018Los \u00faltimos pastores\u2019 se centra en el d\u00eda a d\u00eda de los hermanos Fernando y Manolo Mier, con quienes Samu Fuentes contact\u00f3 durante la preparaci\u00f3n de \u2018Bajo la piel de lobo\u2019, estrenada en 2018.<\/p>\n<p>Los hermanos Mier, \u00faltimos representantes de una estirpe de pastores, asisten al ocaso de su forma de vida, acosados por los cambios tecnol\u00f3gicos y sociales que est\u00e1n provocando el despoblamiento de las zonas rurales y penalizados por una legislaci\u00f3n que les desprotege frente a los ataques del lobo a su ganado.<\/p>\n<p>Para preparar el rol del protagonista del filme, un alima\u00f1ero que vive en las monta\u00f1as, el cineasta y el actor protagonista, Mario Casas, estuvieron conviviendo algunos d\u00edas con los dos pastores, un contacto que marc\u00f3 a Fuentes y que quiso plasmar su vida en un documental.<\/p>\n<p>Para completar el rodaje, el cineasta y su equipo estuvieron durante un a\u00f1o yendo a rodar a las caba\u00f1as de los Mier, en la majada de Tord\u00edn y las invernales de Vierru, una zona de dif\u00edcil acceso y sin suministro el\u00e9ctrico.<\/p>\n<p>Las plazas para el DCP31 son limitadas y la inscripci\u00f3n, que es gratuita, se puede hacer a trav\u00e9s de la web de la Filmoteca de Cantabria Mario Camus.<\/p>\n<p>La jornada se integra, adem\u00e1s, en la presentaci\u00f3n en Cantabria de \u2018Los \u00faltimos pastores\u2019, que se proyectar\u00e1 el 7 y el 8 de junio, a partir de las 20.00 horas y con presentaci\u00f3n del propio Samu Fuentes.<\/p>\n<p>El documental se podr\u00e1 ver tambi\u00e9n en la Casa de Cultura de Torrelavega, en concreto, el domingo 9 de junio, a partir de las 19.00 horas.<\/p>\n<p><strong>Samu Fuentes<\/strong><\/p>\n<p>Samu Fuentes (Nore\u00f1a, 1972) comenz\u00f3 su carrera con el documental \u2018Miraflores\u2019, centrado en el d\u00eda a d\u00eda de un centro de acogida de menores.<\/p>\n<p>Ha trabajado en los equipos de direcci\u00f3n y producci\u00f3n de numerosas pel\u00edculas como \u2018La torre de Suso\u2019, \u2018Oviedo Express\u2019, \u2018Cenizas del cielo\u2019, \u2018Para qu\u00e9 sirve un oso\u2019, \u2018Vicky, Cristina, Barcelona\u2019 o \u2018El secreto de Marrowbone\u2019.<\/p>\n<p>Su nueva pel\u00edcula, \u2018Los \u00faltimos pastores\u2019, se present\u00f3 en noviembre 2023 en la Secci\u00f3n Oficial Retueyos del 61 FICX, d\u00f3nde gan\u00f3 el Premio RTPA a Mejor Pel\u00edcula Asturiana y una menci\u00f3n especial del jurado Premio Dama al Mejor Guion de Pel\u00edcula Espa\u00f1ola.<\/p>\n","protected":false},"excerpt":{"rendered":"<p>Ser\u00e1 en el DCP31 que acoge la Filmoteca de Cantabria y que incluye charla y proyecci\u00f3n de un documental que profundiza en el ocaso de las labores de pastoreo en Picos de Europa Santander, 3 de junio de 2024.- La Consejer\u00eda de Cultura ha abierto hoy la inscripci\u00f3n para participar en nuevo Di\u00e1logo de Cine [&hellip;]<\/p>\n","protected":false},"author":11,"featured_media":3938,"comment_status":"closed","ping_status":"closed","sticky":false,"template":"","format":"standard","meta":{"inline_featured_image":false,"footnotes":""},"categories":[4],"tags":[],"class_list":["post-3937","post","type-post","status-publish","format-standard","has-post-thumbnail","hentry","category-noticias"],"yoast_head":"<!-- This site is optimized with the Yoast SEO plugin v19.6.1 - https:\/\/yoast.com\/wordpress\/plugins\/seo\/ -->\n<title>Samu Fuentes presenta en Cantabria el 8 de junio su nueva pel\u00edcula, \u2018Los \u00faltimos pastores\u2019 - Filmoteca de Cantabria Mario Camus | Santander | Torrelavega | Regi\u00f3n<\/title>\n<meta name=\"robots\" content=\"index, follow, max-snippet:-1, max-image-preview:large, max-video-preview:-1\" \/>\n<link rel=\"canonical\" href=\"https:\/\/filmotecacantabria.es\/es\/samu-fuentes-presenta-en-cantabria-el-8-de-junio-su-nueva-pelicula-los-ultimos-pastores\/\" \/>\n<meta property=\"og:locale\" content=\"es_ES\" \/>\n<meta property=\"og:type\" content=\"article\" \/>\n<meta property=\"og:title\" content=\"Samu Fuentes presenta en Cantabria el 8 de junio su nueva pel\u00edcula, \u2018Los \u00faltimos pastores\u2019 - Filmoteca de Cantabria Mario Camus | Santander | Torrelavega | Regi\u00f3n\" \/>\n<meta property=\"og:description\" content=\"Ser\u00e1 en el DCP31 que acoge la Filmoteca de Cantabria y que incluye charla y proyecci\u00f3n de un documental que profundiza en el ocaso de las labores de pastoreo en Picos de Europa Santander, 3 de junio de 2024.- La Consejer\u00eda de Cultura ha abierto hoy la inscripci\u00f3n para participar en nuevo Di\u00e1logo de Cine [&hellip;]\" \/>\n<meta property=\"og:url\" content=\"https:\/\/filmotecacantabria.es\/es\/samu-fuentes-presenta-en-cantabria-el-8-de-junio-su-nueva-pelicula-los-ultimos-pastores\/\" \/>\n<meta property=\"og:site_name\" content=\"Filmoteca de Cantabria Mario Camus | Santander | Torrelavega | Regi\u00f3n\" \/>\n<meta property=\"article:published_time\" content=\"2024-06-03T08:40:24+00:00\" \/>\n<meta property=\"og:image\" content=\"https:\/\/filmotecacantabria.es\/es\/wp-content\/uploads\/2024\/06\/samu.jpg\" \/>\n\t<meta property=\"og:image:width\" content=\"1363\" \/>\n\t<meta property=\"og:image:height\" content=\"2048\" \/>\n\t<meta property=\"og:image:type\" content=\"image\/jpeg\" \/>\n<meta name=\"author\" content=\"belen.cordoba@srecd.es\" \/>\n<meta name=\"twitter:card\" content=\"summary_large_image\" \/>\n<meta name=\"twitter:label1\" content=\"Escrito por\" \/>\n\t<meta name=\"twitter:data1\" content=\"belen.cordoba@srecd.es\" \/>\n\t<meta name=\"twitter:label2\" content=\"Tiempo de lectura\" \/>\n\t<meta name=\"twitter:data2\" content=\"3 minutos\" \/>\n<script type=\"application\/ld+json\" class=\"yoast-schema-graph\">{\"@context\":\"https:\/\/schema.org\",\"@graph\":[{\"@type\":\"Article\",\"@id\":\"https:\/\/filmotecacantabria.es\/es\/samu-fuentes-presenta-en-cantabria-el-8-de-junio-su-nueva-pelicula-los-ultimos-pastores\/#article\",\"isPartOf\":{\"@id\":\"https:\/\/filmotecacantabria.es\/es\/samu-fuentes-presenta-en-cantabria-el-8-de-junio-su-nueva-pelicula-los-ultimos-pastores\/\"},\"author\":{\"name\":\"belen.cordoba@srecd.es\",\"@id\":\"https:\/\/filmotecacantabria.es\/es\/#\/schema\/person\/86205b2ac543405aae888afb3afdb6d8\"},\"headline\":\"Samu Fuentes presenta en Cantabria el 8 de junio su nueva pel\u00edcula, \u2018Los \u00faltimos pastores\u2019\",\"datePublished\":\"2024-06-03T08:40:24+00:00\",\"dateModified\":\"2024-06-03T08:40:24+00:00\",\"mainEntityOfPage\":{\"@id\":\"https:\/\/filmotecacantabria.es\/es\/samu-fuentes-presenta-en-cantabria-el-8-de-junio-su-nueva-pelicula-los-ultimos-pastores\/\"},\"wordCount\":629,\"publisher\":{\"@id\":\"https:\/\/filmotecacantabria.es\/es\/#organization\"},\"articleSection\":[\"Noticias\"],\"inLanguage\":\"es\"},{\"@type\":\"WebPage\",\"@id\":\"https:\/\/filmotecacantabria.es\/es\/samu-fuentes-presenta-en-cantabria-el-8-de-junio-su-nueva-pelicula-los-ultimos-pastores\/\",\"url\":\"https:\/\/filmotecacantabria.es\/es\/samu-fuentes-presenta-en-cantabria-el-8-de-junio-su-nueva-pelicula-los-ultimos-pastores\/\",\"name\":\"Samu Fuentes presenta en Cantabria el 8 de junio su nueva pel\u00edcula, \u2018Los \u00faltimos pastores\u2019 - Filmoteca de Cantabria Mario Camus | Santander | Torrelavega | Regi\u00f3n\",\"isPartOf\":{\"@id\":\"https:\/\/filmotecacantabria.es\/es\/#website\"},\"datePublished\":\"2024-06-03T08:40:24+00:00\",\"dateModified\":\"2024-06-03T08:40:24+00:00\",\"breadcrumb\":{\"@id\":\"https:\/\/filmotecacantabria.es\/es\/samu-fuentes-presenta-en-cantabria-el-8-de-junio-su-nueva-pelicula-los-ultimos-pastores\/#breadcrumb\"},\"inLanguage\":\"es\",\"potentialAction\":[{\"@type\":\"ReadAction\",\"target\":[\"https:\/\/filmotecacantabria.es\/es\/samu-fuentes-presenta-en-cantabria-el-8-de-junio-su-nueva-pelicula-los-ultimos-pastores\/\"]}]},{\"@type\":\"BreadcrumbList\",\"@id\":\"https:\/\/filmotecacantabria.es\/es\/samu-fuentes-presenta-en-cantabria-el-8-de-junio-su-nueva-pelicula-los-ultimos-pastores\/#breadcrumb\",\"itemListElement\":[{\"@type\":\"ListItem\",\"position\":1,\"name\":\"Portada\",\"item\":\"https:\/\/filmotecacantabria.es\/es\/inicio\/\"},{\"@type\":\"ListItem\",\"position\":2,\"name\":\"Samu Fuentes presenta en Cantabria el 8 de junio su nueva pel\u00edcula, \u2018Los \u00faltimos pastores\u2019\"}]},{\"@type\":\"WebSite\",\"@id\":\"https:\/\/filmotecacantabria.es\/es\/#website\",\"url\":\"https:\/\/filmotecacantabria.es\/es\/\",\"name\":\"Filmoteca de Cantabria Mario Camus | Santander | Torrelavega | Regi\u00f3n\",\"description\":\"Toda la programaci\u00f3n de las filmotecas de Cantabria Mario Camus.\",\"publisher\":{\"@id\":\"https:\/\/filmotecacantabria.es\/es\/#organization\"},\"potentialAction\":[{\"@type\":\"SearchAction\",\"target\":{\"@type\":\"EntryPoint\",\"urlTemplate\":\"https:\/\/filmotecacantabria.es\/es\/?s={search_term_string}\"},\"query-input\":\"required name=search_term_string\"}],\"inLanguage\":\"es\"},{\"@type\":\"Organization\",\"@id\":\"https:\/\/filmotecacantabria.es\/es\/#organization\",\"name\":\"Filmoteca de Cantabria Mario Camus | Santander | Torrelavega | Regi\u00f3n\",\"url\":\"https:\/\/filmotecacantabria.es\/es\/\",\"sameAs\":[],\"logo\":{\"@type\":\"ImageObject\",\"inLanguage\":\"es\",\"@id\":\"https:\/\/filmotecacantabria.es\/es\/#\/schema\/logo\/image\/\",\"url\":\"https:\/\/filmotecacantabria.es\/es\/wp-content\/uploads\/2021\/12\/logo-filmoteca-cantabria-1-mario-camus.png\",\"contentUrl\":\"https:\/\/filmotecacantabria.es\/es\/wp-content\/uploads\/2021\/12\/logo-filmoteca-cantabria-1-mario-camus.png\",\"width\":170,\"height\":183,\"caption\":\"Filmoteca de Cantabria Mario Camus | Santander | Torrelavega | Regi\u00f3n\"},\"image\":{\"@id\":\"https:\/\/filmotecacantabria.es\/es\/#\/schema\/logo\/image\/\"}},{\"@type\":\"Person\",\"@id\":\"https:\/\/filmotecacantabria.es\/es\/#\/schema\/person\/86205b2ac543405aae888afb3afdb6d8\",\"name\":\"belen.cordoba@srecd.es\",\"image\":{\"@type\":\"ImageObject\",\"inLanguage\":\"es\",\"@id\":\"https:\/\/filmotecacantabria.es\/es\/#\/schema\/person\/image\/\",\"url\":\"https:\/\/secure.gravatar.com\/avatar\/a185108474f14fc94f32f86115d60aeb?s=96&d=mm&r=g\",\"contentUrl\":\"https:\/\/secure.gravatar.com\/avatar\/a185108474f14fc94f32f86115d60aeb?s=96&d=mm&r=g\",\"caption\":\"belen.cordoba@srecd.es\"}}]}<\/script>\n<!-- \/ Yoast SEO plugin. -->","yoast_head_json":{"title":"Samu Fuentes presenta en Cantabria el 8 de junio su nueva pel\u00edcula, \u2018Los \u00faltimos pastores\u2019 - Filmoteca de Cantabria Mario Camus | Santander | Torrelavega | Regi\u00f3n","robots":{"index":"index","follow":"follow","max-snippet":"max-snippet:-1","max-image-preview":"max-image-preview:large","max-video-preview":"max-video-preview:-1"},"canonical":"https:\/\/filmotecacantabria.es\/es\/samu-fuentes-presenta-en-cantabria-el-8-de-junio-su-nueva-pelicula-los-ultimos-pastores\/","og_locale":"es_ES","og_type":"article","og_title":"Samu Fuentes presenta en Cantabria el 8 de junio su nueva pel\u00edcula, \u2018Los \u00faltimos pastores\u2019 - Filmoteca de Cantabria Mario Camus | Santander | Torrelavega | Regi\u00f3n","og_description":"Ser\u00e1 en el DCP31 que acoge la Filmoteca de Cantabria y que incluye charla y proyecci\u00f3n de un documental que profundiza en el ocaso de las labores de pastoreo en Picos de Europa Santander, 3 de junio de 2024.- La Consejer\u00eda de Cultura ha abierto hoy la inscripci\u00f3n para participar en nuevo Di\u00e1logo de Cine [&hellip;]","og_url":"https:\/\/filmotecacantabria.es\/es\/samu-fuentes-presenta-en-cantabria-el-8-de-junio-su-nueva-pelicula-los-ultimos-pastores\/","og_site_name":"Filmoteca de Cantabria Mario Camus | Santander | Torrelavega | Regi\u00f3n","article_published_time":"2024-06-03T08:40:24+00:00","og_image":[{"width":1363,"height":2048,"url":"https:\/\/filmotecacantabria.es\/es\/wp-content\/uploads\/2024\/06\/samu.jpg","type":"image\/jpeg"}],"author":"belen.cordoba@srecd.es","twitter_card":"summary_large_image","twitter_misc":{"Escrito por":"belen.cordoba@srecd.es","Tiempo de lectura":"3 minutos"},"schema":{"@context":"https:\/\/schema.org","@graph":[{"@type":"Article","@id":"https:\/\/filmotecacantabria.es\/es\/samu-fuentes-presenta-en-cantabria-el-8-de-junio-su-nueva-pelicula-los-ultimos-pastores\/#article","isPartOf":{"@id":"https:\/\/filmotecacantabria.es\/es\/samu-fuentes-presenta-en-cantabria-el-8-de-junio-su-nueva-pelicula-los-ultimos-pastores\/"},"author":{"name":"belen.cordoba@srecd.es","@id":"https:\/\/filmotecacantabria.es\/es\/#\/schema\/person\/86205b2ac543405aae888afb3afdb6d8"},"headline":"Samu Fuentes presenta en Cantabria el 8 de junio su nueva pel\u00edcula, \u2018Los \u00faltimos pastores\u2019","datePublished":"2024-06-03T08:40:24+00:00","dateModified":"2024-06-03T08:40:24+00:00","mainEntityOfPage":{"@id":"https:\/\/filmotecacantabria.es\/es\/samu-fuentes-presenta-en-cantabria-el-8-de-junio-su-nueva-pelicula-los-ultimos-pastores\/"},"wordCount":629,"publisher":{"@id":"https:\/\/filmotecacantabria.es\/es\/#organization"},"articleSection":["Noticias"],"inLanguage":"es"},{"@type":"WebPage","@id":"https:\/\/filmotecacantabria.es\/es\/samu-fuentes-presenta-en-cantabria-el-8-de-junio-su-nueva-pelicula-los-ultimos-pastores\/","url":"https:\/\/filmotecacantabria.es\/es\/samu-fuentes-presenta-en-cantabria-el-8-de-junio-su-nueva-pelicula-los-ultimos-pastores\/","name":"Samu Fuentes presenta en Cantabria el 8 de junio su nueva pel\u00edcula, \u2018Los \u00faltimos pastores\u2019 - Filmoteca de Cantabria Mario Camus | Santander | Torrelavega | Regi\u00f3n","isPartOf":{"@id":"https:\/\/filmotecacantabria.es\/es\/#website"},"datePublished":"2024-06-03T08:40:24+00:00","dateModified":"2024-06-03T08:40:24+00:00","breadcrumb":{"@id":"https:\/\/filmotecacantabria.es\/es\/samu-fuentes-presenta-en-cantabria-el-8-de-junio-su-nueva-pelicula-los-ultimos-pastores\/#breadcrumb"},"inLanguage":"es","potentialAction":[{"@type":"ReadAction","target":["https:\/\/filmotecacantabria.es\/es\/samu-fuentes-presenta-en-cantabria-el-8-de-junio-su-nueva-pelicula-los-ultimos-pastores\/"]}]},{"@type":"BreadcrumbList","@id":"https:\/\/filmotecacantabria.es\/es\/samu-fuentes-presenta-en-cantabria-el-8-de-junio-su-nueva-pelicula-los-ultimos-pastores\/#breadcrumb","itemListElement":[{"@type":"ListItem","position":1,"name":"Portada","item":"https:\/\/filmotecacantabria.es\/es\/inicio\/"},{"@type":"ListItem","position":2,"name":"Samu Fuentes presenta en Cantabria el 8 de junio su nueva pel\u00edcula, \u2018Los \u00faltimos pastores\u2019"}]},{"@type":"WebSite","@id":"https:\/\/filmotecacantabria.es\/es\/#website","url":"https:\/\/filmotecacantabria.es\/es\/","name":"Filmoteca de Cantabria Mario Camus | Santander | Torrelavega | Regi\u00f3n","description":"Toda la programaci\u00f3n de las filmotecas de Cantabria Mario Camus.","publisher":{"@id":"https:\/\/filmotecacantabria.es\/es\/#organization"},"potentialAction":[{"@type":"SearchAction","target":{"@type":"EntryPoint","urlTemplate":"https:\/\/filmotecacantabria.es\/es\/?s={search_term_string}"},"query-input":"required name=search_term_string"}],"inLanguage":"es"},{"@type":"Organization","@id":"https:\/\/filmotecacantabria.es\/es\/#organization","name":"Filmoteca de Cantabria Mario Camus | Santander | Torrelavega | Regi\u00f3n","url":"https:\/\/filmotecacantabria.es\/es\/","sameAs":[],"logo":{"@type":"ImageObject","inLanguage":"es","@id":"https:\/\/filmotecacantabria.es\/es\/#\/schema\/logo\/image\/","url":"https:\/\/filmotecacantabria.es\/es\/wp-content\/uploads\/2021\/12\/logo-filmoteca-cantabria-1-mario-camus.png","contentUrl":"https:\/\/filmotecacantabria.es\/es\/wp-content\/uploads\/2021\/12\/logo-filmoteca-cantabria-1-mario-camus.png","width":170,"height":183,"caption":"Filmoteca de Cantabria Mario Camus | Santander | Torrelavega | Regi\u00f3n"},"image":{"@id":"https:\/\/filmotecacantabria.es\/es\/#\/schema\/logo\/image\/"}},{"@type":"Person","@id":"https:\/\/filmotecacantabria.es\/es\/#\/schema\/person\/86205b2ac543405aae888afb3afdb6d8","name":"belen.cordoba@srecd.es","image":{"@type":"ImageObject","inLanguage":"es","@id":"https:\/\/filmotecacantabria.es\/es\/#\/schema\/person\/image\/","url":"https:\/\/secure.gravatar.com\/avatar\/a185108474f14fc94f32f86115d60aeb?s=96&d=mm&r=g","contentUrl":"https:\/\/secure.gravatar.com\/avatar\/a185108474f14fc94f32f86115d60aeb?s=96&d=mm&r=g","caption":"belen.cordoba@srecd.es"}}]}},"_links":{"self":[{"href":"https:\/\/filmotecacantabria.es\/es\/wp-json\/wp\/v2\/posts\/3937"}],"collection":[{"href":"https:\/\/filmotecacantabria.es\/es\/wp-json\/wp\/v2\/posts"}],"about":[{"href":"https:\/\/filmotecacantabria.es\/es\/wp-json\/wp\/v2\/types\/post"}],"author":[{"embeddable":true,"href":"https:\/\/filmotecacantabria.es\/es\/wp-json\/wp\/v2\/users\/11"}],"replies":[{"embeddable":true,"href":"https:\/\/filmotecacantabria.es\/es\/wp-json\/wp\/v2\/comments?post=3937"}],"version-history":[{"count":2,"href":"https:\/\/filmotecacantabria.es\/es\/wp-json\/wp\/v2\/posts\/3937\/revisions"}],"predecessor-version":[{"id":3940,"href":"https:\/\/filmotecacantabria.es\/es\/wp-json\/wp\/v2\/posts\/3937\/revisions\/3940"}],"wp:featuredmedia":[{"embeddable":true,"href":"https:\/\/filmotecacantabria.es\/es\/wp-json\/wp\/v2\/media\/3938"}],"wp:attachment":[{"href":"https:\/\/filmotecacantabria.es\/es\/wp-json\/wp\/v2\/media?parent=3937"}],"wp:term":[{"taxonomy":"category","embeddable":true,"href":"https:\/\/filmotecacantabria.es\/es\/wp-json\/wp\/v2\/categories?post=3937"},{"taxonomy":"post_tag","embeddable":true,"href":"https:\/\/filmotecacantabria.es\/es\/wp-json\/wp\/v2\/tags?post=3937"}],"curies":[{"name":"wp","href":"https:\/\/api.w.org\/{rel}","templated":true}]}}