{"id":3920,"date":"2024-05-31T10:30:08","date_gmt":"2024-05-31T08:30:08","guid":{"rendered":"https:\/\/filmotecacantabria.es\/es\/?p=3920"},"modified":"2024-05-31T10:30:08","modified_gmt":"2024-05-31T08:30:08","slug":"dedicamos-en-junio-un-ciclo-homenaje-a-roger-corman-el-gran-maestro-de-la-serie-b","status":"publish","type":"post","link":"https:\/\/filmotecacantabria.es\/es\/dedicamos-en-junio-un-ciclo-homenaje-a-roger-corman-el-gran-maestro-de-la-serie-b\/","title":{"rendered":"Dedicamos en junio un ciclo homenaje a Roger Corman, el gran maestro de la serie B"},"content":{"rendered":"<p><strong>La sala de la calle Bonifaz acoger\u00e1 la presentaci\u00f3n en Cantabria de \u2018Los \u00faltimos pastores\u2019, el documental de Samu Fuentes que profundiza en la desaparici\u00f3n del pastoreo en Picos de Europa por el lobo<\/strong><\/p>\n<p><strong>Santander, 31 de mayo de 2024.- <\/strong>La Filmoteca de Cantabria Mario Camus dedicar\u00e1 este pr\u00f3ximo mes de junio un ciclo homenaje al director Roger Corman, recientemente fallecido y el gran maestro de la serie B, con un total de veinte proyecciones de diez de sus t\u00edtulos m\u00e1s significativos.<\/p>\n<p>As\u00ed, en colaboraci\u00f3n con Cine Infinito, se podr\u00e1n ver \u2018La ca\u00edda de la Casa Usher\u2019, \u2018La m\u00e1scara de la muerte roja\u2019, \u2018El cuervo\u2019 o \u2018El hombre con rayos X en los ojos\u2019, obras de culto de un realizador bajo cuya ala se formaron iconos como Francis Ford Coppola, Martin Scorsese o Jack Nicholson.<\/p>\n<p>Otro de los nombres propios de la programaci\u00f3n de junio es el de Samu Fuentes, que presentar\u00e1 al p\u00fablico c\u00e1ntabro \u2018Los \u00faltimos pastores\u2019, un documental que aborda la vida de los hermanos Fernando y Manolo Mier, que se dedican al pastoreo en los Picos de Europa.<\/p>\n<p>Premiada en el pasado Festival Internacional de Cine de Gij\u00f3n, esta pel\u00edcula trata, entre otras cuestiones, el impacto que la protecci\u00f3n del lobo tiene sobre las labores de pastoreo en el norte de Espa\u00f1a.<\/p>\n<p>Dentro de las colaboraciones que la Filmoteca de Cantabria Mario Camus lleva a cabo cada mes destaca la que, junto a la Direcci\u00f3n General de Juventud y a Cantabria Film Commission, permitir\u00e1 desarrollar una programaci\u00f3n espec\u00edfica los d\u00edas 22 y 23 de junio por el D\u00eda del Orgullo LGTBI+.<\/p>\n<p>En concreto, habr\u00e1 actividades, coloquios, mesas redondas y la proyecci\u00f3n de \u2018Alteritats\u2019 y \u2018Te estoy amando locamente\u2019, que contar\u00e1n el s\u00e1bado con presentaci\u00f3n a cargo de miembros del equipo de cada pel\u00edcula.<\/p>\n<p>Asimismo, en junio finalizar\u00e1 el ciclo dedicado al D\u00eda de Europa, iniciado el mes de mayo y organizado con la Direcci\u00f3n General de Fondos Europeos, con la proyecci\u00f3n de la \u2018Trilog\u00eda de los colores\u2019 de Krzystof Kieslowski, es decir, de \u2018Azul\u2019, \u2018Blanco\u2019 y \u2018Rojo\u2019.<\/p>\n<p>Tambi\u00e9n con Cine Infinito, la Filmoteca de Cantabriua ha previsto otro ciclo, en concreto, una retrospectiva de cinco pel\u00edculas de la cineasta Dorothy Arzner, la primera mujer realizadora del Hollywood cl\u00e1sico y que complet\u00f3 con \u00e9xito la transici\u00f3n del mudo al sonoro.<\/p>\n<p>Se proyectar\u00e1n cinco pel\u00edculas de su etapa sonora, entre ellas, \u2018Honor entre amantes\u2019 con Claudette Colbert y Fredric March y \u2018Hacia las alturas\u2019 con Katharine Hepburn.<\/p>\n<p>Asimismo, Cine Infinito traer\u00e1 a la sala de la calle Bonifaz un nuevo t\u00edtulo del ciclo \u2018Noches en vilo\u2019 que para este mes de junio es \u2018The UFO incident\u2019, pel\u00edcula dirigida por Richard A. Colla en 1975 que analiza la presunta abducci\u00f3n de un matrimonio por una raza alien\u00edgena.<\/p>\n<p>La otra asociaci\u00f3n con la que la Filmoteca colabora de forma continuada es La llave azul, que presentar\u00e1 el 20 de junio, a las 20.00 horas, con presentaci\u00f3n y debate posterior a la proyecci\u00f3n, la pel\u00edcula \u2018El \u00faltimo late night\u2019 de Cameron y Colin Cairnes.<\/p>\n<p>Premio al mejor guion en el Festival de Cine de Sitges, esta pel\u00edcula ha alcanzado notoriedad reciente tras ser recomendada en redes sociales por Stephen King, quien la define como \u201cabsolutamente brillante\u201d y reconoce que no hab\u00eda podido apartar los ojos de la pantalla durante toda la sesi\u00f3n.<\/p>\n<p>Adem\u00e1s, como pre\u00e1mbulo a la Feria del Libro de Santander y Cantabria (FELISA) y en colaboraci\u00f3n con ella, este mes de junio se proyectar\u00e1 un ciclo centrado en pel\u00edculas dist\u00f3picas que parten de adaptaciones literarias.<\/p>\n<p>&nbsp;<\/p>\n<p>As\u00ed, se podr\u00e1n ver la adaptaci\u00f3n de \u20181984\u2019 realizada por Michael Radford, \u2018La hora final\u2019 de Stanley Kramer, \u2018Hijos de los hombres\u2019 de Alfonso Cuar\u00f3n y \u2018Akira\u2019, el m\u00edtico anime de Katsuhiro Otomo.<\/p>\n<p>&nbsp;<\/p>\n<p>Completan la programaci\u00f3n de junio dos sesiones de Filmoteca Junior, con las dos primeras entregas de la saga \u2018Trolls\u2019 y una nueva tanda del ciclo \u2018Joyas del cine turco\u2019, coorganizado con el instituto Yunus Emre, entre las que destaca \u2018\u00c9rase una vez en Anatolia\u2019 de Nuri Bilge Ceylan, gran premio del jurado del Festival de Cine de Cannes de 2011.<\/p>\n","protected":false},"excerpt":{"rendered":"<p>La sala de la calle Bonifaz acoger\u00e1 la presentaci\u00f3n en Cantabria de \u2018Los \u00faltimos pastores\u2019, el documental de Samu Fuentes que profundiza en la desaparici\u00f3n del pastoreo en Picos de Europa por el lobo Santander, 31 de mayo de 2024.- La Filmoteca de Cantabria Mario Camus dedicar\u00e1 este pr\u00f3ximo mes de junio un ciclo homenaje [&hellip;]<\/p>\n","protected":false},"author":11,"featured_media":3921,"comment_status":"closed","ping_status":"closed","sticky":false,"template":"","format":"standard","meta":{"inline_featured_image":false,"footnotes":""},"categories":[4],"tags":[],"class_list":["post-3920","post","type-post","status-publish","format-standard","has-post-thumbnail","hentry","category-noticias"],"yoast_head":"<!-- This site is optimized with the Yoast SEO plugin v19.6.1 - https:\/\/yoast.com\/wordpress\/plugins\/seo\/ -->\n<title>Dedicamos en junio un ciclo homenaje a Roger Corman, el gran maestro de la serie B - Filmoteca de Cantabria Mario Camus | Santander | Torrelavega | Regi\u00f3n<\/title>\n<meta name=\"robots\" content=\"index, follow, max-snippet:-1, max-image-preview:large, max-video-preview:-1\" \/>\n<link rel=\"canonical\" href=\"https:\/\/filmotecacantabria.es\/es\/dedicamos-en-junio-un-ciclo-homenaje-a-roger-corman-el-gran-maestro-de-la-serie-b\/\" \/>\n<meta property=\"og:locale\" content=\"es_ES\" \/>\n<meta property=\"og:type\" content=\"article\" \/>\n<meta property=\"og:title\" content=\"Dedicamos en junio un ciclo homenaje a Roger Corman, el gran maestro de la serie B - Filmoteca de Cantabria Mario Camus | Santander | Torrelavega | Regi\u00f3n\" \/>\n<meta property=\"og:description\" content=\"La sala de la calle Bonifaz acoger\u00e1 la presentaci\u00f3n en Cantabria de \u2018Los \u00faltimos pastores\u2019, el documental de Samu Fuentes que profundiza en la desaparici\u00f3n del pastoreo en Picos de Europa por el lobo Santander, 31 de mayo de 2024.- La Filmoteca de Cantabria Mario Camus dedicar\u00e1 este pr\u00f3ximo mes de junio un ciclo homenaje [&hellip;]\" \/>\n<meta property=\"og:url\" content=\"https:\/\/filmotecacantabria.es\/es\/dedicamos-en-junio-un-ciclo-homenaje-a-roger-corman-el-gran-maestro-de-la-serie-b\/\" \/>\n<meta property=\"og:site_name\" content=\"Filmoteca de Cantabria Mario Camus | Santander | Torrelavega | Regi\u00f3n\" \/>\n<meta property=\"article:published_time\" content=\"2024-05-31T08:30:08+00:00\" \/>\n<meta property=\"og:image\" content=\"https:\/\/filmotecacantabria.es\/es\/wp-content\/uploads\/2024\/05\/trilogia-tres-colores1-2.jpeg\" \/>\n\t<meta property=\"og:image:width\" content=\"1925\" \/>\n\t<meta property=\"og:image:height\" content=\"931\" \/>\n\t<meta property=\"og:image:type\" content=\"image\/jpeg\" \/>\n<meta name=\"author\" content=\"belen.cordoba@srecd.es\" \/>\n<meta name=\"twitter:card\" content=\"summary_large_image\" \/>\n<meta name=\"twitter:label1\" content=\"Escrito por\" \/>\n\t<meta name=\"twitter:data1\" content=\"belen.cordoba@srecd.es\" \/>\n\t<meta name=\"twitter:label2\" content=\"Tiempo de lectura\" \/>\n\t<meta name=\"twitter:data2\" content=\"4 minutos\" \/>\n<script type=\"application\/ld+json\" class=\"yoast-schema-graph\">{\"@context\":\"https:\/\/schema.org\",\"@graph\":[{\"@type\":\"Article\",\"@id\":\"https:\/\/filmotecacantabria.es\/es\/dedicamos-en-junio-un-ciclo-homenaje-a-roger-corman-el-gran-maestro-de-la-serie-b\/#article\",\"isPartOf\":{\"@id\":\"https:\/\/filmotecacantabria.es\/es\/dedicamos-en-junio-un-ciclo-homenaje-a-roger-corman-el-gran-maestro-de-la-serie-b\/\"},\"author\":{\"name\":\"belen.cordoba@srecd.es\",\"@id\":\"https:\/\/filmotecacantabria.es\/es\/#\/schema\/person\/86205b2ac543405aae888afb3afdb6d8\"},\"headline\":\"Dedicamos en junio un ciclo homenaje a Roger Corman, el gran maestro de la serie B\",\"datePublished\":\"2024-05-31T08:30:08+00:00\",\"dateModified\":\"2024-05-31T08:30:08+00:00\",\"mainEntityOfPage\":{\"@id\":\"https:\/\/filmotecacantabria.es\/es\/dedicamos-en-junio-un-ciclo-homenaje-a-roger-corman-el-gran-maestro-de-la-serie-b\/\"},\"wordCount\":745,\"publisher\":{\"@id\":\"https:\/\/filmotecacantabria.es\/es\/#organization\"},\"articleSection\":[\"Noticias\"],\"inLanguage\":\"es\"},{\"@type\":\"WebPage\",\"@id\":\"https:\/\/filmotecacantabria.es\/es\/dedicamos-en-junio-un-ciclo-homenaje-a-roger-corman-el-gran-maestro-de-la-serie-b\/\",\"url\":\"https:\/\/filmotecacantabria.es\/es\/dedicamos-en-junio-un-ciclo-homenaje-a-roger-corman-el-gran-maestro-de-la-serie-b\/\",\"name\":\"Dedicamos en junio un ciclo homenaje a Roger Corman, el gran maestro de la serie B - Filmoteca de Cantabria Mario Camus | Santander | Torrelavega | Regi\u00f3n\",\"isPartOf\":{\"@id\":\"https:\/\/filmotecacantabria.es\/es\/#website\"},\"datePublished\":\"2024-05-31T08:30:08+00:00\",\"dateModified\":\"2024-05-31T08:30:08+00:00\",\"breadcrumb\":{\"@id\":\"https:\/\/filmotecacantabria.es\/es\/dedicamos-en-junio-un-ciclo-homenaje-a-roger-corman-el-gran-maestro-de-la-serie-b\/#breadcrumb\"},\"inLanguage\":\"es\",\"potentialAction\":[{\"@type\":\"ReadAction\",\"target\":[\"https:\/\/filmotecacantabria.es\/es\/dedicamos-en-junio-un-ciclo-homenaje-a-roger-corman-el-gran-maestro-de-la-serie-b\/\"]}]},{\"@type\":\"BreadcrumbList\",\"@id\":\"https:\/\/filmotecacantabria.es\/es\/dedicamos-en-junio-un-ciclo-homenaje-a-roger-corman-el-gran-maestro-de-la-serie-b\/#breadcrumb\",\"itemListElement\":[{\"@type\":\"ListItem\",\"position\":1,\"name\":\"Portada\",\"item\":\"https:\/\/filmotecacantabria.es\/es\/inicio\/\"},{\"@type\":\"ListItem\",\"position\":2,\"name\":\"Dedicamos en junio un ciclo homenaje a Roger Corman, el gran maestro de la serie B\"}]},{\"@type\":\"WebSite\",\"@id\":\"https:\/\/filmotecacantabria.es\/es\/#website\",\"url\":\"https:\/\/filmotecacantabria.es\/es\/\",\"name\":\"Filmoteca de Cantabria Mario Camus | Santander | Torrelavega | Regi\u00f3n\",\"description\":\"Toda la programaci\u00f3n de las filmotecas de Cantabria Mario Camus.\",\"publisher\":{\"@id\":\"https:\/\/filmotecacantabria.es\/es\/#organization\"},\"potentialAction\":[{\"@type\":\"SearchAction\",\"target\":{\"@type\":\"EntryPoint\",\"urlTemplate\":\"https:\/\/filmotecacantabria.es\/es\/?s={search_term_string}\"},\"query-input\":\"required name=search_term_string\"}],\"inLanguage\":\"es\"},{\"@type\":\"Organization\",\"@id\":\"https:\/\/filmotecacantabria.es\/es\/#organization\",\"name\":\"Filmoteca de Cantabria Mario Camus | Santander | Torrelavega | Regi\u00f3n\",\"url\":\"https:\/\/filmotecacantabria.es\/es\/\",\"sameAs\":[],\"logo\":{\"@type\":\"ImageObject\",\"inLanguage\":\"es\",\"@id\":\"https:\/\/filmotecacantabria.es\/es\/#\/schema\/logo\/image\/\",\"url\":\"https:\/\/filmotecacantabria.es\/es\/wp-content\/uploads\/2021\/12\/logo-filmoteca-cantabria-1-mario-camus.png\",\"contentUrl\":\"https:\/\/filmotecacantabria.es\/es\/wp-content\/uploads\/2021\/12\/logo-filmoteca-cantabria-1-mario-camus.png\",\"width\":170,\"height\":183,\"caption\":\"Filmoteca de Cantabria Mario Camus | Santander | Torrelavega | Regi\u00f3n\"},\"image\":{\"@id\":\"https:\/\/filmotecacantabria.es\/es\/#\/schema\/logo\/image\/\"}},{\"@type\":\"Person\",\"@id\":\"https:\/\/filmotecacantabria.es\/es\/#\/schema\/person\/86205b2ac543405aae888afb3afdb6d8\",\"name\":\"belen.cordoba@srecd.es\",\"image\":{\"@type\":\"ImageObject\",\"inLanguage\":\"es\",\"@id\":\"https:\/\/filmotecacantabria.es\/es\/#\/schema\/person\/image\/\",\"url\":\"https:\/\/secure.gravatar.com\/avatar\/a185108474f14fc94f32f86115d60aeb?s=96&d=mm&r=g\",\"contentUrl\":\"https:\/\/secure.gravatar.com\/avatar\/a185108474f14fc94f32f86115d60aeb?s=96&d=mm&r=g\",\"caption\":\"belen.cordoba@srecd.es\"}}]}<\/script>\n<!-- \/ Yoast SEO plugin. -->","yoast_head_json":{"title":"Dedicamos en junio un ciclo homenaje a Roger Corman, el gran maestro de la serie B - Filmoteca de Cantabria Mario Camus | Santander | Torrelavega | Regi\u00f3n","robots":{"index":"index","follow":"follow","max-snippet":"max-snippet:-1","max-image-preview":"max-image-preview:large","max-video-preview":"max-video-preview:-1"},"canonical":"https:\/\/filmotecacantabria.es\/es\/dedicamos-en-junio-un-ciclo-homenaje-a-roger-corman-el-gran-maestro-de-la-serie-b\/","og_locale":"es_ES","og_type":"article","og_title":"Dedicamos en junio un ciclo homenaje a Roger Corman, el gran maestro de la serie B - Filmoteca de Cantabria Mario Camus | Santander | Torrelavega | Regi\u00f3n","og_description":"La sala de la calle Bonifaz acoger\u00e1 la presentaci\u00f3n en Cantabria de \u2018Los \u00faltimos pastores\u2019, el documental de Samu Fuentes que profundiza en la desaparici\u00f3n del pastoreo en Picos de Europa por el lobo Santander, 31 de mayo de 2024.- La Filmoteca de Cantabria Mario Camus dedicar\u00e1 este pr\u00f3ximo mes de junio un ciclo homenaje [&hellip;]","og_url":"https:\/\/filmotecacantabria.es\/es\/dedicamos-en-junio-un-ciclo-homenaje-a-roger-corman-el-gran-maestro-de-la-serie-b\/","og_site_name":"Filmoteca de Cantabria Mario Camus | Santander | Torrelavega | Regi\u00f3n","article_published_time":"2024-05-31T08:30:08+00:00","og_image":[{"width":1925,"height":931,"url":"https:\/\/filmotecacantabria.es\/es\/wp-content\/uploads\/2024\/05\/trilogia-tres-colores1-2.jpeg","type":"image\/jpeg"}],"author":"belen.cordoba@srecd.es","twitter_card":"summary_large_image","twitter_misc":{"Escrito por":"belen.cordoba@srecd.es","Tiempo de lectura":"4 minutos"},"schema":{"@context":"https:\/\/schema.org","@graph":[{"@type":"Article","@id":"https:\/\/filmotecacantabria.es\/es\/dedicamos-en-junio-un-ciclo-homenaje-a-roger-corman-el-gran-maestro-de-la-serie-b\/#article","isPartOf":{"@id":"https:\/\/filmotecacantabria.es\/es\/dedicamos-en-junio-un-ciclo-homenaje-a-roger-corman-el-gran-maestro-de-la-serie-b\/"},"author":{"name":"belen.cordoba@srecd.es","@id":"https:\/\/filmotecacantabria.es\/es\/#\/schema\/person\/86205b2ac543405aae888afb3afdb6d8"},"headline":"Dedicamos en junio un ciclo homenaje a Roger Corman, el gran maestro de la serie B","datePublished":"2024-05-31T08:30:08+00:00","dateModified":"2024-05-31T08:30:08+00:00","mainEntityOfPage":{"@id":"https:\/\/filmotecacantabria.es\/es\/dedicamos-en-junio-un-ciclo-homenaje-a-roger-corman-el-gran-maestro-de-la-serie-b\/"},"wordCount":745,"publisher":{"@id":"https:\/\/filmotecacantabria.es\/es\/#organization"},"articleSection":["Noticias"],"inLanguage":"es"},{"@type":"WebPage","@id":"https:\/\/filmotecacantabria.es\/es\/dedicamos-en-junio-un-ciclo-homenaje-a-roger-corman-el-gran-maestro-de-la-serie-b\/","url":"https:\/\/filmotecacantabria.es\/es\/dedicamos-en-junio-un-ciclo-homenaje-a-roger-corman-el-gran-maestro-de-la-serie-b\/","name":"Dedicamos en junio un ciclo homenaje a Roger Corman, el gran maestro de la serie B - Filmoteca de Cantabria Mario Camus | Santander | Torrelavega | Regi\u00f3n","isPartOf":{"@id":"https:\/\/filmotecacantabria.es\/es\/#website"},"datePublished":"2024-05-31T08:30:08+00:00","dateModified":"2024-05-31T08:30:08+00:00","breadcrumb":{"@id":"https:\/\/filmotecacantabria.es\/es\/dedicamos-en-junio-un-ciclo-homenaje-a-roger-corman-el-gran-maestro-de-la-serie-b\/#breadcrumb"},"inLanguage":"es","potentialAction":[{"@type":"ReadAction","target":["https:\/\/filmotecacantabria.es\/es\/dedicamos-en-junio-un-ciclo-homenaje-a-roger-corman-el-gran-maestro-de-la-serie-b\/"]}]},{"@type":"BreadcrumbList","@id":"https:\/\/filmotecacantabria.es\/es\/dedicamos-en-junio-un-ciclo-homenaje-a-roger-corman-el-gran-maestro-de-la-serie-b\/#breadcrumb","itemListElement":[{"@type":"ListItem","position":1,"name":"Portada","item":"https:\/\/filmotecacantabria.es\/es\/inicio\/"},{"@type":"ListItem","position":2,"name":"Dedicamos en junio un ciclo homenaje a Roger Corman, el gran maestro de la serie B"}]},{"@type":"WebSite","@id":"https:\/\/filmotecacantabria.es\/es\/#website","url":"https:\/\/filmotecacantabria.es\/es\/","name":"Filmoteca de Cantabria Mario Camus | Santander | Torrelavega | Regi\u00f3n","description":"Toda la programaci\u00f3n de las filmotecas de Cantabria Mario Camus.","publisher":{"@id":"https:\/\/filmotecacantabria.es\/es\/#organization"},"potentialAction":[{"@type":"SearchAction","target":{"@type":"EntryPoint","urlTemplate":"https:\/\/filmotecacantabria.es\/es\/?s={search_term_string}"},"query-input":"required name=search_term_string"}],"inLanguage":"es"},{"@type":"Organization","@id":"https:\/\/filmotecacantabria.es\/es\/#organization","name":"Filmoteca de Cantabria Mario Camus | Santander | Torrelavega | Regi\u00f3n","url":"https:\/\/filmotecacantabria.es\/es\/","sameAs":[],"logo":{"@type":"ImageObject","inLanguage":"es","@id":"https:\/\/filmotecacantabria.es\/es\/#\/schema\/logo\/image\/","url":"https:\/\/filmotecacantabria.es\/es\/wp-content\/uploads\/2021\/12\/logo-filmoteca-cantabria-1-mario-camus.png","contentUrl":"https:\/\/filmotecacantabria.es\/es\/wp-content\/uploads\/2021\/12\/logo-filmoteca-cantabria-1-mario-camus.png","width":170,"height":183,"caption":"Filmoteca de Cantabria Mario Camus | Santander | Torrelavega | Regi\u00f3n"},"image":{"@id":"https:\/\/filmotecacantabria.es\/es\/#\/schema\/logo\/image\/"}},{"@type":"Person","@id":"https:\/\/filmotecacantabria.es\/es\/#\/schema\/person\/86205b2ac543405aae888afb3afdb6d8","name":"belen.cordoba@srecd.es","image":{"@type":"ImageObject","inLanguage":"es","@id":"https:\/\/filmotecacantabria.es\/es\/#\/schema\/person\/image\/","url":"https:\/\/secure.gravatar.com\/avatar\/a185108474f14fc94f32f86115d60aeb?s=96&d=mm&r=g","contentUrl":"https:\/\/secure.gravatar.com\/avatar\/a185108474f14fc94f32f86115d60aeb?s=96&d=mm&r=g","caption":"belen.cordoba@srecd.es"}}]}},"_links":{"self":[{"href":"https:\/\/filmotecacantabria.es\/es\/wp-json\/wp\/v2\/posts\/3920"}],"collection":[{"href":"https:\/\/filmotecacantabria.es\/es\/wp-json\/wp\/v2\/posts"}],"about":[{"href":"https:\/\/filmotecacantabria.es\/es\/wp-json\/wp\/v2\/types\/post"}],"author":[{"embeddable":true,"href":"https:\/\/filmotecacantabria.es\/es\/wp-json\/wp\/v2\/users\/11"}],"replies":[{"embeddable":true,"href":"https:\/\/filmotecacantabria.es\/es\/wp-json\/wp\/v2\/comments?post=3920"}],"version-history":[{"count":2,"href":"https:\/\/filmotecacantabria.es\/es\/wp-json\/wp\/v2\/posts\/3920\/revisions"}],"predecessor-version":[{"id":3923,"href":"https:\/\/filmotecacantabria.es\/es\/wp-json\/wp\/v2\/posts\/3920\/revisions\/3923"}],"wp:featuredmedia":[{"embeddable":true,"href":"https:\/\/filmotecacantabria.es\/es\/wp-json\/wp\/v2\/media\/3921"}],"wp:attachment":[{"href":"https:\/\/filmotecacantabria.es\/es\/wp-json\/wp\/v2\/media?parent=3920"}],"wp:term":[{"taxonomy":"category","embeddable":true,"href":"https:\/\/filmotecacantabria.es\/es\/wp-json\/wp\/v2\/categories?post=3920"},{"taxonomy":"post_tag","embeddable":true,"href":"https:\/\/filmotecacantabria.es\/es\/wp-json\/wp\/v2\/tags?post=3920"}],"curies":[{"name":"wp","href":"https:\/\/api.w.org\/{rel}","templated":true}]}}