{"id":3643,"date":"2023-11-30T10:42:15","date_gmt":"2023-11-30T09:42:15","guid":{"rendered":"https:\/\/filmotecacantabria.es\/es\/?p=3643"},"modified":"2023-11-30T10:42:15","modified_gmt":"2023-11-30T09:42:15","slug":"un-gran-ciclo-de-comedias-de-culto-centra-la-programacion-de-diciembre","status":"publish","type":"post","link":"https:\/\/filmotecacantabria.es\/es\/un-gran-ciclo-de-comedias-de-culto-centra-la-programacion-de-diciembre\/","title":{"rendered":"Un gran ciclo de comedias de culto centra la programaci\u00f3n de diciembre"},"content":{"rendered":"<p><strong>\u2018Risas de culto\u2019 incluye la proyecci\u00f3n de pel\u00edculas como \u2018El jovencito Frankenstein\u2019, \u2018La cena de los idiotas\u2019 o \u2018El hombre tranquilo\u2019 <\/strong><\/p>\n<p><strong>Santander, 30 de noviembre de 2023.- <\/strong>La Filmoteca de Cantabria Mario Camus despedir\u00e1 el a\u00f1o con un gran ciclo dedicado a la comedia que, bajo el nombre de \u2018Risas de culto\u2019, incluye pel\u00edculas de distintas \u00e9pocas y nacionalidades que cuentan con el reconocimiento incontestable de los cin\u00e9filos.<\/p>\n<p>En concreto, durante el mes de diciembre la sala c\u00e1ntabra de la calle Bonifaz proyectar\u00e1 la espa\u00f1ola \u2018La torre de los siete jorobados\u2019 de Edgar Neville, las francesas \u2018La kermesse heroica\u2019 y \u2018La cena de los idiotas\u2019 y la italiana \u2018La armada Brancaleone\u2019.<\/p>\n<p>A ellas se sumar\u00e1n dos t\u00edtulos memorables de la productora brit\u00e1nica Ealing como son \u2018Oro en barras\u2019 y \u2018Ocho sentencias de muerte\u2019, la tambi\u00e9n brit\u00e1nica \u2018Chitty Chitty Bang Bang\u2019 y las norteamericanas \u2018El jovencito Frankenstein\u2019 y \u2018El hombre tranquilo\u2019.<\/p>\n<p>El director de la Filmoteca de Cantabria, Christian Franco, ha explicado que este gran ciclo persigue transmitir optimismo a los usuarios de la sala de cara a despedir el a\u00f1o y dar la bienvenida al nuevo \u201ccon una buena dosis de risas\u201d.<\/p>\n<p>Tambi\u00e9n ha destacado que, como complemento a este especial de comedias de culto, se proyectar\u00e1 una d\u00e9cima pel\u00edcula de humor con \u201cla categor\u00eda de cl\u00e1sico\u201d.<\/p>\n<p>Se trata de \u2018Mi t\u00edo\u2019 de Jacques Tati y que forma parte del ciclo \u2018Cine y Arquitectura\u2019, organizado por el Colegio de Arquitectos de Cantabria y que incluye, adem\u00e1s, para el mes de diciembre tres pases de \u2018La ley de la calle\u2019, de Francis Ford Coppola.<\/p>\n<p>Por otra parte, en este nuevo mes se cerrar\u00e1 el ciclo dedicado al centenario de la productora Warner Bros. con la proyecci\u00f3n de \u2018El curioso caso de Benjamin Button\u2019.<\/p>\n<p>Asimismo, contin\u00faan los ciclos \u2018El alma de la \u00e9poca\u2019, con un \u00faltimo pase de \u2018Un tranv\u00eda llamado deseo\u2019, y \u2018Di\u00e1logos\u2019, que incluir\u00e1 proyecciones de \u2018El viaje fant\u00e1stico de Simbad\u2019.<\/p>\n<p>Una de ellas ser\u00e1 el 3 de diciembre, vinculada a la pel\u00edcula de animaci\u00f3n \u2018Simbad: la leyenda de los siete mares\u2019 que se ha programado tambi\u00e9n ese d\u00eda dentro de Filmoteca Junior, ciclo que incluye, adem\u00e1s, \u2018DC Liga de Supermascotas\u2019 y \u2018Chitty Chitty Bang Bang\u2019.<\/p>\n<p>En cuanto a la colaboraci\u00f3n mensual con la asociaci\u00f3n La llave azul, este mes supone la proyecci\u00f3n de \u2018La fuga del capit\u00e1n Volkonogov\u2019, una pel\u00edcula centrada en las purgas stalinistas que traza un estimulante di\u00e1logo con la actualidad.<\/p>\n<p>Adem\u00e1s, la Filmoteca de Cantabria acoger\u00e1 en diciembre otros cuatro pases especiales.<\/p>\n<p>I\u00f1aki Pinedo y Marcos Aldaco presentar\u00e1n el 14 de diciembre su documental \u2018En la l\u00ednea del horizonte\u2019 sobre el pintor c\u00e1ntabro Roberto Orallo. En el encuentro, con acceso libre hasta completar aforo, participar\u00e1 tambi\u00e9n el autor de la banda sonora, Gorka Hermosa, que interpretar\u00e1 algunas piezas para el p\u00fablico.<\/p>\n<p>Para el 13 de diciembre est\u00e1 previsto que Maite Vitoria Daneris presente su documental \u2018El lugar de las fresas\u2019 y esa misma semana, el d\u00eda 15 y con entrada gratuita se proyectar\u00e1 \u2018El abrazo del tiempo\u2019, un documental elaborado por los 40 a\u00f1os del grupo de teatro Atalaya.<\/p>\n<p>La cuarta sesi\u00f3n especial, que tendr\u00e1 lugar el 16 de diciembre tambi\u00e9n con acceso libre, estar\u00e1 protagonizada por un grupo de alumnos del Conservatorio Jes\u00fas de Monasterio de Santander, que pondr\u00e1n m\u00fasica en directo a tres cortometrajes de Man Ray: \u2018Emak-Baki\u2019, \u2018Retorno a la raz\u00f3n\u2019 y \u2018La estrella de mar\u2019.<\/p>\n","protected":false},"excerpt":{"rendered":"<p>\u2018Risas de culto\u2019 incluye la proyecci\u00f3n de pel\u00edculas como \u2018El jovencito Frankenstein\u2019, \u2018La cena de los idiotas\u2019 o \u2018El hombre tranquilo\u2019 Santander, 30 de noviembre de 2023.- La Filmoteca de Cantabria Mario Camus despedir\u00e1 el a\u00f1o con un gran ciclo dedicado a la comedia que, bajo el nombre de \u2018Risas de culto\u2019, incluye pel\u00edculas de [&hellip;]<\/p>\n","protected":false},"author":11,"featured_media":3644,"comment_status":"closed","ping_status":"closed","sticky":false,"template":"","format":"standard","meta":{"inline_featured_image":false,"footnotes":""},"categories":[4],"tags":[],"class_list":["post-3643","post","type-post","status-publish","format-standard","has-post-thumbnail","hentry","category-noticias"],"yoast_head":"<!-- This site is optimized with the Yoast SEO plugin v19.6.1 - https:\/\/yoast.com\/wordpress\/plugins\/seo\/ -->\n<title>Un gran ciclo de comedias de culto centra la programaci\u00f3n de diciembre - Filmoteca de Cantabria Mario Camus | Santander | Torrelavega | Regi\u00f3n<\/title>\n<meta name=\"robots\" content=\"index, follow, max-snippet:-1, max-image-preview:large, max-video-preview:-1\" \/>\n<link rel=\"canonical\" href=\"https:\/\/filmotecacantabria.es\/es\/un-gran-ciclo-de-comedias-de-culto-centra-la-programacion-de-diciembre\/\" \/>\n<meta property=\"og:locale\" content=\"es_ES\" \/>\n<meta property=\"og:type\" content=\"article\" \/>\n<meta property=\"og:title\" content=\"Un gran ciclo de comedias de culto centra la programaci\u00f3n de diciembre - Filmoteca de Cantabria Mario Camus | Santander | Torrelavega | Regi\u00f3n\" \/>\n<meta property=\"og:description\" content=\"\u2018Risas de culto\u2019 incluye la proyecci\u00f3n de pel\u00edculas como \u2018El jovencito Frankenstein\u2019, \u2018La cena de los idiotas\u2019 o \u2018El hombre tranquilo\u2019 Santander, 30 de noviembre de 2023.- La Filmoteca de Cantabria Mario Camus despedir\u00e1 el a\u00f1o con un gran ciclo dedicado a la comedia que, bajo el nombre de \u2018Risas de culto\u2019, incluye pel\u00edculas de [&hellip;]\" \/>\n<meta property=\"og:url\" content=\"https:\/\/filmotecacantabria.es\/es\/un-gran-ciclo-de-comedias-de-culto-centra-la-programacion-de-diciembre\/\" \/>\n<meta property=\"og:site_name\" content=\"Filmoteca de Cantabria Mario Camus | Santander | Torrelavega | Regi\u00f3n\" \/>\n<meta property=\"article:published_time\" content=\"2023-11-30T09:42:15+00:00\" \/>\n<meta property=\"og:image\" content=\"https:\/\/filmotecacantabria.es\/es\/wp-content\/uploads\/2023\/11\/ejf.png\" \/>\n\t<meta property=\"og:image:width\" content=\"640\" \/>\n\t<meta property=\"og:image:height\" content=\"427\" \/>\n\t<meta property=\"og:image:type\" content=\"image\/png\" \/>\n<meta name=\"author\" content=\"belen.cordoba@srecd.es\" \/>\n<meta name=\"twitter:card\" content=\"summary_large_image\" \/>\n<meta name=\"twitter:label1\" content=\"Escrito por\" \/>\n\t<meta name=\"twitter:data1\" content=\"belen.cordoba@srecd.es\" \/>\n\t<meta name=\"twitter:label2\" content=\"Tiempo de lectura\" \/>\n\t<meta name=\"twitter:data2\" content=\"3 minutos\" \/>\n<script type=\"application\/ld+json\" class=\"yoast-schema-graph\">{\"@context\":\"https:\/\/schema.org\",\"@graph\":[{\"@type\":\"Article\",\"@id\":\"https:\/\/filmotecacantabria.es\/es\/un-gran-ciclo-de-comedias-de-culto-centra-la-programacion-de-diciembre\/#article\",\"isPartOf\":{\"@id\":\"https:\/\/filmotecacantabria.es\/es\/un-gran-ciclo-de-comedias-de-culto-centra-la-programacion-de-diciembre\/\"},\"author\":{\"name\":\"belen.cordoba@srecd.es\",\"@id\":\"https:\/\/filmotecacantabria.es\/es\/#\/schema\/person\/86205b2ac543405aae888afb3afdb6d8\"},\"headline\":\"Un gran ciclo de comedias de culto centra la programaci\u00f3n de diciembre\",\"datePublished\":\"2023-11-30T09:42:15+00:00\",\"dateModified\":\"2023-11-30T09:42:15+00:00\",\"mainEntityOfPage\":{\"@id\":\"https:\/\/filmotecacantabria.es\/es\/un-gran-ciclo-de-comedias-de-culto-centra-la-programacion-de-diciembre\/\"},\"wordCount\":620,\"publisher\":{\"@id\":\"https:\/\/filmotecacantabria.es\/es\/#organization\"},\"articleSection\":[\"Noticias\"],\"inLanguage\":\"es\"},{\"@type\":\"WebPage\",\"@id\":\"https:\/\/filmotecacantabria.es\/es\/un-gran-ciclo-de-comedias-de-culto-centra-la-programacion-de-diciembre\/\",\"url\":\"https:\/\/filmotecacantabria.es\/es\/un-gran-ciclo-de-comedias-de-culto-centra-la-programacion-de-diciembre\/\",\"name\":\"Un gran ciclo de comedias de culto centra la programaci\u00f3n de diciembre - Filmoteca de Cantabria Mario Camus | Santander | Torrelavega | Regi\u00f3n\",\"isPartOf\":{\"@id\":\"https:\/\/filmotecacantabria.es\/es\/#website\"},\"datePublished\":\"2023-11-30T09:42:15+00:00\",\"dateModified\":\"2023-11-30T09:42:15+00:00\",\"breadcrumb\":{\"@id\":\"https:\/\/filmotecacantabria.es\/es\/un-gran-ciclo-de-comedias-de-culto-centra-la-programacion-de-diciembre\/#breadcrumb\"},\"inLanguage\":\"es\",\"potentialAction\":[{\"@type\":\"ReadAction\",\"target\":[\"https:\/\/filmotecacantabria.es\/es\/un-gran-ciclo-de-comedias-de-culto-centra-la-programacion-de-diciembre\/\"]}]},{\"@type\":\"BreadcrumbList\",\"@id\":\"https:\/\/filmotecacantabria.es\/es\/un-gran-ciclo-de-comedias-de-culto-centra-la-programacion-de-diciembre\/#breadcrumb\",\"itemListElement\":[{\"@type\":\"ListItem\",\"position\":1,\"name\":\"Portada\",\"item\":\"https:\/\/filmotecacantabria.es\/es\/inicio\/\"},{\"@type\":\"ListItem\",\"position\":2,\"name\":\"Un gran ciclo de comedias de culto centra la programaci\u00f3n de diciembre\"}]},{\"@type\":\"WebSite\",\"@id\":\"https:\/\/filmotecacantabria.es\/es\/#website\",\"url\":\"https:\/\/filmotecacantabria.es\/es\/\",\"name\":\"Filmoteca de Cantabria Mario Camus | Santander | Torrelavega | Regi\u00f3n\",\"description\":\"Toda la programaci\u00f3n de las filmotecas de Cantabria Mario Camus.\",\"publisher\":{\"@id\":\"https:\/\/filmotecacantabria.es\/es\/#organization\"},\"potentialAction\":[{\"@type\":\"SearchAction\",\"target\":{\"@type\":\"EntryPoint\",\"urlTemplate\":\"https:\/\/filmotecacantabria.es\/es\/?s={search_term_string}\"},\"query-input\":\"required name=search_term_string\"}],\"inLanguage\":\"es\"},{\"@type\":\"Organization\",\"@id\":\"https:\/\/filmotecacantabria.es\/es\/#organization\",\"name\":\"Filmoteca de Cantabria Mario Camus | Santander | Torrelavega | Regi\u00f3n\",\"url\":\"https:\/\/filmotecacantabria.es\/es\/\",\"sameAs\":[],\"logo\":{\"@type\":\"ImageObject\",\"inLanguage\":\"es\",\"@id\":\"https:\/\/filmotecacantabria.es\/es\/#\/schema\/logo\/image\/\",\"url\":\"https:\/\/filmotecacantabria.es\/es\/wp-content\/uploads\/2021\/12\/logo-filmoteca-cantabria-1-mario-camus.png\",\"contentUrl\":\"https:\/\/filmotecacantabria.es\/es\/wp-content\/uploads\/2021\/12\/logo-filmoteca-cantabria-1-mario-camus.png\",\"width\":170,\"height\":183,\"caption\":\"Filmoteca de Cantabria Mario Camus | Santander | Torrelavega | Regi\u00f3n\"},\"image\":{\"@id\":\"https:\/\/filmotecacantabria.es\/es\/#\/schema\/logo\/image\/\"}},{\"@type\":\"Person\",\"@id\":\"https:\/\/filmotecacantabria.es\/es\/#\/schema\/person\/86205b2ac543405aae888afb3afdb6d8\",\"name\":\"belen.cordoba@srecd.es\",\"image\":{\"@type\":\"ImageObject\",\"inLanguage\":\"es\",\"@id\":\"https:\/\/filmotecacantabria.es\/es\/#\/schema\/person\/image\/\",\"url\":\"https:\/\/secure.gravatar.com\/avatar\/a185108474f14fc94f32f86115d60aeb?s=96&d=mm&r=g\",\"contentUrl\":\"https:\/\/secure.gravatar.com\/avatar\/a185108474f14fc94f32f86115d60aeb?s=96&d=mm&r=g\",\"caption\":\"belen.cordoba@srecd.es\"}}]}<\/script>\n<!-- \/ Yoast SEO plugin. -->","yoast_head_json":{"title":"Un gran ciclo de comedias de culto centra la programaci\u00f3n de diciembre - Filmoteca de Cantabria Mario Camus | Santander | Torrelavega | Regi\u00f3n","robots":{"index":"index","follow":"follow","max-snippet":"max-snippet:-1","max-image-preview":"max-image-preview:large","max-video-preview":"max-video-preview:-1"},"canonical":"https:\/\/filmotecacantabria.es\/es\/un-gran-ciclo-de-comedias-de-culto-centra-la-programacion-de-diciembre\/","og_locale":"es_ES","og_type":"article","og_title":"Un gran ciclo de comedias de culto centra la programaci\u00f3n de diciembre - Filmoteca de Cantabria Mario Camus | Santander | Torrelavega | Regi\u00f3n","og_description":"\u2018Risas de culto\u2019 incluye la proyecci\u00f3n de pel\u00edculas como \u2018El jovencito Frankenstein\u2019, \u2018La cena de los idiotas\u2019 o \u2018El hombre tranquilo\u2019 Santander, 30 de noviembre de 2023.- La Filmoteca de Cantabria Mario Camus despedir\u00e1 el a\u00f1o con un gran ciclo dedicado a la comedia que, bajo el nombre de \u2018Risas de culto\u2019, incluye pel\u00edculas de [&hellip;]","og_url":"https:\/\/filmotecacantabria.es\/es\/un-gran-ciclo-de-comedias-de-culto-centra-la-programacion-de-diciembre\/","og_site_name":"Filmoteca de Cantabria Mario Camus | Santander | Torrelavega | Regi\u00f3n","article_published_time":"2023-11-30T09:42:15+00:00","og_image":[{"width":640,"height":427,"url":"https:\/\/filmotecacantabria.es\/es\/wp-content\/uploads\/2023\/11\/ejf.png","type":"image\/png"}],"author":"belen.cordoba@srecd.es","twitter_card":"summary_large_image","twitter_misc":{"Escrito por":"belen.cordoba@srecd.es","Tiempo de lectura":"3 minutos"},"schema":{"@context":"https:\/\/schema.org","@graph":[{"@type":"Article","@id":"https:\/\/filmotecacantabria.es\/es\/un-gran-ciclo-de-comedias-de-culto-centra-la-programacion-de-diciembre\/#article","isPartOf":{"@id":"https:\/\/filmotecacantabria.es\/es\/un-gran-ciclo-de-comedias-de-culto-centra-la-programacion-de-diciembre\/"},"author":{"name":"belen.cordoba@srecd.es","@id":"https:\/\/filmotecacantabria.es\/es\/#\/schema\/person\/86205b2ac543405aae888afb3afdb6d8"},"headline":"Un gran ciclo de comedias de culto centra la programaci\u00f3n de diciembre","datePublished":"2023-11-30T09:42:15+00:00","dateModified":"2023-11-30T09:42:15+00:00","mainEntityOfPage":{"@id":"https:\/\/filmotecacantabria.es\/es\/un-gran-ciclo-de-comedias-de-culto-centra-la-programacion-de-diciembre\/"},"wordCount":620,"publisher":{"@id":"https:\/\/filmotecacantabria.es\/es\/#organization"},"articleSection":["Noticias"],"inLanguage":"es"},{"@type":"WebPage","@id":"https:\/\/filmotecacantabria.es\/es\/un-gran-ciclo-de-comedias-de-culto-centra-la-programacion-de-diciembre\/","url":"https:\/\/filmotecacantabria.es\/es\/un-gran-ciclo-de-comedias-de-culto-centra-la-programacion-de-diciembre\/","name":"Un gran ciclo de comedias de culto centra la programaci\u00f3n de diciembre - Filmoteca de Cantabria Mario Camus | Santander | Torrelavega | Regi\u00f3n","isPartOf":{"@id":"https:\/\/filmotecacantabria.es\/es\/#website"},"datePublished":"2023-11-30T09:42:15+00:00","dateModified":"2023-11-30T09:42:15+00:00","breadcrumb":{"@id":"https:\/\/filmotecacantabria.es\/es\/un-gran-ciclo-de-comedias-de-culto-centra-la-programacion-de-diciembre\/#breadcrumb"},"inLanguage":"es","potentialAction":[{"@type":"ReadAction","target":["https:\/\/filmotecacantabria.es\/es\/un-gran-ciclo-de-comedias-de-culto-centra-la-programacion-de-diciembre\/"]}]},{"@type":"BreadcrumbList","@id":"https:\/\/filmotecacantabria.es\/es\/un-gran-ciclo-de-comedias-de-culto-centra-la-programacion-de-diciembre\/#breadcrumb","itemListElement":[{"@type":"ListItem","position":1,"name":"Portada","item":"https:\/\/filmotecacantabria.es\/es\/inicio\/"},{"@type":"ListItem","position":2,"name":"Un gran ciclo de comedias de culto centra la programaci\u00f3n de diciembre"}]},{"@type":"WebSite","@id":"https:\/\/filmotecacantabria.es\/es\/#website","url":"https:\/\/filmotecacantabria.es\/es\/","name":"Filmoteca de Cantabria Mario Camus | Santander | Torrelavega | Regi\u00f3n","description":"Toda la programaci\u00f3n de las filmotecas de Cantabria Mario Camus.","publisher":{"@id":"https:\/\/filmotecacantabria.es\/es\/#organization"},"potentialAction":[{"@type":"SearchAction","target":{"@type":"EntryPoint","urlTemplate":"https:\/\/filmotecacantabria.es\/es\/?s={search_term_string}"},"query-input":"required name=search_term_string"}],"inLanguage":"es"},{"@type":"Organization","@id":"https:\/\/filmotecacantabria.es\/es\/#organization","name":"Filmoteca de Cantabria Mario Camus | Santander | Torrelavega | Regi\u00f3n","url":"https:\/\/filmotecacantabria.es\/es\/","sameAs":[],"logo":{"@type":"ImageObject","inLanguage":"es","@id":"https:\/\/filmotecacantabria.es\/es\/#\/schema\/logo\/image\/","url":"https:\/\/filmotecacantabria.es\/es\/wp-content\/uploads\/2021\/12\/logo-filmoteca-cantabria-1-mario-camus.png","contentUrl":"https:\/\/filmotecacantabria.es\/es\/wp-content\/uploads\/2021\/12\/logo-filmoteca-cantabria-1-mario-camus.png","width":170,"height":183,"caption":"Filmoteca de Cantabria Mario Camus | Santander | Torrelavega | Regi\u00f3n"},"image":{"@id":"https:\/\/filmotecacantabria.es\/es\/#\/schema\/logo\/image\/"}},{"@type":"Person","@id":"https:\/\/filmotecacantabria.es\/es\/#\/schema\/person\/86205b2ac543405aae888afb3afdb6d8","name":"belen.cordoba@srecd.es","image":{"@type":"ImageObject","inLanguage":"es","@id":"https:\/\/filmotecacantabria.es\/es\/#\/schema\/person\/image\/","url":"https:\/\/secure.gravatar.com\/avatar\/a185108474f14fc94f32f86115d60aeb?s=96&d=mm&r=g","contentUrl":"https:\/\/secure.gravatar.com\/avatar\/a185108474f14fc94f32f86115d60aeb?s=96&d=mm&r=g","caption":"belen.cordoba@srecd.es"}}]}},"_links":{"self":[{"href":"https:\/\/filmotecacantabria.es\/es\/wp-json\/wp\/v2\/posts\/3643"}],"collection":[{"href":"https:\/\/filmotecacantabria.es\/es\/wp-json\/wp\/v2\/posts"}],"about":[{"href":"https:\/\/filmotecacantabria.es\/es\/wp-json\/wp\/v2\/types\/post"}],"author":[{"embeddable":true,"href":"https:\/\/filmotecacantabria.es\/es\/wp-json\/wp\/v2\/users\/11"}],"replies":[{"embeddable":true,"href":"https:\/\/filmotecacantabria.es\/es\/wp-json\/wp\/v2\/comments?post=3643"}],"version-history":[{"count":2,"href":"https:\/\/filmotecacantabria.es\/es\/wp-json\/wp\/v2\/posts\/3643\/revisions"}],"predecessor-version":[{"id":3646,"href":"https:\/\/filmotecacantabria.es\/es\/wp-json\/wp\/v2\/posts\/3643\/revisions\/3646"}],"wp:featuredmedia":[{"embeddable":true,"href":"https:\/\/filmotecacantabria.es\/es\/wp-json\/wp\/v2\/media\/3644"}],"wp:attachment":[{"href":"https:\/\/filmotecacantabria.es\/es\/wp-json\/wp\/v2\/media?parent=3643"}],"wp:term":[{"taxonomy":"category","embeddable":true,"href":"https:\/\/filmotecacantabria.es\/es\/wp-json\/wp\/v2\/categories?post=3643"},{"taxonomy":"post_tag","embeddable":true,"href":"https:\/\/filmotecacantabria.es\/es\/wp-json\/wp\/v2\/tags?post=3643"}],"curies":[{"name":"wp","href":"https:\/\/api.w.org\/{rel}","templated":true}]}}