{"id":3634,"date":"2023-11-21T13:06:52","date_gmt":"2023-11-21T12:06:52","guid":{"rendered":"https:\/\/filmotecacantabria.es\/es\/?p=3634"},"modified":"2023-11-21T13:06:52","modified_gmt":"2023-11-21T12:06:52","slug":"solo-los-muertos-se-quedan-nuestra-piel-levantada-y-hasta-la-piel-ganadores-del-cuarto-taller-de-impulso-de-proyectos-cinematograficos","status":"publish","type":"post","link":"https:\/\/filmotecacantabria.es\/es\/solo-los-muertos-se-quedan-nuestra-piel-levantada-y-hasta-la-piel-ganadores-del-cuarto-taller-de-impulso-de-proyectos-cinematograficos\/","title":{"rendered":"\u2018Solo los muertos se quedan\u2019, \u2018Nuestra piel levantada\u2019 y \u2018Hasta la piel\u2019, ganadores del cuarto taller de impulso de proyectos cinematogr\u00e1ficos"},"content":{"rendered":"<p><strong>La iniciativa forma parte de los Di\u00e1logos de Cine y Producci\u00f3n (DCP) que organizan Cantabria Film Commission y Filmoteca y que cuenta con la colaboraci\u00f3n de los festivales de cine de San Sebasti\u00e1n, M\u00e1laga, Albacete y D\u2019A<\/strong><\/p>\n<p><strong>\u00a0<\/strong><\/p>\n<p><strong>Santander, 21 de noviembre de 2023.- <\/strong>\u2018Solo los muertos se quedan\u2019 de Jes\u00fas Choya, \u2018Nuestra piel levantada\u2019 de Manuela Guti\u00e9rrez Arrieta y \u2018Hasta la piel\u2019 de Caque Trueba son las propuestas ganadoras del cuarto taller de impulso de proyectos cinematogr\u00e1ficos que organiza la Consejer\u00eda de Cultura.<\/p>\n<p>Se trata de una iniciativa que forma parte de los Di\u00e1logos de Cine y Producci\u00f3n (DCP), que impulsan la Cantabria Film Commission y la Filmoteca de Cantabria Mario Camus y que tiene por objeto tratar de ayudar al talento c\u00e1ntabro del sector audiovisual a potenciar sus creaciones.<\/p>\n<p>El cuarto taller de impulso de proyectos cinematogr\u00e1ficos se ha celebrado durante los \u00faltimos cinco d\u00edas en la Filmoteca de Cantabria Mario Camus y ha concluido este martes con la entrega de premios, que se ha celebrado en el Espacio DCP.<\/p>\n<p>\u2018Solo los muertos se quedan\u2019, producido por Sincio de Pelis, productora de Jes\u00fas Choya y Nacho Solana, dirigido por Alejandro Renedo, ha obtenido una bolsa de viaje de 1.000 euros para acudir al European Film Market de Berl\u00edn, que se celebrar\u00e1 en febrero de 2024.<\/p>\n<p>\u2018Hasta la piel\u2019, de Caque Trueba ha sido seleccionado por el Festival de Albacete Abycine para participar en su zona de industria Lanza y \u2018Nuestra piel levantada\u2019, producida por Manuela Guti\u00e9rrez Arrieta y dirigida por Paolo Natale, estar\u00e1 acreditado en la zona MAFIZ del Festival de M\u00e1laga.<\/p>\n<p>Asimismo, el proyecto \u2018Solo los muertos se quedan\u2019 acudir\u00e1 tambi\u00e9n al laboratorio del festival de cine de autor D\u2019A, mientras que Manuela Guti\u00e9rrez Arrieta ser\u00e1 la persona que representar\u00e1 a Cantabria en el M\u00e1laga Talent que se celebrar\u00e1 en marzo durante el Festival de M\u00e1laga.<\/p>\n<p>Adem\u00e1s, los cinco proyectos seleccionados estar\u00e1n presentes en la zona de industria del Festival de San Sebasti\u00e1n<\/p>\n<p>Este a\u00f1o el jurado ha estado formado por Jos\u00e9 Manuel Zamora, director de Abycine; Saioa Ribas, responsable de industria del Festival de San Sebasti\u00e1n; Annabelle Aramburu, responsable de MAFIZ (zona de industria del Festival de M\u00e1laga); Carlos R\u00edos, director del D\u2019A (festival de cine de autor de Barcelona); e Irene Airoldi, agente de ventas de Filmax.<\/p>\n<p>Los proyectos seleccionados en el que ha sido el DCP26 han sido, junto a los ganadores, \u2018En otro mundo\u2019 de Manuel Mungu\u00eda y \u2018Ulises el perro\u2019 de Pury Estalayo.<\/p>\n<p>Un a\u00f1o m\u00e1s, los participantes en esta edici\u00f3n del taller han trabajado junto a la soci\u00f3loga y gestora cultural Isona Admetlla, que coordina el Berlinale-World Cinema Fund desde 2009 y que participa como ponente y jurado en eventos y festivales de todo el mundo.<\/p>\n<p>Han sido d\u00edas intensos de aprendizaje y trabajo en los que se han tratado los proyectos seleccionados en a\u00f1os anteriores y se han abordado aspectos como el marketing, la distribuci\u00f3n, t\u00e9cnicas de \u2018pitch\u2019 y el dise\u00f1o de audiencias.<\/p>\n<p>Asimismo, ha habido reuniones y encuentros entre los autores de los proyectos participantes y los miembros del jurado, adem\u00e1s de la presentaci\u00f3n de las diferentes propuestas ante los expertos encargados de seleccionar a los premiados.<\/p>\n<p>Los DCP, que iniciaron su actividad en enero de 2020, continuar\u00e1n en 2024 con la puesta en marcha de nuevas iniciativas encaminadas a seguir impulsando y apoyando al sector y al talento audiovisual de Cantabria.<\/p>\n","protected":false},"excerpt":{"rendered":"<p>La iniciativa forma parte de los Di\u00e1logos de Cine y Producci\u00f3n (DCP) que organizan Cantabria Film Commission y Filmoteca y que cuenta con la colaboraci\u00f3n de los festivales de cine de San Sebasti\u00e1n, M\u00e1laga, Albacete y D\u2019A \u00a0 Santander, 21 de noviembre de 2023.- \u2018Solo los muertos se quedan\u2019 de Jes\u00fas Choya, \u2018Nuestra piel levantada\u2019 [&hellip;]<\/p>\n","protected":false},"author":11,"featured_media":3637,"comment_status":"closed","ping_status":"closed","sticky":false,"template":"","format":"standard","meta":{"inline_featured_image":false,"footnotes":""},"categories":[4],"tags":[],"class_list":["post-3634","post","type-post","status-publish","format-standard","has-post-thumbnail","hentry","category-noticias"],"yoast_head":"<!-- This site is optimized with the Yoast SEO plugin v19.6.1 - https:\/\/yoast.com\/wordpress\/plugins\/seo\/ -->\n<title>\u2018Solo los muertos se quedan\u2019, \u2018Nuestra piel levantada\u2019 y \u2018Hasta la piel\u2019, ganadores del cuarto taller de impulso de proyectos cinematogr\u00e1ficos - Filmoteca de Cantabria Mario Camus | Santander | Torrelavega | Regi\u00f3n<\/title>\n<meta name=\"robots\" content=\"index, follow, max-snippet:-1, max-image-preview:large, max-video-preview:-1\" \/>\n<link rel=\"canonical\" href=\"https:\/\/filmotecacantabria.es\/es\/solo-los-muertos-se-quedan-nuestra-piel-levantada-y-hasta-la-piel-ganadores-del-cuarto-taller-de-impulso-de-proyectos-cinematograficos\/\" \/>\n<meta property=\"og:locale\" content=\"es_ES\" \/>\n<meta property=\"og:type\" content=\"article\" \/>\n<meta property=\"og:title\" content=\"\u2018Solo los muertos se quedan\u2019, \u2018Nuestra piel levantada\u2019 y \u2018Hasta la piel\u2019, ganadores del cuarto taller de impulso de proyectos cinematogr\u00e1ficos - Filmoteca de Cantabria Mario Camus | Santander | Torrelavega | Regi\u00f3n\" \/>\n<meta property=\"og:description\" content=\"La iniciativa forma parte de los Di\u00e1logos de Cine y Producci\u00f3n (DCP) que organizan Cantabria Film Commission y Filmoteca y que cuenta con la colaboraci\u00f3n de los festivales de cine de San Sebasti\u00e1n, M\u00e1laga, Albacete y D\u2019A \u00a0 Santander, 21 de noviembre de 2023.- \u2018Solo los muertos se quedan\u2019 de Jes\u00fas Choya, \u2018Nuestra piel levantada\u2019 [&hellip;]\" \/>\n<meta property=\"og:url\" content=\"https:\/\/filmotecacantabria.es\/es\/solo-los-muertos-se-quedan-nuestra-piel-levantada-y-hasta-la-piel-ganadores-del-cuarto-taller-de-impulso-de-proyectos-cinematograficos\/\" \/>\n<meta property=\"og:site_name\" content=\"Filmoteca de Cantabria Mario Camus | Santander | Torrelavega | Regi\u00f3n\" \/>\n<meta property=\"article:published_time\" content=\"2023-11-21T12:06:52+00:00\" \/>\n<meta property=\"og:image\" content=\"https:\/\/filmotecacantabria.es\/es\/wp-content\/uploads\/2023\/11\/premios-1-scaled.jpg\" \/>\n\t<meta property=\"og:image:width\" content=\"2560\" \/>\n\t<meta property=\"og:image:height\" content=\"1440\" \/>\n\t<meta property=\"og:image:type\" content=\"image\/jpeg\" \/>\n<meta name=\"author\" content=\"belen.cordoba@srecd.es\" \/>\n<meta name=\"twitter:card\" content=\"summary_large_image\" \/>\n<meta name=\"twitter:label1\" content=\"Escrito por\" \/>\n\t<meta name=\"twitter:data1\" content=\"belen.cordoba@srecd.es\" \/>\n\t<meta name=\"twitter:label2\" content=\"Tiempo de lectura\" \/>\n\t<meta name=\"twitter:data2\" content=\"3 minutos\" \/>\n<script type=\"application\/ld+json\" class=\"yoast-schema-graph\">{\"@context\":\"https:\/\/schema.org\",\"@graph\":[{\"@type\":\"Article\",\"@id\":\"https:\/\/filmotecacantabria.es\/es\/solo-los-muertos-se-quedan-nuestra-piel-levantada-y-hasta-la-piel-ganadores-del-cuarto-taller-de-impulso-de-proyectos-cinematograficos\/#article\",\"isPartOf\":{\"@id\":\"https:\/\/filmotecacantabria.es\/es\/solo-los-muertos-se-quedan-nuestra-piel-levantada-y-hasta-la-piel-ganadores-del-cuarto-taller-de-impulso-de-proyectos-cinematograficos\/\"},\"author\":{\"name\":\"belen.cordoba@srecd.es\",\"@id\":\"https:\/\/filmotecacantabria.es\/es\/#\/schema\/person\/86205b2ac543405aae888afb3afdb6d8\"},\"headline\":\"\u2018Solo los muertos se quedan\u2019, \u2018Nuestra piel levantada\u2019 y \u2018Hasta la piel\u2019, ganadores del cuarto taller de impulso de proyectos cinematogr\u00e1ficos\",\"datePublished\":\"2023-11-21T12:06:52+00:00\",\"dateModified\":\"2023-11-21T12:06:52+00:00\",\"mainEntityOfPage\":{\"@id\":\"https:\/\/filmotecacantabria.es\/es\/solo-los-muertos-se-quedan-nuestra-piel-levantada-y-hasta-la-piel-ganadores-del-cuarto-taller-de-impulso-de-proyectos-cinematograficos\/\"},\"wordCount\":623,\"publisher\":{\"@id\":\"https:\/\/filmotecacantabria.es\/es\/#organization\"},\"articleSection\":[\"Noticias\"],\"inLanguage\":\"es\"},{\"@type\":\"WebPage\",\"@id\":\"https:\/\/filmotecacantabria.es\/es\/solo-los-muertos-se-quedan-nuestra-piel-levantada-y-hasta-la-piel-ganadores-del-cuarto-taller-de-impulso-de-proyectos-cinematograficos\/\",\"url\":\"https:\/\/filmotecacantabria.es\/es\/solo-los-muertos-se-quedan-nuestra-piel-levantada-y-hasta-la-piel-ganadores-del-cuarto-taller-de-impulso-de-proyectos-cinematograficos\/\",\"name\":\"\u2018Solo los muertos se quedan\u2019, \u2018Nuestra piel levantada\u2019 y \u2018Hasta la piel\u2019, ganadores del cuarto taller de impulso de proyectos cinematogr\u00e1ficos - Filmoteca de Cantabria Mario Camus | Santander | Torrelavega | Regi\u00f3n\",\"isPartOf\":{\"@id\":\"https:\/\/filmotecacantabria.es\/es\/#website\"},\"datePublished\":\"2023-11-21T12:06:52+00:00\",\"dateModified\":\"2023-11-21T12:06:52+00:00\",\"breadcrumb\":{\"@id\":\"https:\/\/filmotecacantabria.es\/es\/solo-los-muertos-se-quedan-nuestra-piel-levantada-y-hasta-la-piel-ganadores-del-cuarto-taller-de-impulso-de-proyectos-cinematograficos\/#breadcrumb\"},\"inLanguage\":\"es\",\"potentialAction\":[{\"@type\":\"ReadAction\",\"target\":[\"https:\/\/filmotecacantabria.es\/es\/solo-los-muertos-se-quedan-nuestra-piel-levantada-y-hasta-la-piel-ganadores-del-cuarto-taller-de-impulso-de-proyectos-cinematograficos\/\"]}]},{\"@type\":\"BreadcrumbList\",\"@id\":\"https:\/\/filmotecacantabria.es\/es\/solo-los-muertos-se-quedan-nuestra-piel-levantada-y-hasta-la-piel-ganadores-del-cuarto-taller-de-impulso-de-proyectos-cinematograficos\/#breadcrumb\",\"itemListElement\":[{\"@type\":\"ListItem\",\"position\":1,\"name\":\"Portada\",\"item\":\"https:\/\/filmotecacantabria.es\/es\/inicio\/\"},{\"@type\":\"ListItem\",\"position\":2,\"name\":\"\u2018Solo los muertos se quedan\u2019, \u2018Nuestra piel levantada\u2019 y \u2018Hasta la piel\u2019, ganadores del cuarto taller de impulso de proyectos cinematogr\u00e1ficos\"}]},{\"@type\":\"WebSite\",\"@id\":\"https:\/\/filmotecacantabria.es\/es\/#website\",\"url\":\"https:\/\/filmotecacantabria.es\/es\/\",\"name\":\"Filmoteca de Cantabria Mario Camus | Santander | Torrelavega | Regi\u00f3n\",\"description\":\"Toda la programaci\u00f3n de las filmotecas de Cantabria Mario Camus.\",\"publisher\":{\"@id\":\"https:\/\/filmotecacantabria.es\/es\/#organization\"},\"potentialAction\":[{\"@type\":\"SearchAction\",\"target\":{\"@type\":\"EntryPoint\",\"urlTemplate\":\"https:\/\/filmotecacantabria.es\/es\/?s={search_term_string}\"},\"query-input\":\"required name=search_term_string\"}],\"inLanguage\":\"es\"},{\"@type\":\"Organization\",\"@id\":\"https:\/\/filmotecacantabria.es\/es\/#organization\",\"name\":\"Filmoteca de Cantabria Mario Camus | Santander | Torrelavega | Regi\u00f3n\",\"url\":\"https:\/\/filmotecacantabria.es\/es\/\",\"sameAs\":[],\"logo\":{\"@type\":\"ImageObject\",\"inLanguage\":\"es\",\"@id\":\"https:\/\/filmotecacantabria.es\/es\/#\/schema\/logo\/image\/\",\"url\":\"https:\/\/filmotecacantabria.es\/es\/wp-content\/uploads\/2021\/12\/logo-filmoteca-cantabria-1-mario-camus.png\",\"contentUrl\":\"https:\/\/filmotecacantabria.es\/es\/wp-content\/uploads\/2021\/12\/logo-filmoteca-cantabria-1-mario-camus.png\",\"width\":170,\"height\":183,\"caption\":\"Filmoteca de Cantabria Mario Camus | Santander | Torrelavega | Regi\u00f3n\"},\"image\":{\"@id\":\"https:\/\/filmotecacantabria.es\/es\/#\/schema\/logo\/image\/\"}},{\"@type\":\"Person\",\"@id\":\"https:\/\/filmotecacantabria.es\/es\/#\/schema\/person\/86205b2ac543405aae888afb3afdb6d8\",\"name\":\"belen.cordoba@srecd.es\",\"image\":{\"@type\":\"ImageObject\",\"inLanguage\":\"es\",\"@id\":\"https:\/\/filmotecacantabria.es\/es\/#\/schema\/person\/image\/\",\"url\":\"https:\/\/secure.gravatar.com\/avatar\/a185108474f14fc94f32f86115d60aeb?s=96&d=mm&r=g\",\"contentUrl\":\"https:\/\/secure.gravatar.com\/avatar\/a185108474f14fc94f32f86115d60aeb?s=96&d=mm&r=g\",\"caption\":\"belen.cordoba@srecd.es\"}}]}<\/script>\n<!-- \/ Yoast SEO plugin. -->","yoast_head_json":{"title":"\u2018Solo los muertos se quedan\u2019, \u2018Nuestra piel levantada\u2019 y \u2018Hasta la piel\u2019, ganadores del cuarto taller de impulso de proyectos cinematogr\u00e1ficos - Filmoteca de Cantabria Mario Camus | Santander | Torrelavega | Regi\u00f3n","robots":{"index":"index","follow":"follow","max-snippet":"max-snippet:-1","max-image-preview":"max-image-preview:large","max-video-preview":"max-video-preview:-1"},"canonical":"https:\/\/filmotecacantabria.es\/es\/solo-los-muertos-se-quedan-nuestra-piel-levantada-y-hasta-la-piel-ganadores-del-cuarto-taller-de-impulso-de-proyectos-cinematograficos\/","og_locale":"es_ES","og_type":"article","og_title":"\u2018Solo los muertos se quedan\u2019, \u2018Nuestra piel levantada\u2019 y \u2018Hasta la piel\u2019, ganadores del cuarto taller de impulso de proyectos cinematogr\u00e1ficos - Filmoteca de Cantabria Mario Camus | Santander | Torrelavega | Regi\u00f3n","og_description":"La iniciativa forma parte de los Di\u00e1logos de Cine y Producci\u00f3n (DCP) que organizan Cantabria Film Commission y Filmoteca y que cuenta con la colaboraci\u00f3n de los festivales de cine de San Sebasti\u00e1n, M\u00e1laga, Albacete y D\u2019A \u00a0 Santander, 21 de noviembre de 2023.- \u2018Solo los muertos se quedan\u2019 de Jes\u00fas Choya, \u2018Nuestra piel levantada\u2019 [&hellip;]","og_url":"https:\/\/filmotecacantabria.es\/es\/solo-los-muertos-se-quedan-nuestra-piel-levantada-y-hasta-la-piel-ganadores-del-cuarto-taller-de-impulso-de-proyectos-cinematograficos\/","og_site_name":"Filmoteca de Cantabria Mario Camus | Santander | Torrelavega | Regi\u00f3n","article_published_time":"2023-11-21T12:06:52+00:00","og_image":[{"width":2560,"height":1440,"url":"https:\/\/filmotecacantabria.es\/es\/wp-content\/uploads\/2023\/11\/premios-1-scaled.jpg","type":"image\/jpeg"}],"author":"belen.cordoba@srecd.es","twitter_card":"summary_large_image","twitter_misc":{"Escrito por":"belen.cordoba@srecd.es","Tiempo de lectura":"3 minutos"},"schema":{"@context":"https:\/\/schema.org","@graph":[{"@type":"Article","@id":"https:\/\/filmotecacantabria.es\/es\/solo-los-muertos-se-quedan-nuestra-piel-levantada-y-hasta-la-piel-ganadores-del-cuarto-taller-de-impulso-de-proyectos-cinematograficos\/#article","isPartOf":{"@id":"https:\/\/filmotecacantabria.es\/es\/solo-los-muertos-se-quedan-nuestra-piel-levantada-y-hasta-la-piel-ganadores-del-cuarto-taller-de-impulso-de-proyectos-cinematograficos\/"},"author":{"name":"belen.cordoba@srecd.es","@id":"https:\/\/filmotecacantabria.es\/es\/#\/schema\/person\/86205b2ac543405aae888afb3afdb6d8"},"headline":"\u2018Solo los muertos se quedan\u2019, \u2018Nuestra piel levantada\u2019 y \u2018Hasta la piel\u2019, ganadores del cuarto taller de impulso de proyectos cinematogr\u00e1ficos","datePublished":"2023-11-21T12:06:52+00:00","dateModified":"2023-11-21T12:06:52+00:00","mainEntityOfPage":{"@id":"https:\/\/filmotecacantabria.es\/es\/solo-los-muertos-se-quedan-nuestra-piel-levantada-y-hasta-la-piel-ganadores-del-cuarto-taller-de-impulso-de-proyectos-cinematograficos\/"},"wordCount":623,"publisher":{"@id":"https:\/\/filmotecacantabria.es\/es\/#organization"},"articleSection":["Noticias"],"inLanguage":"es"},{"@type":"WebPage","@id":"https:\/\/filmotecacantabria.es\/es\/solo-los-muertos-se-quedan-nuestra-piel-levantada-y-hasta-la-piel-ganadores-del-cuarto-taller-de-impulso-de-proyectos-cinematograficos\/","url":"https:\/\/filmotecacantabria.es\/es\/solo-los-muertos-se-quedan-nuestra-piel-levantada-y-hasta-la-piel-ganadores-del-cuarto-taller-de-impulso-de-proyectos-cinematograficos\/","name":"\u2018Solo los muertos se quedan\u2019, \u2018Nuestra piel levantada\u2019 y \u2018Hasta la piel\u2019, ganadores del cuarto taller de impulso de proyectos cinematogr\u00e1ficos - Filmoteca de Cantabria Mario Camus | Santander | Torrelavega | Regi\u00f3n","isPartOf":{"@id":"https:\/\/filmotecacantabria.es\/es\/#website"},"datePublished":"2023-11-21T12:06:52+00:00","dateModified":"2023-11-21T12:06:52+00:00","breadcrumb":{"@id":"https:\/\/filmotecacantabria.es\/es\/solo-los-muertos-se-quedan-nuestra-piel-levantada-y-hasta-la-piel-ganadores-del-cuarto-taller-de-impulso-de-proyectos-cinematograficos\/#breadcrumb"},"inLanguage":"es","potentialAction":[{"@type":"ReadAction","target":["https:\/\/filmotecacantabria.es\/es\/solo-los-muertos-se-quedan-nuestra-piel-levantada-y-hasta-la-piel-ganadores-del-cuarto-taller-de-impulso-de-proyectos-cinematograficos\/"]}]},{"@type":"BreadcrumbList","@id":"https:\/\/filmotecacantabria.es\/es\/solo-los-muertos-se-quedan-nuestra-piel-levantada-y-hasta-la-piel-ganadores-del-cuarto-taller-de-impulso-de-proyectos-cinematograficos\/#breadcrumb","itemListElement":[{"@type":"ListItem","position":1,"name":"Portada","item":"https:\/\/filmotecacantabria.es\/es\/inicio\/"},{"@type":"ListItem","position":2,"name":"\u2018Solo los muertos se quedan\u2019, \u2018Nuestra piel levantada\u2019 y \u2018Hasta la piel\u2019, ganadores del cuarto taller de impulso de proyectos cinematogr\u00e1ficos"}]},{"@type":"WebSite","@id":"https:\/\/filmotecacantabria.es\/es\/#website","url":"https:\/\/filmotecacantabria.es\/es\/","name":"Filmoteca de Cantabria Mario Camus | Santander | Torrelavega | Regi\u00f3n","description":"Toda la programaci\u00f3n de las filmotecas de Cantabria Mario Camus.","publisher":{"@id":"https:\/\/filmotecacantabria.es\/es\/#organization"},"potentialAction":[{"@type":"SearchAction","target":{"@type":"EntryPoint","urlTemplate":"https:\/\/filmotecacantabria.es\/es\/?s={search_term_string}"},"query-input":"required name=search_term_string"}],"inLanguage":"es"},{"@type":"Organization","@id":"https:\/\/filmotecacantabria.es\/es\/#organization","name":"Filmoteca de Cantabria Mario Camus | Santander | Torrelavega | Regi\u00f3n","url":"https:\/\/filmotecacantabria.es\/es\/","sameAs":[],"logo":{"@type":"ImageObject","inLanguage":"es","@id":"https:\/\/filmotecacantabria.es\/es\/#\/schema\/logo\/image\/","url":"https:\/\/filmotecacantabria.es\/es\/wp-content\/uploads\/2021\/12\/logo-filmoteca-cantabria-1-mario-camus.png","contentUrl":"https:\/\/filmotecacantabria.es\/es\/wp-content\/uploads\/2021\/12\/logo-filmoteca-cantabria-1-mario-camus.png","width":170,"height":183,"caption":"Filmoteca de Cantabria Mario Camus | Santander | Torrelavega | Regi\u00f3n"},"image":{"@id":"https:\/\/filmotecacantabria.es\/es\/#\/schema\/logo\/image\/"}},{"@type":"Person","@id":"https:\/\/filmotecacantabria.es\/es\/#\/schema\/person\/86205b2ac543405aae888afb3afdb6d8","name":"belen.cordoba@srecd.es","image":{"@type":"ImageObject","inLanguage":"es","@id":"https:\/\/filmotecacantabria.es\/es\/#\/schema\/person\/image\/","url":"https:\/\/secure.gravatar.com\/avatar\/a185108474f14fc94f32f86115d60aeb?s=96&d=mm&r=g","contentUrl":"https:\/\/secure.gravatar.com\/avatar\/a185108474f14fc94f32f86115d60aeb?s=96&d=mm&r=g","caption":"belen.cordoba@srecd.es"}}]}},"_links":{"self":[{"href":"https:\/\/filmotecacantabria.es\/es\/wp-json\/wp\/v2\/posts\/3634"}],"collection":[{"href":"https:\/\/filmotecacantabria.es\/es\/wp-json\/wp\/v2\/posts"}],"about":[{"href":"https:\/\/filmotecacantabria.es\/es\/wp-json\/wp\/v2\/types\/post"}],"author":[{"embeddable":true,"href":"https:\/\/filmotecacantabria.es\/es\/wp-json\/wp\/v2\/users\/11"}],"replies":[{"embeddable":true,"href":"https:\/\/filmotecacantabria.es\/es\/wp-json\/wp\/v2\/comments?post=3634"}],"version-history":[{"count":2,"href":"https:\/\/filmotecacantabria.es\/es\/wp-json\/wp\/v2\/posts\/3634\/revisions"}],"predecessor-version":[{"id":3639,"href":"https:\/\/filmotecacantabria.es\/es\/wp-json\/wp\/v2\/posts\/3634\/revisions\/3639"}],"wp:featuredmedia":[{"embeddable":true,"href":"https:\/\/filmotecacantabria.es\/es\/wp-json\/wp\/v2\/media\/3637"}],"wp:attachment":[{"href":"https:\/\/filmotecacantabria.es\/es\/wp-json\/wp\/v2\/media?parent=3634"}],"wp:term":[{"taxonomy":"category","embeddable":true,"href":"https:\/\/filmotecacantabria.es\/es\/wp-json\/wp\/v2\/categories?post=3634"},{"taxonomy":"post_tag","embeddable":true,"href":"https:\/\/filmotecacantabria.es\/es\/wp-json\/wp\/v2\/tags?post=3634"}],"curies":[{"name":"wp","href":"https:\/\/api.w.org\/{rel}","templated":true}]}}