{"id":3620,"date":"2023-11-03T19:14:34","date_gmt":"2023-11-03T18:14:34","guid":{"rendered":"https:\/\/filmotecacantabria.es\/es\/?p=3620"},"modified":"2023-11-03T19:14:34","modified_gmt":"2023-11-03T18:14:34","slug":"la-familia-camus-dona-a-la-filmoteca-de-cantabria-el-archivo-del-director-que-supone-un-antes-y-un-despues-segun-eva-guillermina-fernandez","status":"publish","type":"post","link":"https:\/\/filmotecacantabria.es\/es\/la-familia-camus-dona-a-la-filmoteca-de-cantabria-el-archivo-del-director-que-supone-un-antes-y-un-despues-segun-eva-guillermina-fernandez\/","title":{"rendered":"La familia Camus dona a la Filmoteca de Cantabria el archivo del director que supone \u00abun antes y un despu\u00e9s\u00bb, seg\u00fan Eva Guillermina Fern\u00e1ndez"},"content":{"rendered":"<p><strong>El archivo personal del director Mario Camus pasa a formar parte del fondo documental de esta instituci\u00f3n y estar\u00e1 abierto para la investigaci\u00f3n de estudiosos del cine espa\u00f1ol<\/strong><\/p>\n<p>Santander, 3 de noviembre de 2023.- La consejera de Cultura, Turismo y Deporte, Eva Guillermina Fern\u00e1ndez, ha agradecido de manera muy especial, la \u201cextraordinaria\u201d generosidad de la familia del director Mario Camus por donar su archivo personal que, a partir de este momento, engrosa los fondos de la Filmoteca de Cantabria, que lleva el nombre del cineasta.<\/p>\n<p>Para la titular de Cultura, la incorporaci\u00f3n de este legado supone un \u201cantes y un despu\u00e9s\u201d en la historia de esta instituci\u00f3n pues refuerza su labor de preservaci\u00f3n del patrimonio cinematogr\u00e1fico. En este sentido, la consejera ha mostrado su esperanza de que la Filmoteca se convierta tambi\u00e9n en un \u201cfaro de investigaci\u00f3n y estudio de este arte\u201d.<\/p>\n<p>Para Eva Guillermina Fern\u00e1ndez, este archivo forma parte tambi\u00e9n de nuestra historia ya que son objetos dif\u00edciles de encontrar en la actualidad, como p\u00e1ginas manuscritas, telegramas, fotograf\u00edas, \u201ccosas que nos hablan de un pasado cercano, pero a la vez remoto\u201d.<\/p>\n<p>En su intervenci\u00f3n ha querido destacar que, a trav\u00e9s de la obra de Camus, \u201cuno de nuestros grandes cineastas\u201d, se puede retratar la historia de un pa\u00eds en constante evoluci\u00f3n, \u201csu talento e imaginaci\u00f3n nos ha dejado obras maestras, por eso hoy es un d\u00eda hist\u00f3rico para la cultura cinematogr\u00e1fica del Cantabria\u201d ha se\u00f1alado.<\/p>\n<p>En cuanto al contenido de este archivo, la consejera ha querido poner en valor su riqueza y excepcionalidad, ya que nos ense\u00f1a a trav\u00e9s de una serie de documentos como correspondencia con otros autores como la que mantuvo con Miguel Delibes, cuadernos manuscritos, y cuentos in\u00e9ditos, entre otros, \u201clas muchas facetas creativas de este cineasta\u201d.<\/p>\n<p>Por su parte, el hijo del director, Juli\u00e1n Camus, ha agradecido al Gobierno de Cantabria su disposici\u00f3n a custodiar este legado, y ha comentado que su padre se sentir\u00eda \u201chonrado\u201d de que fuera la Filmoteca \u201cque lleva su nombre\u201d el lugar donde se custodie este archivo.<\/p>\n<p>A este acto tambi\u00e9n ha acudido el director general de Cultura y Patrimonio, Juan Antonio Gonz\u00e1lez Fuentes, y el director de la Filmoteca de Cantabria, Cristian Franco.<\/p>\n<p><strong>Una excepcional colecci\u00f3n de documentos y fotograf\u00edas<\/strong><\/p>\n<p>La Filmoteca de Cantabria \u2018Mario Camus\u2019 ha incorporado a sus fondos el archivo personal de Mario Camus, una colecci\u00f3n que incluye guiones manuscritos, diarios, correspondencia, fotograf\u00edas y otros materiales personales y de trabajo del cineasta, que llegan a la instituci\u00f3n gracias a la generosa donaci\u00f3n de los herederos del director c\u00e1ntabro.<\/p>\n<p>Un abundante material in\u00e9dito conforma este fondo documental que contiene once guiones originales de Camus, varios de ellos con anotaciones manuscritas del autor. \u00a0Destacan piezas tan singulares como \u2018El regreso de Luis Rubio\u2019, proyecto que no se lleg\u00f3 a rodar pero que cristalizar\u00eda posteriormente en la pel\u00edcula \u2018Volver a vivir\u2019, as\u00ed como piezas de especial relevancia para la historia del cine espa\u00f1ol como el guion original de \u2018Los Golfos\u2019.<\/p>\n<p>Adem\u00e1s, se incluyen varios cuadernos utilizados por Camus durante la preparaci\u00f3n de algunos de sus proyectos, y que permiten diseccionar la forma en la que el cineasta desarrollaba sus guiones. Entre estos cuadernos, resulta especialmente rese\u00f1able uno que contiene el desarrollo previo del guion de \u2018La Colmena\u2019.<\/p>\n<p>El archivo contiene una abundante correspondencia, entre la que se incluyen varias cartas que escribi\u00f3 a Miguel Delibes, adem\u00e1s de contratos de trabajo, diarios con anotaciones personales y varios cuentos escritos por el cineasta, algunos de ellos in\u00e9ditos.<\/p>\n<p>Completando este fondo, hay centenares de fotograf\u00edas de 29 pel\u00edculas en las que particip\u00f3 el cineasta c\u00e1ntabro, adem\u00e1s de numerosos libros, ejemplares de publicaciones peri\u00f3dicas con informaciones sobre Camus y su cine, y otros materiales que el cineasta ten\u00eda en su biblioteca personal.<\/p>\n<p>El archivo personal de Mario Camus se ha depositado en la Filmoteca de Cantabria gracias a la donaci\u00f3n de los herederos del cineasta: sus hijos Bruno, Manuela, Carmela, Juli\u00e1n, Juan, Mar\u00eda, Teresa y Roc\u00edo Camus Bergareche, siendo esta \u00faltima la que ha actuado como representante de la familia en las gestiones con la Filmoteca de Cantabria.<\/p>\n<p>Este archivo personal de uno de los grandes directores de los \u00faltimos a\u00f1os, se une al importante fondo que custodia la Filmoteca, de cine familiar y amateur, que cuenta con medio centenar de grabaciones, y que, tras una intensa labor de digitalizaci\u00f3n, pasar\u00e1n ahora a ser catalogadas para poder ponerlas a disposici\u00f3n de los investigadores en un futuro pr\u00f3ximo.<\/p>\n","protected":false},"excerpt":{"rendered":"<p>El archivo personal del director Mario Camus pasa a formar parte del fondo documental de esta instituci\u00f3n y estar\u00e1 abierto para la investigaci\u00f3n de estudiosos del cine espa\u00f1ol Santander, 3 de noviembre de 2023.- La consejera de Cultura, Turismo y Deporte, Eva Guillermina Fern\u00e1ndez, ha agradecido de manera muy especial, la \u201cextraordinaria\u201d generosidad de la [&hellip;]<\/p>\n","protected":false},"author":11,"featured_media":3621,"comment_status":"closed","ping_status":"closed","sticky":false,"template":"","format":"standard","meta":{"inline_featured_image":false,"footnotes":""},"categories":[4],"tags":[],"class_list":["post-3620","post","type-post","status-publish","format-standard","has-post-thumbnail","hentry","category-noticias"],"yoast_head":"<!-- This site is optimized with the Yoast SEO plugin v19.6.1 - https:\/\/yoast.com\/wordpress\/plugins\/seo\/ -->\n<title>La familia Camus dona a la Filmoteca de Cantabria el archivo del director que supone &quot;un antes y un despu\u00e9s&quot;, seg\u00fan Eva Guillermina Fern\u00e1ndez - Filmoteca de Cantabria Mario Camus | Santander | Torrelavega | Regi\u00f3n<\/title>\n<meta name=\"robots\" content=\"index, follow, max-snippet:-1, max-image-preview:large, max-video-preview:-1\" \/>\n<link rel=\"canonical\" href=\"https:\/\/filmotecacantabria.es\/es\/la-familia-camus-dona-a-la-filmoteca-de-cantabria-el-archivo-del-director-que-supone-un-antes-y-un-despues-segun-eva-guillermina-fernandez\/\" \/>\n<meta property=\"og:locale\" content=\"es_ES\" \/>\n<meta property=\"og:type\" content=\"article\" \/>\n<meta property=\"og:title\" content=\"La familia Camus dona a la Filmoteca de Cantabria el archivo del director que supone &quot;un antes y un despu\u00e9s&quot;, seg\u00fan Eva Guillermina Fern\u00e1ndez - Filmoteca de Cantabria Mario Camus | Santander | Torrelavega | Regi\u00f3n\" \/>\n<meta property=\"og:description\" content=\"El archivo personal del director Mario Camus pasa a formar parte del fondo documental de esta instituci\u00f3n y estar\u00e1 abierto para la investigaci\u00f3n de estudiosos del cine espa\u00f1ol Santander, 3 de noviembre de 2023.- La consejera de Cultura, Turismo y Deporte, Eva Guillermina Fern\u00e1ndez, ha agradecido de manera muy especial, la \u201cextraordinaria\u201d generosidad de la [&hellip;]\" \/>\n<meta property=\"og:url\" content=\"https:\/\/filmotecacantabria.es\/es\/la-familia-camus-dona-a-la-filmoteca-de-cantabria-el-archivo-del-director-que-supone-un-antes-y-un-despues-segun-eva-guillermina-fernandez\/\" \/>\n<meta property=\"og:site_name\" content=\"Filmoteca de Cantabria Mario Camus | Santander | Torrelavega | Regi\u00f3n\" \/>\n<meta property=\"article:published_time\" content=\"2023-11-03T18:14:34+00:00\" \/>\n<meta property=\"og:image\" content=\"https:\/\/filmotecacantabria.es\/es\/wp-content\/uploads\/2023\/11\/cultura-filmoteca-archivo-camus-scaled.jpg\" \/>\n\t<meta property=\"og:image:width\" content=\"2560\" \/>\n\t<meta property=\"og:image:height\" content=\"1707\" \/>\n\t<meta property=\"og:image:type\" content=\"image\/jpeg\" \/>\n<meta name=\"author\" content=\"belen.cordoba@srecd.es\" \/>\n<meta name=\"twitter:card\" content=\"summary_large_image\" \/>\n<meta name=\"twitter:label1\" content=\"Escrito por\" \/>\n\t<meta name=\"twitter:data1\" content=\"belen.cordoba@srecd.es\" \/>\n\t<meta name=\"twitter:label2\" content=\"Tiempo de lectura\" \/>\n\t<meta name=\"twitter:data2\" content=\"4 minutos\" \/>\n<script type=\"application\/ld+json\" class=\"yoast-schema-graph\">{\"@context\":\"https:\/\/schema.org\",\"@graph\":[{\"@type\":\"Article\",\"@id\":\"https:\/\/filmotecacantabria.es\/es\/la-familia-camus-dona-a-la-filmoteca-de-cantabria-el-archivo-del-director-que-supone-un-antes-y-un-despues-segun-eva-guillermina-fernandez\/#article\",\"isPartOf\":{\"@id\":\"https:\/\/filmotecacantabria.es\/es\/la-familia-camus-dona-a-la-filmoteca-de-cantabria-el-archivo-del-director-que-supone-un-antes-y-un-despues-segun-eva-guillermina-fernandez\/\"},\"author\":{\"name\":\"belen.cordoba@srecd.es\",\"@id\":\"https:\/\/filmotecacantabria.es\/es\/#\/schema\/person\/86205b2ac543405aae888afb3afdb6d8\"},\"headline\":\"La familia Camus dona a la Filmoteca de Cantabria el archivo del director que supone \u00abun antes y un despu\u00e9s\u00bb, seg\u00fan Eva Guillermina Fern\u00e1ndez\",\"datePublished\":\"2023-11-03T18:14:34+00:00\",\"dateModified\":\"2023-11-03T18:14:34+00:00\",\"mainEntityOfPage\":{\"@id\":\"https:\/\/filmotecacantabria.es\/es\/la-familia-camus-dona-a-la-filmoteca-de-cantabria-el-archivo-del-director-que-supone-un-antes-y-un-despues-segun-eva-guillermina-fernandez\/\"},\"wordCount\":823,\"publisher\":{\"@id\":\"https:\/\/filmotecacantabria.es\/es\/#organization\"},\"articleSection\":[\"Noticias\"],\"inLanguage\":\"es\"},{\"@type\":\"WebPage\",\"@id\":\"https:\/\/filmotecacantabria.es\/es\/la-familia-camus-dona-a-la-filmoteca-de-cantabria-el-archivo-del-director-que-supone-un-antes-y-un-despues-segun-eva-guillermina-fernandez\/\",\"url\":\"https:\/\/filmotecacantabria.es\/es\/la-familia-camus-dona-a-la-filmoteca-de-cantabria-el-archivo-del-director-que-supone-un-antes-y-un-despues-segun-eva-guillermina-fernandez\/\",\"name\":\"La familia Camus dona a la Filmoteca de Cantabria el archivo del director que supone \\\"un antes y un despu\u00e9s\\\", seg\u00fan Eva Guillermina Fern\u00e1ndez - Filmoteca de Cantabria Mario Camus | Santander | Torrelavega | Regi\u00f3n\",\"isPartOf\":{\"@id\":\"https:\/\/filmotecacantabria.es\/es\/#website\"},\"datePublished\":\"2023-11-03T18:14:34+00:00\",\"dateModified\":\"2023-11-03T18:14:34+00:00\",\"breadcrumb\":{\"@id\":\"https:\/\/filmotecacantabria.es\/es\/la-familia-camus-dona-a-la-filmoteca-de-cantabria-el-archivo-del-director-que-supone-un-antes-y-un-despues-segun-eva-guillermina-fernandez\/#breadcrumb\"},\"inLanguage\":\"es\",\"potentialAction\":[{\"@type\":\"ReadAction\",\"target\":[\"https:\/\/filmotecacantabria.es\/es\/la-familia-camus-dona-a-la-filmoteca-de-cantabria-el-archivo-del-director-que-supone-un-antes-y-un-despues-segun-eva-guillermina-fernandez\/\"]}]},{\"@type\":\"BreadcrumbList\",\"@id\":\"https:\/\/filmotecacantabria.es\/es\/la-familia-camus-dona-a-la-filmoteca-de-cantabria-el-archivo-del-director-que-supone-un-antes-y-un-despues-segun-eva-guillermina-fernandez\/#breadcrumb\",\"itemListElement\":[{\"@type\":\"ListItem\",\"position\":1,\"name\":\"Portada\",\"item\":\"https:\/\/filmotecacantabria.es\/es\/inicio\/\"},{\"@type\":\"ListItem\",\"position\":2,\"name\":\"La familia Camus dona a la Filmoteca de Cantabria el archivo del director que supone &#8220;un antes y un despu\u00e9s&#8221;, seg\u00fan Eva Guillermina Fern\u00e1ndez\"}]},{\"@type\":\"WebSite\",\"@id\":\"https:\/\/filmotecacantabria.es\/es\/#website\",\"url\":\"https:\/\/filmotecacantabria.es\/es\/\",\"name\":\"Filmoteca de Cantabria Mario Camus | Santander | Torrelavega | Regi\u00f3n\",\"description\":\"Toda la programaci\u00f3n de las filmotecas de Cantabria Mario Camus.\",\"publisher\":{\"@id\":\"https:\/\/filmotecacantabria.es\/es\/#organization\"},\"potentialAction\":[{\"@type\":\"SearchAction\",\"target\":{\"@type\":\"EntryPoint\",\"urlTemplate\":\"https:\/\/filmotecacantabria.es\/es\/?s={search_term_string}\"},\"query-input\":\"required name=search_term_string\"}],\"inLanguage\":\"es\"},{\"@type\":\"Organization\",\"@id\":\"https:\/\/filmotecacantabria.es\/es\/#organization\",\"name\":\"Filmoteca de Cantabria Mario Camus | Santander | Torrelavega | Regi\u00f3n\",\"url\":\"https:\/\/filmotecacantabria.es\/es\/\",\"sameAs\":[],\"logo\":{\"@type\":\"ImageObject\",\"inLanguage\":\"es\",\"@id\":\"https:\/\/filmotecacantabria.es\/es\/#\/schema\/logo\/image\/\",\"url\":\"https:\/\/filmotecacantabria.es\/es\/wp-content\/uploads\/2021\/12\/logo-filmoteca-cantabria-1-mario-camus.png\",\"contentUrl\":\"https:\/\/filmotecacantabria.es\/es\/wp-content\/uploads\/2021\/12\/logo-filmoteca-cantabria-1-mario-camus.png\",\"width\":170,\"height\":183,\"caption\":\"Filmoteca de Cantabria Mario Camus | Santander | Torrelavega | Regi\u00f3n\"},\"image\":{\"@id\":\"https:\/\/filmotecacantabria.es\/es\/#\/schema\/logo\/image\/\"}},{\"@type\":\"Person\",\"@id\":\"https:\/\/filmotecacantabria.es\/es\/#\/schema\/person\/86205b2ac543405aae888afb3afdb6d8\",\"name\":\"belen.cordoba@srecd.es\",\"image\":{\"@type\":\"ImageObject\",\"inLanguage\":\"es\",\"@id\":\"https:\/\/filmotecacantabria.es\/es\/#\/schema\/person\/image\/\",\"url\":\"https:\/\/secure.gravatar.com\/avatar\/a185108474f14fc94f32f86115d60aeb?s=96&d=mm&r=g\",\"contentUrl\":\"https:\/\/secure.gravatar.com\/avatar\/a185108474f14fc94f32f86115d60aeb?s=96&d=mm&r=g\",\"caption\":\"belen.cordoba@srecd.es\"}}]}<\/script>\n<!-- \/ Yoast SEO plugin. -->","yoast_head_json":{"title":"La familia Camus dona a la Filmoteca de Cantabria el archivo del director que supone \"un antes y un despu\u00e9s\", seg\u00fan Eva Guillermina Fern\u00e1ndez - Filmoteca de Cantabria Mario Camus | Santander | Torrelavega | Regi\u00f3n","robots":{"index":"index","follow":"follow","max-snippet":"max-snippet:-1","max-image-preview":"max-image-preview:large","max-video-preview":"max-video-preview:-1"},"canonical":"https:\/\/filmotecacantabria.es\/es\/la-familia-camus-dona-a-la-filmoteca-de-cantabria-el-archivo-del-director-que-supone-un-antes-y-un-despues-segun-eva-guillermina-fernandez\/","og_locale":"es_ES","og_type":"article","og_title":"La familia Camus dona a la Filmoteca de Cantabria el archivo del director que supone \"un antes y un despu\u00e9s\", seg\u00fan Eva Guillermina Fern\u00e1ndez - Filmoteca de Cantabria Mario Camus | Santander | Torrelavega | Regi\u00f3n","og_description":"El archivo personal del director Mario Camus pasa a formar parte del fondo documental de esta instituci\u00f3n y estar\u00e1 abierto para la investigaci\u00f3n de estudiosos del cine espa\u00f1ol Santander, 3 de noviembre de 2023.- La consejera de Cultura, Turismo y Deporte, Eva Guillermina Fern\u00e1ndez, ha agradecido de manera muy especial, la \u201cextraordinaria\u201d generosidad de la [&hellip;]","og_url":"https:\/\/filmotecacantabria.es\/es\/la-familia-camus-dona-a-la-filmoteca-de-cantabria-el-archivo-del-director-que-supone-un-antes-y-un-despues-segun-eva-guillermina-fernandez\/","og_site_name":"Filmoteca de Cantabria Mario Camus | Santander | Torrelavega | Regi\u00f3n","article_published_time":"2023-11-03T18:14:34+00:00","og_image":[{"width":2560,"height":1707,"url":"https:\/\/filmotecacantabria.es\/es\/wp-content\/uploads\/2023\/11\/cultura-filmoteca-archivo-camus-scaled.jpg","type":"image\/jpeg"}],"author":"belen.cordoba@srecd.es","twitter_card":"summary_large_image","twitter_misc":{"Escrito por":"belen.cordoba@srecd.es","Tiempo de lectura":"4 minutos"},"schema":{"@context":"https:\/\/schema.org","@graph":[{"@type":"Article","@id":"https:\/\/filmotecacantabria.es\/es\/la-familia-camus-dona-a-la-filmoteca-de-cantabria-el-archivo-del-director-que-supone-un-antes-y-un-despues-segun-eva-guillermina-fernandez\/#article","isPartOf":{"@id":"https:\/\/filmotecacantabria.es\/es\/la-familia-camus-dona-a-la-filmoteca-de-cantabria-el-archivo-del-director-que-supone-un-antes-y-un-despues-segun-eva-guillermina-fernandez\/"},"author":{"name":"belen.cordoba@srecd.es","@id":"https:\/\/filmotecacantabria.es\/es\/#\/schema\/person\/86205b2ac543405aae888afb3afdb6d8"},"headline":"La familia Camus dona a la Filmoteca de Cantabria el archivo del director que supone \u00abun antes y un despu\u00e9s\u00bb, seg\u00fan Eva Guillermina Fern\u00e1ndez","datePublished":"2023-11-03T18:14:34+00:00","dateModified":"2023-11-03T18:14:34+00:00","mainEntityOfPage":{"@id":"https:\/\/filmotecacantabria.es\/es\/la-familia-camus-dona-a-la-filmoteca-de-cantabria-el-archivo-del-director-que-supone-un-antes-y-un-despues-segun-eva-guillermina-fernandez\/"},"wordCount":823,"publisher":{"@id":"https:\/\/filmotecacantabria.es\/es\/#organization"},"articleSection":["Noticias"],"inLanguage":"es"},{"@type":"WebPage","@id":"https:\/\/filmotecacantabria.es\/es\/la-familia-camus-dona-a-la-filmoteca-de-cantabria-el-archivo-del-director-que-supone-un-antes-y-un-despues-segun-eva-guillermina-fernandez\/","url":"https:\/\/filmotecacantabria.es\/es\/la-familia-camus-dona-a-la-filmoteca-de-cantabria-el-archivo-del-director-que-supone-un-antes-y-un-despues-segun-eva-guillermina-fernandez\/","name":"La familia Camus dona a la Filmoteca de Cantabria el archivo del director que supone \"un antes y un despu\u00e9s\", seg\u00fan Eva Guillermina Fern\u00e1ndez - Filmoteca de Cantabria Mario Camus | Santander | Torrelavega | Regi\u00f3n","isPartOf":{"@id":"https:\/\/filmotecacantabria.es\/es\/#website"},"datePublished":"2023-11-03T18:14:34+00:00","dateModified":"2023-11-03T18:14:34+00:00","breadcrumb":{"@id":"https:\/\/filmotecacantabria.es\/es\/la-familia-camus-dona-a-la-filmoteca-de-cantabria-el-archivo-del-director-que-supone-un-antes-y-un-despues-segun-eva-guillermina-fernandez\/#breadcrumb"},"inLanguage":"es","potentialAction":[{"@type":"ReadAction","target":["https:\/\/filmotecacantabria.es\/es\/la-familia-camus-dona-a-la-filmoteca-de-cantabria-el-archivo-del-director-que-supone-un-antes-y-un-despues-segun-eva-guillermina-fernandez\/"]}]},{"@type":"BreadcrumbList","@id":"https:\/\/filmotecacantabria.es\/es\/la-familia-camus-dona-a-la-filmoteca-de-cantabria-el-archivo-del-director-que-supone-un-antes-y-un-despues-segun-eva-guillermina-fernandez\/#breadcrumb","itemListElement":[{"@type":"ListItem","position":1,"name":"Portada","item":"https:\/\/filmotecacantabria.es\/es\/inicio\/"},{"@type":"ListItem","position":2,"name":"La familia Camus dona a la Filmoteca de Cantabria el archivo del director que supone &#8220;un antes y un despu\u00e9s&#8221;, seg\u00fan Eva Guillermina Fern\u00e1ndez"}]},{"@type":"WebSite","@id":"https:\/\/filmotecacantabria.es\/es\/#website","url":"https:\/\/filmotecacantabria.es\/es\/","name":"Filmoteca de Cantabria Mario Camus | Santander | Torrelavega | Regi\u00f3n","description":"Toda la programaci\u00f3n de las filmotecas de Cantabria Mario Camus.","publisher":{"@id":"https:\/\/filmotecacantabria.es\/es\/#organization"},"potentialAction":[{"@type":"SearchAction","target":{"@type":"EntryPoint","urlTemplate":"https:\/\/filmotecacantabria.es\/es\/?s={search_term_string}"},"query-input":"required name=search_term_string"}],"inLanguage":"es"},{"@type":"Organization","@id":"https:\/\/filmotecacantabria.es\/es\/#organization","name":"Filmoteca de Cantabria Mario Camus | Santander | Torrelavega | Regi\u00f3n","url":"https:\/\/filmotecacantabria.es\/es\/","sameAs":[],"logo":{"@type":"ImageObject","inLanguage":"es","@id":"https:\/\/filmotecacantabria.es\/es\/#\/schema\/logo\/image\/","url":"https:\/\/filmotecacantabria.es\/es\/wp-content\/uploads\/2021\/12\/logo-filmoteca-cantabria-1-mario-camus.png","contentUrl":"https:\/\/filmotecacantabria.es\/es\/wp-content\/uploads\/2021\/12\/logo-filmoteca-cantabria-1-mario-camus.png","width":170,"height":183,"caption":"Filmoteca de Cantabria Mario Camus | Santander | Torrelavega | Regi\u00f3n"},"image":{"@id":"https:\/\/filmotecacantabria.es\/es\/#\/schema\/logo\/image\/"}},{"@type":"Person","@id":"https:\/\/filmotecacantabria.es\/es\/#\/schema\/person\/86205b2ac543405aae888afb3afdb6d8","name":"belen.cordoba@srecd.es","image":{"@type":"ImageObject","inLanguage":"es","@id":"https:\/\/filmotecacantabria.es\/es\/#\/schema\/person\/image\/","url":"https:\/\/secure.gravatar.com\/avatar\/a185108474f14fc94f32f86115d60aeb?s=96&d=mm&r=g","contentUrl":"https:\/\/secure.gravatar.com\/avatar\/a185108474f14fc94f32f86115d60aeb?s=96&d=mm&r=g","caption":"belen.cordoba@srecd.es"}}]}},"_links":{"self":[{"href":"https:\/\/filmotecacantabria.es\/es\/wp-json\/wp\/v2\/posts\/3620"}],"collection":[{"href":"https:\/\/filmotecacantabria.es\/es\/wp-json\/wp\/v2\/posts"}],"about":[{"href":"https:\/\/filmotecacantabria.es\/es\/wp-json\/wp\/v2\/types\/post"}],"author":[{"embeddable":true,"href":"https:\/\/filmotecacantabria.es\/es\/wp-json\/wp\/v2\/users\/11"}],"replies":[{"embeddable":true,"href":"https:\/\/filmotecacantabria.es\/es\/wp-json\/wp\/v2\/comments?post=3620"}],"version-history":[{"count":2,"href":"https:\/\/filmotecacantabria.es\/es\/wp-json\/wp\/v2\/posts\/3620\/revisions"}],"predecessor-version":[{"id":3623,"href":"https:\/\/filmotecacantabria.es\/es\/wp-json\/wp\/v2\/posts\/3620\/revisions\/3623"}],"wp:featuredmedia":[{"embeddable":true,"href":"https:\/\/filmotecacantabria.es\/es\/wp-json\/wp\/v2\/media\/3621"}],"wp:attachment":[{"href":"https:\/\/filmotecacantabria.es\/es\/wp-json\/wp\/v2\/media?parent=3620"}],"wp:term":[{"taxonomy":"category","embeddable":true,"href":"https:\/\/filmotecacantabria.es\/es\/wp-json\/wp\/v2\/categories?post=3620"},{"taxonomy":"post_tag","embeddable":true,"href":"https:\/\/filmotecacantabria.es\/es\/wp-json\/wp\/v2\/tags?post=3620"}],"curies":[{"name":"wp","href":"https:\/\/api.w.org\/{rel}","templated":true}]}}