{"id":3607,"date":"2023-10-31T11:55:54","date_gmt":"2023-10-31T10:55:54","guid":{"rendered":"https:\/\/filmotecacantabria.es\/es\/?p=3607"},"modified":"2023-10-31T12:00:36","modified_gmt":"2023-10-31T11:00:36","slug":"pepe-viyuela-presenta-el-22-de-noviembre-en-la-filmoteca-de-cantabria-un-viaje-hacia-nosotros-un-documental-que-bucea-en-su-memoria-familiar","status":"publish","type":"post","link":"https:\/\/filmotecacantabria.es\/es\/pepe-viyuela-presenta-el-22-de-noviembre-en-la-filmoteca-de-cantabria-un-viaje-hacia-nosotros-un-documental-que-bucea-en-su-memoria-familiar\/","title":{"rendered":"Pepe Viyuela presenta el 22 de noviembre en la Filmoteca de Cantabria \u2018Un viaje hacia nosotros\u2019, un documental que bucea en su memoria familiar"},"content":{"rendered":"<p><strong>La sala de Bonifaz acoge el mes que viene la quinta edici\u00f3n del ciclo de cine documental de La Llave Azul, que incluye el estreno de \u2018Un d\u00eda Lobo L\u00f3pez\u2019 y \u2018La Singla\u2019, y la conclusi\u00f3n de los especiales \u2018D\u00eda del cine espa\u00f1ol\u2019 y \u2018Puntos de fuga\u2019<\/strong><\/p>\n<p><strong>Santander, 31 de octubre de 2023.- <\/strong>La Filmoteca de Cantabria Mario Camus acoger\u00e1 el 22 de noviembre la presentaci\u00f3n \u2018Un viaje hacia nosotros\u2019, un documental que bucea en la memoria familiar del actor Pepe Viyuela quien, adem\u00e1s, participar\u00e1 en su proyecci\u00f3n ante el p\u00fablico c\u00e1ntabro.<\/p>\n<p>Este trabajo surge de la investigaci\u00f3n hist\u00f3rica que comenz\u00f3 el actor para rastrear las huellas de su abuelo Gervasio, que combati\u00f3 en la Guerra Civil, y la proyecci\u00f3n en la sala c\u00e1ntabra forma parte del proyecto \u2018Recordari\u2019 de Quasar Teatro.<\/p>\n<p>Esta presentaci\u00f3n es una de las propuestas m\u00e1s destacadas de la programaci\u00f3n de la Filmoteca de Cantabria para noviembre, mes en el que tambi\u00e9n concluir\u00e1n los especiales \u2018Puntos de fuga\u2019, que organiza Cineinfinito, y por la celebraci\u00f3n del D\u00eda del Cine Espa\u00f1ol.<\/p>\n<p>As\u00ed, este \u00faltimo ciclo, que mantiene la entrada gratuita para las proyecciones previstas, ha programado filmes como \u2018A tiro limpio\u2019, el vigoroso policiaco dirigido en 1963 por Francisco P\u00e9rez-Dolz, o \u2018Tren de sombras\u2019 de Jos\u00e9 Luis Guer\u00edn, ambos restaurados recientemente por la Filmoteca de Catalu\u00f1a.<\/p>\n<p>Asimismo, en noviembre se podr\u00e1n ver de nuevo los cortometrajes realizados por Mario Camus durante sus a\u00f1os de formaci\u00f3n en la Escuela Oficial de Cine.<\/p>\n<p>En concreto, el d\u00eda 23 en una sesi\u00f3n que se completar\u00e1 con la proyecci\u00f3n de \u2018Secuencias de la vida de un cineasta\u2019, documental autobiogr\u00e1fico realizado en 2002 por Jos\u00e9 Antonio Nieves Conde que permanece in\u00e9dito y que se podr\u00e1 ver en Santander gracias a la colaboraci\u00f3n del Gobierno del Principado de Asturias y de la Biblioteca de Asturias.<\/p>\n<p>Por otra parte, el mes que viene tendr\u00e1 lugar en la Filmoteca de Cantabria el quinto ciclo de cine documental que organiza la asociaci\u00f3n La Llave Azul.<\/p>\n<p>En esta nueva edici\u00f3n incluye cinco pel\u00edculas: \u2018Los caballos mueren al amanecer\u2019 (d\u00eda 15), \u2018Smoke sauna sisterhood\u2019 (d\u00eda 16), \u2018Un d\u00eda Lobo L\u00f3pez\u2019, sobre la grabaci\u00f3n del disco de Kiko Veneno \u2018\u00c9chate un cantecito\u2019 (d\u00eda 17), \u2018En El Adamant\u2019 (d\u00eda 18) y \u2018La Singla\u2019, recorrido biogr\u00e1fico de la m\u00edtica bailaora sorda (d\u00eda 19).<\/p>\n<p>El ciclo \u2018Cine y Arquitectura\u2019, que se prolongar\u00e1 durante los meses de noviembre y diciembre y que se desarrolla en colaboraci\u00f3n con el Colegio Oficial de Arquitectos de Cantabria, traer\u00e1 este mes las proyecciones de \u2018Gagarine\u2019 y de \u2018El palacio ideal\u2019.<\/p>\n<p>Por su parte, la iniciativa cultural El Temporal organiza un ciclo con tres pel\u00edculas: \u2018Mercado de futuros\u2019 (d\u00eda 2), el cl\u00e1sico de King Vidor \u2018El pan nuestro de cada d\u00eda\u2019 (d\u00eda 9), que ser\u00e1 presentado por el director y profesor de cine Paulino Viota, y \u2018Taming the garden\u2019 (d\u00edas 22 y 24).<\/p>\n<p>Igualmente, a partir del d\u00eda 29 se desarrollar\u00e1 en la Filmoteca de Cantabria una nueva edici\u00f3n del Lab del Norte, que incluye varias proyecciones que comienzan el d\u00eda 30 con \u2018El vasco\u2019.<\/p>\n<p>La programaci\u00f3n de noviembre incluye tambi\u00e9n dos sesiones de Filmoteca Junior, con entrada gratuita y para p\u00fablico infantil y familiar: \u2018El gigante de hierro\u2019, el d\u00eda 12, y \u2018La Lego pel\u00edcula\u2019, el d\u00eda 19.<\/p>\n<p>Con motivo de la conmemoraci\u00f3n del D\u00eda Internacional de la Eliminaci\u00f3n de la Violencia contra la Mujer se ha programado \u2018Un tranv\u00eda llamado deseo\u2019, enmarcado en uno de los ciclos habituales de la sala c\u00e1ntabra: \u2018El alma de la \u00e9poca\u2019.<\/p>\n<p>Adem\u00e1s, como sesiones de entrada libre y gratuita la Filmoteca de Cantabria ofrece en noviembre la presentaci\u00f3n de tres cortometrajes producidos en Cantabria o con participaci\u00f3n de cineastas c\u00e1ntabros.<\/p>\n<p>Se trata de \u2018Esto no es Noruega\u2019 de Alicia Albares y Paco Cavero, \u2018Sobaos La Hembra\u2019 de \u00d3scar Moreno y \u2018Encara dura\u2019 de Irene Puente.<\/p>\n<p>A ello se suma la presentaci\u00f3n el 30 de noviembre por parte de Burbuja Films de su proyecto \u2018Pilares escondidos\u2019 y las colaboraciones con la asociaci\u00f3n Diamantes Musicales, que el d\u00eda 25 presentar\u00e1 en Bonifaz \u2018Rock and Roll y malas compa\u00f1\u00edas\u2019, y con el Consulado de Colombia en Bilbao, que el d\u00eda 18 trae \u2018El beat\u2019.<\/p>\n","protected":false},"excerpt":{"rendered":"<p>La sala de Bonifaz acoge el mes que viene la quinta edici\u00f3n del ciclo de cine documental de La Llave Azul, que incluye el estreno de \u2018Un d\u00eda Lobo L\u00f3pez\u2019 y \u2018La Singla\u2019, y la conclusi\u00f3n de los especiales \u2018D\u00eda del cine espa\u00f1ol\u2019 y \u2018Puntos de fuga\u2019 Santander, 31 de octubre de 2023.- La Filmoteca [&hellip;]<\/p>\n","protected":false},"author":11,"featured_media":3612,"comment_status":"closed","ping_status":"closed","sticky":false,"template":"","format":"standard","meta":{"inline_featured_image":false,"footnotes":""},"categories":[4],"tags":[],"class_list":["post-3607","post","type-post","status-publish","format-standard","has-post-thumbnail","hentry","category-noticias"],"yoast_head":"<!-- This site is optimized with the Yoast SEO plugin v19.6.1 - https:\/\/yoast.com\/wordpress\/plugins\/seo\/ -->\n<title>Pepe Viyuela presenta el 22 de noviembre en la Filmoteca de Cantabria \u2018Un viaje hacia nosotros\u2019, un documental que bucea en su memoria familiar - Filmoteca de Cantabria Mario Camus | Santander | Torrelavega | Regi\u00f3n<\/title>\n<meta name=\"robots\" content=\"index, follow, max-snippet:-1, max-image-preview:large, max-video-preview:-1\" \/>\n<link rel=\"canonical\" href=\"https:\/\/filmotecacantabria.es\/es\/pepe-viyuela-presenta-el-22-de-noviembre-en-la-filmoteca-de-cantabria-un-viaje-hacia-nosotros-un-documental-que-bucea-en-su-memoria-familiar\/\" \/>\n<meta property=\"og:locale\" content=\"es_ES\" \/>\n<meta property=\"og:type\" content=\"article\" \/>\n<meta property=\"og:title\" content=\"Pepe Viyuela presenta el 22 de noviembre en la Filmoteca de Cantabria \u2018Un viaje hacia nosotros\u2019, un documental que bucea en su memoria familiar - Filmoteca de Cantabria Mario Camus | Santander | Torrelavega | Regi\u00f3n\" \/>\n<meta property=\"og:description\" content=\"La sala de Bonifaz acoge el mes que viene la quinta edici\u00f3n del ciclo de cine documental de La Llave Azul, que incluye el estreno de \u2018Un d\u00eda Lobo L\u00f3pez\u2019 y \u2018La Singla\u2019, y la conclusi\u00f3n de los especiales \u2018D\u00eda del cine espa\u00f1ol\u2019 y \u2018Puntos de fuga\u2019 Santander, 31 de octubre de 2023.- La Filmoteca [&hellip;]\" \/>\n<meta property=\"og:url\" content=\"https:\/\/filmotecacantabria.es\/es\/pepe-viyuela-presenta-el-22-de-noviembre-en-la-filmoteca-de-cantabria-un-viaje-hacia-nosotros-un-documental-que-bucea-en-su-memoria-familiar\/\" \/>\n<meta property=\"og:site_name\" content=\"Filmoteca de Cantabria Mario Camus | Santander | Torrelavega | Regi\u00f3n\" \/>\n<meta property=\"article:published_time\" content=\"2023-10-31T10:55:54+00:00\" \/>\n<meta property=\"article:modified_time\" content=\"2023-10-31T11:00:36+00:00\" \/>\n<meta property=\"og:image\" content=\"https:\/\/filmotecacantabria.es\/es\/wp-content\/uploads\/2023\/10\/un-viaje-hacia-nosotros.jpg\" \/>\n\t<meta property=\"og:image:width\" content=\"926\" \/>\n\t<meta property=\"og:image:height\" content=\"1200\" \/>\n\t<meta property=\"og:image:type\" content=\"image\/jpeg\" \/>\n<meta name=\"author\" content=\"belen.cordoba@srecd.es\" \/>\n<meta name=\"twitter:card\" content=\"summary_large_image\" \/>\n<meta name=\"twitter:label1\" content=\"Escrito por\" \/>\n\t<meta name=\"twitter:data1\" content=\"belen.cordoba@srecd.es\" \/>\n\t<meta name=\"twitter:label2\" content=\"Tiempo de lectura\" \/>\n\t<meta name=\"twitter:data2\" content=\"4 minutos\" \/>\n<script type=\"application\/ld+json\" class=\"yoast-schema-graph\">{\"@context\":\"https:\/\/schema.org\",\"@graph\":[{\"@type\":\"Article\",\"@id\":\"https:\/\/filmotecacantabria.es\/es\/pepe-viyuela-presenta-el-22-de-noviembre-en-la-filmoteca-de-cantabria-un-viaje-hacia-nosotros-un-documental-que-bucea-en-su-memoria-familiar\/#article\",\"isPartOf\":{\"@id\":\"https:\/\/filmotecacantabria.es\/es\/pepe-viyuela-presenta-el-22-de-noviembre-en-la-filmoteca-de-cantabria-un-viaje-hacia-nosotros-un-documental-que-bucea-en-su-memoria-familiar\/\"},\"author\":{\"name\":\"belen.cordoba@srecd.es\",\"@id\":\"https:\/\/filmotecacantabria.es\/es\/#\/schema\/person\/86205b2ac543405aae888afb3afdb6d8\"},\"headline\":\"Pepe Viyuela presenta el 22 de noviembre en la Filmoteca de Cantabria \u2018Un viaje hacia nosotros\u2019, un documental que bucea en su memoria familiar\",\"datePublished\":\"2023-10-31T10:55:54+00:00\",\"dateModified\":\"2023-10-31T11:00:36+00:00\",\"mainEntityOfPage\":{\"@id\":\"https:\/\/filmotecacantabria.es\/es\/pepe-viyuela-presenta-el-22-de-noviembre-en-la-filmoteca-de-cantabria-un-viaje-hacia-nosotros-un-documental-que-bucea-en-su-memoria-familiar\/\"},\"wordCount\":771,\"publisher\":{\"@id\":\"https:\/\/filmotecacantabria.es\/es\/#organization\"},\"articleSection\":[\"Noticias\"],\"inLanguage\":\"es\"},{\"@type\":\"WebPage\",\"@id\":\"https:\/\/filmotecacantabria.es\/es\/pepe-viyuela-presenta-el-22-de-noviembre-en-la-filmoteca-de-cantabria-un-viaje-hacia-nosotros-un-documental-que-bucea-en-su-memoria-familiar\/\",\"url\":\"https:\/\/filmotecacantabria.es\/es\/pepe-viyuela-presenta-el-22-de-noviembre-en-la-filmoteca-de-cantabria-un-viaje-hacia-nosotros-un-documental-que-bucea-en-su-memoria-familiar\/\",\"name\":\"Pepe Viyuela presenta el 22 de noviembre en la Filmoteca de Cantabria \u2018Un viaje hacia nosotros\u2019, un documental que bucea en su memoria familiar - Filmoteca de Cantabria Mario Camus | Santander | Torrelavega | Regi\u00f3n\",\"isPartOf\":{\"@id\":\"https:\/\/filmotecacantabria.es\/es\/#website\"},\"datePublished\":\"2023-10-31T10:55:54+00:00\",\"dateModified\":\"2023-10-31T11:00:36+00:00\",\"breadcrumb\":{\"@id\":\"https:\/\/filmotecacantabria.es\/es\/pepe-viyuela-presenta-el-22-de-noviembre-en-la-filmoteca-de-cantabria-un-viaje-hacia-nosotros-un-documental-que-bucea-en-su-memoria-familiar\/#breadcrumb\"},\"inLanguage\":\"es\",\"potentialAction\":[{\"@type\":\"ReadAction\",\"target\":[\"https:\/\/filmotecacantabria.es\/es\/pepe-viyuela-presenta-el-22-de-noviembre-en-la-filmoteca-de-cantabria-un-viaje-hacia-nosotros-un-documental-que-bucea-en-su-memoria-familiar\/\"]}]},{\"@type\":\"BreadcrumbList\",\"@id\":\"https:\/\/filmotecacantabria.es\/es\/pepe-viyuela-presenta-el-22-de-noviembre-en-la-filmoteca-de-cantabria-un-viaje-hacia-nosotros-un-documental-que-bucea-en-su-memoria-familiar\/#breadcrumb\",\"itemListElement\":[{\"@type\":\"ListItem\",\"position\":1,\"name\":\"Portada\",\"item\":\"https:\/\/filmotecacantabria.es\/es\/inicio\/\"},{\"@type\":\"ListItem\",\"position\":2,\"name\":\"Pepe Viyuela presenta el 22 de noviembre en la Filmoteca de Cantabria \u2018Un viaje hacia nosotros\u2019, un documental que bucea en su memoria familiar\"}]},{\"@type\":\"WebSite\",\"@id\":\"https:\/\/filmotecacantabria.es\/es\/#website\",\"url\":\"https:\/\/filmotecacantabria.es\/es\/\",\"name\":\"Filmoteca de Cantabria Mario Camus | Santander | Torrelavega | Regi\u00f3n\",\"description\":\"Toda la programaci\u00f3n de las filmotecas de Cantabria Mario Camus.\",\"publisher\":{\"@id\":\"https:\/\/filmotecacantabria.es\/es\/#organization\"},\"potentialAction\":[{\"@type\":\"SearchAction\",\"target\":{\"@type\":\"EntryPoint\",\"urlTemplate\":\"https:\/\/filmotecacantabria.es\/es\/?s={search_term_string}\"},\"query-input\":\"required name=search_term_string\"}],\"inLanguage\":\"es\"},{\"@type\":\"Organization\",\"@id\":\"https:\/\/filmotecacantabria.es\/es\/#organization\",\"name\":\"Filmoteca de Cantabria Mario Camus | Santander | Torrelavega | Regi\u00f3n\",\"url\":\"https:\/\/filmotecacantabria.es\/es\/\",\"sameAs\":[],\"logo\":{\"@type\":\"ImageObject\",\"inLanguage\":\"es\",\"@id\":\"https:\/\/filmotecacantabria.es\/es\/#\/schema\/logo\/image\/\",\"url\":\"https:\/\/filmotecacantabria.es\/es\/wp-content\/uploads\/2021\/12\/logo-filmoteca-cantabria-1-mario-camus.png\",\"contentUrl\":\"https:\/\/filmotecacantabria.es\/es\/wp-content\/uploads\/2021\/12\/logo-filmoteca-cantabria-1-mario-camus.png\",\"width\":170,\"height\":183,\"caption\":\"Filmoteca de Cantabria Mario Camus | Santander | Torrelavega | Regi\u00f3n\"},\"image\":{\"@id\":\"https:\/\/filmotecacantabria.es\/es\/#\/schema\/logo\/image\/\"}},{\"@type\":\"Person\",\"@id\":\"https:\/\/filmotecacantabria.es\/es\/#\/schema\/person\/86205b2ac543405aae888afb3afdb6d8\",\"name\":\"belen.cordoba@srecd.es\",\"image\":{\"@type\":\"ImageObject\",\"inLanguage\":\"es\",\"@id\":\"https:\/\/filmotecacantabria.es\/es\/#\/schema\/person\/image\/\",\"url\":\"https:\/\/secure.gravatar.com\/avatar\/a185108474f14fc94f32f86115d60aeb?s=96&d=mm&r=g\",\"contentUrl\":\"https:\/\/secure.gravatar.com\/avatar\/a185108474f14fc94f32f86115d60aeb?s=96&d=mm&r=g\",\"caption\":\"belen.cordoba@srecd.es\"}}]}<\/script>\n<!-- \/ Yoast SEO plugin. -->","yoast_head_json":{"title":"Pepe Viyuela presenta el 22 de noviembre en la Filmoteca de Cantabria \u2018Un viaje hacia nosotros\u2019, un documental que bucea en su memoria familiar - Filmoteca de Cantabria Mario Camus | Santander | Torrelavega | Regi\u00f3n","robots":{"index":"index","follow":"follow","max-snippet":"max-snippet:-1","max-image-preview":"max-image-preview:large","max-video-preview":"max-video-preview:-1"},"canonical":"https:\/\/filmotecacantabria.es\/es\/pepe-viyuela-presenta-el-22-de-noviembre-en-la-filmoteca-de-cantabria-un-viaje-hacia-nosotros-un-documental-que-bucea-en-su-memoria-familiar\/","og_locale":"es_ES","og_type":"article","og_title":"Pepe Viyuela presenta el 22 de noviembre en la Filmoteca de Cantabria \u2018Un viaje hacia nosotros\u2019, un documental que bucea en su memoria familiar - Filmoteca de Cantabria Mario Camus | Santander | Torrelavega | Regi\u00f3n","og_description":"La sala de Bonifaz acoge el mes que viene la quinta edici\u00f3n del ciclo de cine documental de La Llave Azul, que incluye el estreno de \u2018Un d\u00eda Lobo L\u00f3pez\u2019 y \u2018La Singla\u2019, y la conclusi\u00f3n de los especiales \u2018D\u00eda del cine espa\u00f1ol\u2019 y \u2018Puntos de fuga\u2019 Santander, 31 de octubre de 2023.- La Filmoteca [&hellip;]","og_url":"https:\/\/filmotecacantabria.es\/es\/pepe-viyuela-presenta-el-22-de-noviembre-en-la-filmoteca-de-cantabria-un-viaje-hacia-nosotros-un-documental-que-bucea-en-su-memoria-familiar\/","og_site_name":"Filmoteca de Cantabria Mario Camus | Santander | Torrelavega | Regi\u00f3n","article_published_time":"2023-10-31T10:55:54+00:00","article_modified_time":"2023-10-31T11:00:36+00:00","og_image":[{"width":926,"height":1200,"url":"https:\/\/filmotecacantabria.es\/es\/wp-content\/uploads\/2023\/10\/un-viaje-hacia-nosotros.jpg","type":"image\/jpeg"}],"author":"belen.cordoba@srecd.es","twitter_card":"summary_large_image","twitter_misc":{"Escrito por":"belen.cordoba@srecd.es","Tiempo de lectura":"4 minutos"},"schema":{"@context":"https:\/\/schema.org","@graph":[{"@type":"Article","@id":"https:\/\/filmotecacantabria.es\/es\/pepe-viyuela-presenta-el-22-de-noviembre-en-la-filmoteca-de-cantabria-un-viaje-hacia-nosotros-un-documental-que-bucea-en-su-memoria-familiar\/#article","isPartOf":{"@id":"https:\/\/filmotecacantabria.es\/es\/pepe-viyuela-presenta-el-22-de-noviembre-en-la-filmoteca-de-cantabria-un-viaje-hacia-nosotros-un-documental-que-bucea-en-su-memoria-familiar\/"},"author":{"name":"belen.cordoba@srecd.es","@id":"https:\/\/filmotecacantabria.es\/es\/#\/schema\/person\/86205b2ac543405aae888afb3afdb6d8"},"headline":"Pepe Viyuela presenta el 22 de noviembre en la Filmoteca de Cantabria \u2018Un viaje hacia nosotros\u2019, un documental que bucea en su memoria familiar","datePublished":"2023-10-31T10:55:54+00:00","dateModified":"2023-10-31T11:00:36+00:00","mainEntityOfPage":{"@id":"https:\/\/filmotecacantabria.es\/es\/pepe-viyuela-presenta-el-22-de-noviembre-en-la-filmoteca-de-cantabria-un-viaje-hacia-nosotros-un-documental-que-bucea-en-su-memoria-familiar\/"},"wordCount":771,"publisher":{"@id":"https:\/\/filmotecacantabria.es\/es\/#organization"},"articleSection":["Noticias"],"inLanguage":"es"},{"@type":"WebPage","@id":"https:\/\/filmotecacantabria.es\/es\/pepe-viyuela-presenta-el-22-de-noviembre-en-la-filmoteca-de-cantabria-un-viaje-hacia-nosotros-un-documental-que-bucea-en-su-memoria-familiar\/","url":"https:\/\/filmotecacantabria.es\/es\/pepe-viyuela-presenta-el-22-de-noviembre-en-la-filmoteca-de-cantabria-un-viaje-hacia-nosotros-un-documental-que-bucea-en-su-memoria-familiar\/","name":"Pepe Viyuela presenta el 22 de noviembre en la Filmoteca de Cantabria \u2018Un viaje hacia nosotros\u2019, un documental que bucea en su memoria familiar - Filmoteca de Cantabria Mario Camus | Santander | Torrelavega | Regi\u00f3n","isPartOf":{"@id":"https:\/\/filmotecacantabria.es\/es\/#website"},"datePublished":"2023-10-31T10:55:54+00:00","dateModified":"2023-10-31T11:00:36+00:00","breadcrumb":{"@id":"https:\/\/filmotecacantabria.es\/es\/pepe-viyuela-presenta-el-22-de-noviembre-en-la-filmoteca-de-cantabria-un-viaje-hacia-nosotros-un-documental-que-bucea-en-su-memoria-familiar\/#breadcrumb"},"inLanguage":"es","potentialAction":[{"@type":"ReadAction","target":["https:\/\/filmotecacantabria.es\/es\/pepe-viyuela-presenta-el-22-de-noviembre-en-la-filmoteca-de-cantabria-un-viaje-hacia-nosotros-un-documental-que-bucea-en-su-memoria-familiar\/"]}]},{"@type":"BreadcrumbList","@id":"https:\/\/filmotecacantabria.es\/es\/pepe-viyuela-presenta-el-22-de-noviembre-en-la-filmoteca-de-cantabria-un-viaje-hacia-nosotros-un-documental-que-bucea-en-su-memoria-familiar\/#breadcrumb","itemListElement":[{"@type":"ListItem","position":1,"name":"Portada","item":"https:\/\/filmotecacantabria.es\/es\/inicio\/"},{"@type":"ListItem","position":2,"name":"Pepe Viyuela presenta el 22 de noviembre en la Filmoteca de Cantabria \u2018Un viaje hacia nosotros\u2019, un documental que bucea en su memoria familiar"}]},{"@type":"WebSite","@id":"https:\/\/filmotecacantabria.es\/es\/#website","url":"https:\/\/filmotecacantabria.es\/es\/","name":"Filmoteca de Cantabria Mario Camus | Santander | Torrelavega | Regi\u00f3n","description":"Toda la programaci\u00f3n de las filmotecas de Cantabria Mario Camus.","publisher":{"@id":"https:\/\/filmotecacantabria.es\/es\/#organization"},"potentialAction":[{"@type":"SearchAction","target":{"@type":"EntryPoint","urlTemplate":"https:\/\/filmotecacantabria.es\/es\/?s={search_term_string}"},"query-input":"required name=search_term_string"}],"inLanguage":"es"},{"@type":"Organization","@id":"https:\/\/filmotecacantabria.es\/es\/#organization","name":"Filmoteca de Cantabria Mario Camus | Santander | Torrelavega | Regi\u00f3n","url":"https:\/\/filmotecacantabria.es\/es\/","sameAs":[],"logo":{"@type":"ImageObject","inLanguage":"es","@id":"https:\/\/filmotecacantabria.es\/es\/#\/schema\/logo\/image\/","url":"https:\/\/filmotecacantabria.es\/es\/wp-content\/uploads\/2021\/12\/logo-filmoteca-cantabria-1-mario-camus.png","contentUrl":"https:\/\/filmotecacantabria.es\/es\/wp-content\/uploads\/2021\/12\/logo-filmoteca-cantabria-1-mario-camus.png","width":170,"height":183,"caption":"Filmoteca de Cantabria Mario Camus | Santander | Torrelavega | Regi\u00f3n"},"image":{"@id":"https:\/\/filmotecacantabria.es\/es\/#\/schema\/logo\/image\/"}},{"@type":"Person","@id":"https:\/\/filmotecacantabria.es\/es\/#\/schema\/person\/86205b2ac543405aae888afb3afdb6d8","name":"belen.cordoba@srecd.es","image":{"@type":"ImageObject","inLanguage":"es","@id":"https:\/\/filmotecacantabria.es\/es\/#\/schema\/person\/image\/","url":"https:\/\/secure.gravatar.com\/avatar\/a185108474f14fc94f32f86115d60aeb?s=96&d=mm&r=g","contentUrl":"https:\/\/secure.gravatar.com\/avatar\/a185108474f14fc94f32f86115d60aeb?s=96&d=mm&r=g","caption":"belen.cordoba@srecd.es"}}]}},"_links":{"self":[{"href":"https:\/\/filmotecacantabria.es\/es\/wp-json\/wp\/v2\/posts\/3607"}],"collection":[{"href":"https:\/\/filmotecacantabria.es\/es\/wp-json\/wp\/v2\/posts"}],"about":[{"href":"https:\/\/filmotecacantabria.es\/es\/wp-json\/wp\/v2\/types\/post"}],"author":[{"embeddable":true,"href":"https:\/\/filmotecacantabria.es\/es\/wp-json\/wp\/v2\/users\/11"}],"replies":[{"embeddable":true,"href":"https:\/\/filmotecacantabria.es\/es\/wp-json\/wp\/v2\/comments?post=3607"}],"version-history":[{"count":1,"href":"https:\/\/filmotecacantabria.es\/es\/wp-json\/wp\/v2\/posts\/3607\/revisions"}],"predecessor-version":[{"id":3609,"href":"https:\/\/filmotecacantabria.es\/es\/wp-json\/wp\/v2\/posts\/3607\/revisions\/3609"}],"wp:featuredmedia":[{"embeddable":true,"href":"https:\/\/filmotecacantabria.es\/es\/wp-json\/wp\/v2\/media\/3612"}],"wp:attachment":[{"href":"https:\/\/filmotecacantabria.es\/es\/wp-json\/wp\/v2\/media?parent=3607"}],"wp:term":[{"taxonomy":"category","embeddable":true,"href":"https:\/\/filmotecacantabria.es\/es\/wp-json\/wp\/v2\/categories?post=3607"},{"taxonomy":"post_tag","embeddable":true,"href":"https:\/\/filmotecacantabria.es\/es\/wp-json\/wp\/v2\/tags?post=3607"}],"curies":[{"name":"wp","href":"https:\/\/api.w.org\/{rel}","templated":true}]}}