{"id":3582,"date":"2023-10-04T13:27:49","date_gmt":"2023-10-04T11:27:49","guid":{"rendered":"https:\/\/filmotecacantabria.es\/es\/?p=3582"},"modified":"2023-10-04T13:30:22","modified_gmt":"2023-10-04T11:30:22","slug":"la-filmoteca-regional-recupera-el-sabor-clasico-en-un-nuevo-curso-con-mas-de-700-proyecciones-y-24-municipios-participantes","status":"publish","type":"post","link":"https:\/\/filmotecacantabria.es\/es\/la-filmoteca-regional-recupera-el-sabor-clasico-en-un-nuevo-curso-con-mas-de-700-proyecciones-y-24-municipios-participantes\/","title":{"rendered":"La Filmoteca Regional recupera el sabor cl\u00e1sico en un nuevo curso con m\u00e1s de 700 proyecciones y 24 municipios participantes"},"content":{"rendered":"<p><strong>El director general de Cultura pone en valor una iniciativa que sirve para acercar la cultura cinematogr\u00e1fica a la ciudadan\u00eda<\/strong><\/p>\n<p><strong>Santander, 4 de octubre de 2023.-<\/strong> La Filmoteca de Cantabria Mario Camus iniciar\u00e1 el pr\u00f3ximo 16 de octubre una nueva edici\u00f3n de la Filmoteca Regional, que en este nuevo curso 2023-2024 ha programado m\u00e1s de 700 proyecciones en los 24 municipios que participan en esta edici\u00f3n.<\/p>\n<p>El director general de Cultura y Patrimonio Hist\u00f3rico, Juan Antonio Gonz\u00e1lez Fuentes, ha presentado hoy en rueda de prensa esta iniciativa cuyo principal objetivo es acercar la cultura cinematogr\u00e1fica a la ciudadan\u00eda.<\/p>\n<p>Gonz\u00e1lez Fuentes, que ha estado acompa\u00f1ado del director de la Filmoteca de Cantabria, Christian Franco, ha puesto en valor que gracias a la Filmoteca Regional se lleva el cine a diferentes municipios de todo la comunidad aut\u00f3noma.<\/p>\n<p>Asimismo, ha destacado que en este nuevo curso se incorpora San Felices de Buelna, por lo que la Filmoteca Regional suma la participaci\u00f3n de 24 municipios, que acoger\u00e1n entre el 16 de octubre de este a\u00f1o y el 2 de junio de 2024 un total de 711 proyecciones.<\/p>\n<p>La programaci\u00f3n de este a\u00f1o incluye 29 t\u00edtulos, que se proyectar\u00e1n la misma semana en todos los municipios participantes.<\/p>\n<p>El director general de Cultura ha remarcado, por otra parte, que la Filmoteca Regional est\u00e1 ya consolidada como \u201cuno de los servicios m\u00e1s exitosos y gratificantes\u201d de la Filmoteca de Cantabria Mario Camus.<\/p>\n<p>Y es que, seg\u00fan ha indicado, en los \u00faltimos a\u00f1os se han superado los 8.000 espectadores. De hecho, en la edici\u00f3n 2021-2022, la \u00faltima con datos consolidados, se alcanzaron los 8.669 espectadores en 633 proyecciones.<\/p>\n<p><strong>Programaci\u00f3n<\/strong><\/p>\n<p>Por su parte, Christian Franco ha explicado que en esta nueva edici\u00f3n de la Filmoteca Regional se ha apostado por una renovaci\u00f3n de la l\u00ednea editorial de los ciclos, \u201cdando m\u00e1s espacio al cine cl\u00e1sico y a los cl\u00e1sicos modernos, sin descuidar por ello el cine espa\u00f1ol o el de estreno reciente\u201d.<\/p>\n<p>As\u00ed, el director de la Filmoteca de Cantabria ha se\u00f1alado que habr\u00e1 cuatro l\u00edneas de programaci\u00f3n que se ir\u00e1n alternando.<\/p>\n<p>La primera de ellas se denomina \u2018Cine eterno\u2019, con pel\u00edculas significativas estrenadas hasta 1970; la segunda es \u2018Cl\u00e1sicos modernos\u2019, que incluye filmes de especial relevancia del per\u00edodo 1971-2015; la tercera se llama \u2018Nuevas sensaciones\u2019, con pel\u00edculas internacionales estrenadas entre 2016 y 2023; y la cuarta, \u2018Nuestro cine\u2019, cine espa\u00f1ol producido en los \u00faltimos cinco a\u00f1os.<\/p>\n<p>Franco tambi\u00e9n ha apuntado que algunos t\u00edtulos converger\u00e1n con otros ciclos externos o con algunas iniciativas espec\u00edficas.<\/p>\n<p>De esta manera, se llevar\u00e1n a cabo \u201cpases bisagra\u201d con los ciclos nacionales \u2018Mujeres de cine\u2019 y \u2018Cine y mujeres rurales\u2019 y la \u00faltima semana de octubre se proyectar\u00e1 un filme espec\u00edfico de terror asociado a la celebraci\u00f3n de Halloween-Samuin.<\/p>\n<p>A todo ello hay que sumar proyecciones relacionadas con la celebraci\u00f3n el 25 de noviembre del D\u00eda Internacional de la Eliminaci\u00f3n de la Violencia contra las Mujeres y que toda la programaci\u00f3n de marzo estar\u00e1 integrada por pel\u00edculas de cineastas femeninas por la conmemoraci\u00f3n del D\u00eda de la Mujer.<\/p>\n<p><strong>Sobre la Filmoteca Regional<\/strong><\/p>\n<p>Este programa permite a los municipios que participan en \u00e9l acceder a una programaci\u00f3n cinematogr\u00e1fica continuada sin tener que asumir los costes derivados del pago de derechos ni hacer frente a las complicaciones t\u00e9cnicas y log\u00edsticas asociadas a las proyecciones.<\/p>\n<p>La Filmoteca de Cantabria Mario Camus provee a todos los municipios participantes de los materiales necesarios para hacer las proyecciones y asume los gastos asociados al pago de los derechos.<\/p>\n","protected":false},"excerpt":{"rendered":"<p>El director general de Cultura pone en valor una iniciativa que sirve para acercar la cultura cinematogr\u00e1fica a la ciudadan\u00eda Santander, 4 de octubre de 2023.- La Filmoteca de Cantabria Mario Camus iniciar\u00e1 el pr\u00f3ximo 16 de octubre una nueva edici\u00f3n de la Filmoteca Regional, que en este nuevo curso 2023-2024 ha programado m\u00e1s de [&hellip;]<\/p>\n","protected":false},"author":11,"featured_media":3584,"comment_status":"closed","ping_status":"closed","sticky":false,"template":"","format":"standard","meta":{"inline_featured_image":false,"footnotes":""},"categories":[4],"tags":[],"class_list":["post-3582","post","type-post","status-publish","format-standard","has-post-thumbnail","hentry","category-noticias"],"yoast_head":"<!-- This site is optimized with the Yoast SEO plugin v19.6.1 - https:\/\/yoast.com\/wordpress\/plugins\/seo\/ -->\n<title>La Filmoteca Regional recupera el sabor cl\u00e1sico en un nuevo curso con m\u00e1s de 700 proyecciones y 24 municipios participantes - Filmoteca de Cantabria Mario Camus | Santander | Torrelavega | Regi\u00f3n<\/title>\n<meta name=\"robots\" content=\"index, follow, max-snippet:-1, max-image-preview:large, max-video-preview:-1\" \/>\n<link rel=\"canonical\" href=\"https:\/\/filmotecacantabria.es\/es\/la-filmoteca-regional-recupera-el-sabor-clasico-en-un-nuevo-curso-con-mas-de-700-proyecciones-y-24-municipios-participantes\/\" \/>\n<meta property=\"og:locale\" content=\"es_ES\" \/>\n<meta property=\"og:type\" content=\"article\" \/>\n<meta property=\"og:title\" content=\"La Filmoteca Regional recupera el sabor cl\u00e1sico en un nuevo curso con m\u00e1s de 700 proyecciones y 24 municipios participantes - Filmoteca de Cantabria Mario Camus | Santander | Torrelavega | Regi\u00f3n\" \/>\n<meta property=\"og:description\" content=\"El director general de Cultura pone en valor una iniciativa que sirve para acercar la cultura cinematogr\u00e1fica a la ciudadan\u00eda Santander, 4 de octubre de 2023.- La Filmoteca de Cantabria Mario Camus iniciar\u00e1 el pr\u00f3ximo 16 de octubre una nueva edici\u00f3n de la Filmoteca Regional, que en este nuevo curso 2023-2024 ha programado m\u00e1s de [&hellip;]\" \/>\n<meta property=\"og:url\" content=\"https:\/\/filmotecacantabria.es\/es\/la-filmoteca-regional-recupera-el-sabor-clasico-en-un-nuevo-curso-con-mas-de-700-proyecciones-y-24-municipios-participantes\/\" \/>\n<meta property=\"og:site_name\" content=\"Filmoteca de Cantabria Mario Camus | Santander | Torrelavega | Regi\u00f3n\" \/>\n<meta property=\"article:published_time\" content=\"2023-10-04T11:27:49+00:00\" \/>\n<meta property=\"article:modified_time\" content=\"2023-10-04T11:30:22+00:00\" \/>\n<meta property=\"og:image\" content=\"https:\/\/filmotecacantabria.es\/es\/wp-content\/uploads\/2023\/10\/filmoteca-sabor-clasico.webp\" \/>\n\t<meta property=\"og:image:width\" content=\"1280\" \/>\n\t<meta property=\"og:image:height\" content=\"720\" \/>\n\t<meta property=\"og:image:type\" content=\"image\/webp\" \/>\n<meta name=\"author\" content=\"belen.cordoba@srecd.es\" \/>\n<meta name=\"twitter:card\" content=\"summary_large_image\" \/>\n<meta name=\"twitter:label1\" content=\"Escrito por\" \/>\n\t<meta name=\"twitter:data1\" content=\"belen.cordoba@srecd.es\" \/>\n\t<meta name=\"twitter:label2\" content=\"Tiempo de lectura\" \/>\n\t<meta name=\"twitter:data2\" content=\"3 minutos\" \/>\n<script type=\"application\/ld+json\" class=\"yoast-schema-graph\">{\"@context\":\"https:\/\/schema.org\",\"@graph\":[{\"@type\":\"Article\",\"@id\":\"https:\/\/filmotecacantabria.es\/es\/la-filmoteca-regional-recupera-el-sabor-clasico-en-un-nuevo-curso-con-mas-de-700-proyecciones-y-24-municipios-participantes\/#article\",\"isPartOf\":{\"@id\":\"https:\/\/filmotecacantabria.es\/es\/la-filmoteca-regional-recupera-el-sabor-clasico-en-un-nuevo-curso-con-mas-de-700-proyecciones-y-24-municipios-participantes\/\"},\"author\":{\"name\":\"belen.cordoba@srecd.es\",\"@id\":\"https:\/\/filmotecacantabria.es\/es\/#\/schema\/person\/86205b2ac543405aae888afb3afdb6d8\"},\"headline\":\"La Filmoteca Regional recupera el sabor cl\u00e1sico en un nuevo curso con m\u00e1s de 700 proyecciones y 24 municipios participantes\",\"datePublished\":\"2023-10-04T11:27:49+00:00\",\"dateModified\":\"2023-10-04T11:30:22+00:00\",\"mainEntityOfPage\":{\"@id\":\"https:\/\/filmotecacantabria.es\/es\/la-filmoteca-regional-recupera-el-sabor-clasico-en-un-nuevo-curso-con-mas-de-700-proyecciones-y-24-municipios-participantes\/\"},\"wordCount\":641,\"publisher\":{\"@id\":\"https:\/\/filmotecacantabria.es\/es\/#organization\"},\"articleSection\":[\"Noticias\"],\"inLanguage\":\"es\"},{\"@type\":\"WebPage\",\"@id\":\"https:\/\/filmotecacantabria.es\/es\/la-filmoteca-regional-recupera-el-sabor-clasico-en-un-nuevo-curso-con-mas-de-700-proyecciones-y-24-municipios-participantes\/\",\"url\":\"https:\/\/filmotecacantabria.es\/es\/la-filmoteca-regional-recupera-el-sabor-clasico-en-un-nuevo-curso-con-mas-de-700-proyecciones-y-24-municipios-participantes\/\",\"name\":\"La Filmoteca Regional recupera el sabor cl\u00e1sico en un nuevo curso con m\u00e1s de 700 proyecciones y 24 municipios participantes - Filmoteca de Cantabria Mario Camus | Santander | Torrelavega | Regi\u00f3n\",\"isPartOf\":{\"@id\":\"https:\/\/filmotecacantabria.es\/es\/#website\"},\"datePublished\":\"2023-10-04T11:27:49+00:00\",\"dateModified\":\"2023-10-04T11:30:22+00:00\",\"breadcrumb\":{\"@id\":\"https:\/\/filmotecacantabria.es\/es\/la-filmoteca-regional-recupera-el-sabor-clasico-en-un-nuevo-curso-con-mas-de-700-proyecciones-y-24-municipios-participantes\/#breadcrumb\"},\"inLanguage\":\"es\",\"potentialAction\":[{\"@type\":\"ReadAction\",\"target\":[\"https:\/\/filmotecacantabria.es\/es\/la-filmoteca-regional-recupera-el-sabor-clasico-en-un-nuevo-curso-con-mas-de-700-proyecciones-y-24-municipios-participantes\/\"]}]},{\"@type\":\"BreadcrumbList\",\"@id\":\"https:\/\/filmotecacantabria.es\/es\/la-filmoteca-regional-recupera-el-sabor-clasico-en-un-nuevo-curso-con-mas-de-700-proyecciones-y-24-municipios-participantes\/#breadcrumb\",\"itemListElement\":[{\"@type\":\"ListItem\",\"position\":1,\"name\":\"Portada\",\"item\":\"https:\/\/filmotecacantabria.es\/es\/inicio\/\"},{\"@type\":\"ListItem\",\"position\":2,\"name\":\"La Filmoteca Regional recupera el sabor cl\u00e1sico en un nuevo curso con m\u00e1s de 700 proyecciones y 24 municipios participantes\"}]},{\"@type\":\"WebSite\",\"@id\":\"https:\/\/filmotecacantabria.es\/es\/#website\",\"url\":\"https:\/\/filmotecacantabria.es\/es\/\",\"name\":\"Filmoteca de Cantabria Mario Camus | Santander | Torrelavega | Regi\u00f3n\",\"description\":\"Toda la programaci\u00f3n de las filmotecas de Cantabria Mario Camus.\",\"publisher\":{\"@id\":\"https:\/\/filmotecacantabria.es\/es\/#organization\"},\"potentialAction\":[{\"@type\":\"SearchAction\",\"target\":{\"@type\":\"EntryPoint\",\"urlTemplate\":\"https:\/\/filmotecacantabria.es\/es\/?s={search_term_string}\"},\"query-input\":\"required name=search_term_string\"}],\"inLanguage\":\"es\"},{\"@type\":\"Organization\",\"@id\":\"https:\/\/filmotecacantabria.es\/es\/#organization\",\"name\":\"Filmoteca de Cantabria Mario Camus | Santander | Torrelavega | Regi\u00f3n\",\"url\":\"https:\/\/filmotecacantabria.es\/es\/\",\"sameAs\":[],\"logo\":{\"@type\":\"ImageObject\",\"inLanguage\":\"es\",\"@id\":\"https:\/\/filmotecacantabria.es\/es\/#\/schema\/logo\/image\/\",\"url\":\"https:\/\/filmotecacantabria.es\/es\/wp-content\/uploads\/2021\/12\/logo-filmoteca-cantabria-1-mario-camus.png\",\"contentUrl\":\"https:\/\/filmotecacantabria.es\/es\/wp-content\/uploads\/2021\/12\/logo-filmoteca-cantabria-1-mario-camus.png\",\"width\":170,\"height\":183,\"caption\":\"Filmoteca de Cantabria Mario Camus | Santander | Torrelavega | Regi\u00f3n\"},\"image\":{\"@id\":\"https:\/\/filmotecacantabria.es\/es\/#\/schema\/logo\/image\/\"}},{\"@type\":\"Person\",\"@id\":\"https:\/\/filmotecacantabria.es\/es\/#\/schema\/person\/86205b2ac543405aae888afb3afdb6d8\",\"name\":\"belen.cordoba@srecd.es\",\"image\":{\"@type\":\"ImageObject\",\"inLanguage\":\"es\",\"@id\":\"https:\/\/filmotecacantabria.es\/es\/#\/schema\/person\/image\/\",\"url\":\"https:\/\/secure.gravatar.com\/avatar\/a185108474f14fc94f32f86115d60aeb?s=96&d=mm&r=g\",\"contentUrl\":\"https:\/\/secure.gravatar.com\/avatar\/a185108474f14fc94f32f86115d60aeb?s=96&d=mm&r=g\",\"caption\":\"belen.cordoba@srecd.es\"}}]}<\/script>\n<!-- \/ Yoast SEO plugin. -->","yoast_head_json":{"title":"La Filmoteca Regional recupera el sabor cl\u00e1sico en un nuevo curso con m\u00e1s de 700 proyecciones y 24 municipios participantes - Filmoteca de Cantabria Mario Camus | Santander | Torrelavega | Regi\u00f3n","robots":{"index":"index","follow":"follow","max-snippet":"max-snippet:-1","max-image-preview":"max-image-preview:large","max-video-preview":"max-video-preview:-1"},"canonical":"https:\/\/filmotecacantabria.es\/es\/la-filmoteca-regional-recupera-el-sabor-clasico-en-un-nuevo-curso-con-mas-de-700-proyecciones-y-24-municipios-participantes\/","og_locale":"es_ES","og_type":"article","og_title":"La Filmoteca Regional recupera el sabor cl\u00e1sico en un nuevo curso con m\u00e1s de 700 proyecciones y 24 municipios participantes - Filmoteca de Cantabria Mario Camus | Santander | Torrelavega | Regi\u00f3n","og_description":"El director general de Cultura pone en valor una iniciativa que sirve para acercar la cultura cinematogr\u00e1fica a la ciudadan\u00eda Santander, 4 de octubre de 2023.- La Filmoteca de Cantabria Mario Camus iniciar\u00e1 el pr\u00f3ximo 16 de octubre una nueva edici\u00f3n de la Filmoteca Regional, que en este nuevo curso 2023-2024 ha programado m\u00e1s de [&hellip;]","og_url":"https:\/\/filmotecacantabria.es\/es\/la-filmoteca-regional-recupera-el-sabor-clasico-en-un-nuevo-curso-con-mas-de-700-proyecciones-y-24-municipios-participantes\/","og_site_name":"Filmoteca de Cantabria Mario Camus | Santander | Torrelavega | Regi\u00f3n","article_published_time":"2023-10-04T11:27:49+00:00","article_modified_time":"2023-10-04T11:30:22+00:00","og_image":[{"width":1280,"height":720,"url":"https:\/\/filmotecacantabria.es\/es\/wp-content\/uploads\/2023\/10\/filmoteca-sabor-clasico.webp","type":"image\/webp"}],"author":"belen.cordoba@srecd.es","twitter_card":"summary_large_image","twitter_misc":{"Escrito por":"belen.cordoba@srecd.es","Tiempo de lectura":"3 minutos"},"schema":{"@context":"https:\/\/schema.org","@graph":[{"@type":"Article","@id":"https:\/\/filmotecacantabria.es\/es\/la-filmoteca-regional-recupera-el-sabor-clasico-en-un-nuevo-curso-con-mas-de-700-proyecciones-y-24-municipios-participantes\/#article","isPartOf":{"@id":"https:\/\/filmotecacantabria.es\/es\/la-filmoteca-regional-recupera-el-sabor-clasico-en-un-nuevo-curso-con-mas-de-700-proyecciones-y-24-municipios-participantes\/"},"author":{"name":"belen.cordoba@srecd.es","@id":"https:\/\/filmotecacantabria.es\/es\/#\/schema\/person\/86205b2ac543405aae888afb3afdb6d8"},"headline":"La Filmoteca Regional recupera el sabor cl\u00e1sico en un nuevo curso con m\u00e1s de 700 proyecciones y 24 municipios participantes","datePublished":"2023-10-04T11:27:49+00:00","dateModified":"2023-10-04T11:30:22+00:00","mainEntityOfPage":{"@id":"https:\/\/filmotecacantabria.es\/es\/la-filmoteca-regional-recupera-el-sabor-clasico-en-un-nuevo-curso-con-mas-de-700-proyecciones-y-24-municipios-participantes\/"},"wordCount":641,"publisher":{"@id":"https:\/\/filmotecacantabria.es\/es\/#organization"},"articleSection":["Noticias"],"inLanguage":"es"},{"@type":"WebPage","@id":"https:\/\/filmotecacantabria.es\/es\/la-filmoteca-regional-recupera-el-sabor-clasico-en-un-nuevo-curso-con-mas-de-700-proyecciones-y-24-municipios-participantes\/","url":"https:\/\/filmotecacantabria.es\/es\/la-filmoteca-regional-recupera-el-sabor-clasico-en-un-nuevo-curso-con-mas-de-700-proyecciones-y-24-municipios-participantes\/","name":"La Filmoteca Regional recupera el sabor cl\u00e1sico en un nuevo curso con m\u00e1s de 700 proyecciones y 24 municipios participantes - Filmoteca de Cantabria Mario Camus | Santander | Torrelavega | Regi\u00f3n","isPartOf":{"@id":"https:\/\/filmotecacantabria.es\/es\/#website"},"datePublished":"2023-10-04T11:27:49+00:00","dateModified":"2023-10-04T11:30:22+00:00","breadcrumb":{"@id":"https:\/\/filmotecacantabria.es\/es\/la-filmoteca-regional-recupera-el-sabor-clasico-en-un-nuevo-curso-con-mas-de-700-proyecciones-y-24-municipios-participantes\/#breadcrumb"},"inLanguage":"es","potentialAction":[{"@type":"ReadAction","target":["https:\/\/filmotecacantabria.es\/es\/la-filmoteca-regional-recupera-el-sabor-clasico-en-un-nuevo-curso-con-mas-de-700-proyecciones-y-24-municipios-participantes\/"]}]},{"@type":"BreadcrumbList","@id":"https:\/\/filmotecacantabria.es\/es\/la-filmoteca-regional-recupera-el-sabor-clasico-en-un-nuevo-curso-con-mas-de-700-proyecciones-y-24-municipios-participantes\/#breadcrumb","itemListElement":[{"@type":"ListItem","position":1,"name":"Portada","item":"https:\/\/filmotecacantabria.es\/es\/inicio\/"},{"@type":"ListItem","position":2,"name":"La Filmoteca Regional recupera el sabor cl\u00e1sico en un nuevo curso con m\u00e1s de 700 proyecciones y 24 municipios participantes"}]},{"@type":"WebSite","@id":"https:\/\/filmotecacantabria.es\/es\/#website","url":"https:\/\/filmotecacantabria.es\/es\/","name":"Filmoteca de Cantabria Mario Camus | Santander | Torrelavega | Regi\u00f3n","description":"Toda la programaci\u00f3n de las filmotecas de Cantabria Mario Camus.","publisher":{"@id":"https:\/\/filmotecacantabria.es\/es\/#organization"},"potentialAction":[{"@type":"SearchAction","target":{"@type":"EntryPoint","urlTemplate":"https:\/\/filmotecacantabria.es\/es\/?s={search_term_string}"},"query-input":"required name=search_term_string"}],"inLanguage":"es"},{"@type":"Organization","@id":"https:\/\/filmotecacantabria.es\/es\/#organization","name":"Filmoteca de Cantabria Mario Camus | Santander | Torrelavega | Regi\u00f3n","url":"https:\/\/filmotecacantabria.es\/es\/","sameAs":[],"logo":{"@type":"ImageObject","inLanguage":"es","@id":"https:\/\/filmotecacantabria.es\/es\/#\/schema\/logo\/image\/","url":"https:\/\/filmotecacantabria.es\/es\/wp-content\/uploads\/2021\/12\/logo-filmoteca-cantabria-1-mario-camus.png","contentUrl":"https:\/\/filmotecacantabria.es\/es\/wp-content\/uploads\/2021\/12\/logo-filmoteca-cantabria-1-mario-camus.png","width":170,"height":183,"caption":"Filmoteca de Cantabria Mario Camus | Santander | Torrelavega | Regi\u00f3n"},"image":{"@id":"https:\/\/filmotecacantabria.es\/es\/#\/schema\/logo\/image\/"}},{"@type":"Person","@id":"https:\/\/filmotecacantabria.es\/es\/#\/schema\/person\/86205b2ac543405aae888afb3afdb6d8","name":"belen.cordoba@srecd.es","image":{"@type":"ImageObject","inLanguage":"es","@id":"https:\/\/filmotecacantabria.es\/es\/#\/schema\/person\/image\/","url":"https:\/\/secure.gravatar.com\/avatar\/a185108474f14fc94f32f86115d60aeb?s=96&d=mm&r=g","contentUrl":"https:\/\/secure.gravatar.com\/avatar\/a185108474f14fc94f32f86115d60aeb?s=96&d=mm&r=g","caption":"belen.cordoba@srecd.es"}}]}},"_links":{"self":[{"href":"https:\/\/filmotecacantabria.es\/es\/wp-json\/wp\/v2\/posts\/3582"}],"collection":[{"href":"https:\/\/filmotecacantabria.es\/es\/wp-json\/wp\/v2\/posts"}],"about":[{"href":"https:\/\/filmotecacantabria.es\/es\/wp-json\/wp\/v2\/types\/post"}],"author":[{"embeddable":true,"href":"https:\/\/filmotecacantabria.es\/es\/wp-json\/wp\/v2\/users\/11"}],"replies":[{"embeddable":true,"href":"https:\/\/filmotecacantabria.es\/es\/wp-json\/wp\/v2\/comments?post=3582"}],"version-history":[{"count":2,"href":"https:\/\/filmotecacantabria.es\/es\/wp-json\/wp\/v2\/posts\/3582\/revisions"}],"predecessor-version":[{"id":3589,"href":"https:\/\/filmotecacantabria.es\/es\/wp-json\/wp\/v2\/posts\/3582\/revisions\/3589"}],"wp:featuredmedia":[{"embeddable":true,"href":"https:\/\/filmotecacantabria.es\/es\/wp-json\/wp\/v2\/media\/3584"}],"wp:attachment":[{"href":"https:\/\/filmotecacantabria.es\/es\/wp-json\/wp\/v2\/media?parent=3582"}],"wp:term":[{"taxonomy":"category","embeddable":true,"href":"https:\/\/filmotecacantabria.es\/es\/wp-json\/wp\/v2\/categories?post=3582"},{"taxonomy":"post_tag","embeddable":true,"href":"https:\/\/filmotecacantabria.es\/es\/wp-json\/wp\/v2\/tags?post=3582"}],"curies":[{"name":"wp","href":"https:\/\/api.w.org\/{rel}","templated":true}]}}