{"id":3574,"date":"2023-09-30T09:47:38","date_gmt":"2023-09-30T07:47:38","guid":{"rendered":"https:\/\/filmotecacantabria.es\/es\/?p=3574"},"modified":"2023-09-30T09:47:38","modified_gmt":"2023-09-30T07:47:38","slug":"recuperamos-en-octubre-por-el-dia-del-cine-espanol-curro-vargas-del-cineasta-cantabro-jose-buchs","status":"publish","type":"post","link":"https:\/\/filmotecacantabria.es\/es\/recuperamos-en-octubre-por-el-dia-del-cine-espanol-curro-vargas-del-cineasta-cantabro-jose-buchs\/","title":{"rendered":"Recuperamos en octubre por el D\u00eda del Cine Espa\u00f1ol \u2018Curro Vargas\u2019, del cineasta c\u00e1ntabro Jos\u00e9 Buchs"},"content":{"rendered":"<p><strong>Esta pel\u00edcula, estrenada en 1923 y restaurada por Filmoteca Espa\u00f1ola, se proyectar\u00e1 los d\u00edas 6 y 15 de octubre en modo cine-concierto y precedida de un cortometraje documental sobre la ciudad de Santander en la d\u00e9cada de 1980<\/strong><\/p>\n<p><strong>Santander, 30 de septiembre de 2023.- <\/strong>La Filmoteca de Cantabria Mario Camus conmemorar\u00e1 en octubre el D\u00eda del Cine Espa\u00f1ol con varias iniciativas, entre las que destaca de manera especial la proyecci\u00f3n los d\u00edas 6 y 15 de \u2018Curro Vargas\u2019, del cineasta c\u00e1ntabro Jos\u00e9 Buchs.<\/p>\n<p>El p\u00fablico podr\u00e1 visionar esta pel\u00edcula, estrenada en 1923, en dos proyecciones que contar\u00e1n con el acompa\u00f1amiento musical en directo que ha creado el m\u00fasico Paco Arr\u00e1ez e ir\u00e1n precedidas de un cortometraje documental sobre Santander.<\/p>\n<p>En concreto, es una pieza de diez minutos de duraci\u00f3n conducida por la actriz c\u00e1ntabra Mercedes Alonso que contiene espectaculares im\u00e1genes de Santander en la d\u00e9cada de 1980.<\/p>\n<p>El director de la sala c\u00e1ntabra, Christian Franco, ha destacado que la pel\u00edcula de Jos\u00e9 Buchs, \u201cuna joya del cine mudo espa\u00f1ol\u201d, retorna a las pantallas un siglo despu\u00e9s de su estreno y tras haber sido sometida a una \u201cprofunda\u201d restauraci\u00f3n por parte de Filmoteca Espa\u00f1ola.<\/p>\n<p>Del cortometraje documental \u2018Santander\u2019, Franco ha puesto en valor que es una pel\u00edcula que se ha incorporado recientemente a los fondos de la Filmoteca procedente de una colecci\u00f3n particular y que se proyectar\u00e1 en 35 mil\u00edmetros.<\/p>\n<p>Con motivo de la celebraci\u00f3n el 6 de octubre del D\u00eda del Cine Espa\u00f1ol tambi\u00e9n habr\u00e1 el mes que viene un ciclo especial organizado junto a otras filmotecas del pa\u00eds que permitir\u00e1 al p\u00fablico acceder a las \u00faltimas restauraciones de filmes espa\u00f1oles que han impulsados esas salas.<\/p>\n<p>As\u00ed, a trav\u00e9s del proyecto \u2018Las filmotecas restauran\u2019, la Filmoteca de Cantabria ha cedido al resto de filmotecas los cortometrajes realizados por Mario Camus durante su etapa como estudiante en la Escuela Oficial de Cine y que se proyectaron en febrero en la sede de Bonifaz.<\/p>\n<p>Este ciclo especial permitir\u00e1 ver pel\u00edculas emblem\u00e1ticas del cine espa\u00f1ol como \u2018Embrujo\u2019, dirigida por Carlos Serrano de Osma y protagonizada por la a\u00f1orada Lola Flores, y descubrir la obra de cineastas singulares como \u00c1ngel Garc\u00eda del Val o Juan Sebasti\u00e1n Bolla\u00edn.<\/p>\n<p>Por otra parte, la programaci\u00f3n de octubre incluye la puesta en marcha de una nueva edici\u00f3n de \u2018Puntos de fuga\u2019, el ciclo que desarrolla Cineinfinito con el apoyo del Ayuntamiento de Santander y cuyas proyecciones comienzan el 7 de octubre con \u2018Marruecos\u2019, una de las m\u00edticas pel\u00edculas que Josef von Sternberg film\u00f3 en Hollywood con Marlene Dietricht.<\/p>\n<p>En su edici\u00f3n de este a\u00f1o, este especial integra varias l\u00edneas de programaci\u00f3n que tienen relaci\u00f3n con la est\u00e9tica \u201ccamp\u201d.<\/p>\n<p>Adem\u00e1s de la dupla Sternberg-Dietrich, de la que tambi\u00e9n se proyectar\u00e1 \u2018El expreso de Shanghai\u2019 y \u2018La Venus rubia\u2019, este ciclo de \u2018Puntos de Fuga\u2019 traer\u00e1 a la sede de Bonifaz pel\u00edculas de cineastas como Rainer Werner Fassbinder, Verner Schroeter o Mark Rappaport.<\/p>\n<p>Asimismo, en octubre continuar\u00e1 el especial \u2018Mujeres de cine\u2019, que incluye un pase del documental \u2018Mujeres sin censura\u2019 sobre la trayectoria de varias actrices de la \u00e9poca del destape.<\/p>\n<p>A la colaboraci\u00f3n mensual con la asociaci\u00f3n La llave azul, que el 18 de octubre propone la pel\u00edcula francesa \u2018Fumar provoca tos\u2019, se suma el d\u00eda 19 el cinef\u00f3rum que organiza el hospital Santa Clotilde en torno a la pel\u00edcula \u2018Morir\u2019, de Fernando Franco.<\/p>\n<p>En octubre tambi\u00e9n contin\u00faan ciclos y propuestas que ha venido desarrollando en los \u00faltimos meses.<\/p>\n<p>En este sentido, prosigue el ciclo dedicado a la Warner Bros. por su centenario con la proyecci\u00f3n de \u2018Malas tierras\u2019 y de \u2018Uno de los nuestros\u2019.<\/p>\n<p>Con este \u00faltimo t\u00edtulo se establece, adem\u00e1s, un sugerente di\u00e1logo en torno a la obra del director Martin Scorsese, dado que su proyecci\u00f3n se realizar\u00e1 en los d\u00edas siguientes a las \u00faltimas proyecciones de la versi\u00f3n restaurada de \u2018Toro Salvaje\u2019, con los \u00faltimos pases el 1 de octubre.<\/p>\n<p>Dentro de \u2018El alma de la \u00e9poca\u2019 llegar\u00e1 la pel\u00edcula espa\u00f1ola \u2018El esp\u00edritu de la colmena\u2019, que vuelve a las pantallas cincuenta a\u00f1os despu\u00e9s de su estreno y coincidiendo con la llegada a los cines de la nueva pel\u00edcula de V\u00edctor Erice, \u2018Cerrar los ojos\u2019.<\/p>\n<p>Por su parte, \u2018Di\u00e1logos\u2019 trae en octubre otro filme de Erice, \u2018El sur\u2019, por lo que el 28 de octubre se podr\u00e1n ver las dos pel\u00edculas del cineasta espa\u00f1ol en una suerte de programa doble.<\/p>\n<p>Ya la Filmoteca Junior incluye este mes \u2018Lilo &amp; Stitcht\u2019, \u2018Cars\u2019 y \u2018Cars 3\u2019, tres sesiones de car\u00e1cter gratuito como tambi\u00e9n lo ser\u00e1 la sesi\u00f3n especial con la que la Filmoteca de Cantabria cerrar\u00e1 este intenso mes de octubre, \u2018Poltergeist\u2019.<\/p>\n<p>Ser\u00e1 una proyecci\u00f3n especial que centrar\u00e1 la programaci\u00f3n del 31 de octubre, un cl\u00e1sico del terror para celebrar la noche de Halloween y conmemorar que justo ese d\u00eda se cumplir\u00e1n 22 a\u00f1os de la apertura de la Filmoteca de Cantabria.<\/p>\n","protected":false},"excerpt":{"rendered":"<p>Esta pel\u00edcula, estrenada en 1923 y restaurada por Filmoteca Espa\u00f1ola, se proyectar\u00e1 los d\u00edas 6 y 15 de octubre en modo cine-concierto y precedida de un cortometraje documental sobre la ciudad de Santander en la d\u00e9cada de 1980 Santander, 30 de septiembre de 2023.- La Filmoteca de Cantabria Mario Camus conmemorar\u00e1 en octubre el D\u00eda [&hellip;]<\/p>\n","protected":false},"author":11,"featured_media":3575,"comment_status":"closed","ping_status":"closed","sticky":false,"template":"","format":"standard","meta":{"inline_featured_image":false,"footnotes":""},"categories":[4],"tags":[],"class_list":["post-3574","post","type-post","status-publish","format-standard","has-post-thumbnail","hentry","category-noticias"],"yoast_head":"<!-- This site is optimized with the Yoast SEO plugin v19.6.1 - https:\/\/yoast.com\/wordpress\/plugins\/seo\/ -->\n<title>Recuperamos en octubre por el D\u00eda del Cine Espa\u00f1ol \u2018Curro Vargas\u2019, del cineasta c\u00e1ntabro Jos\u00e9 Buchs - Filmoteca de Cantabria Mario Camus | Santander | Torrelavega | Regi\u00f3n<\/title>\n<meta name=\"robots\" content=\"index, follow, max-snippet:-1, max-image-preview:large, max-video-preview:-1\" \/>\n<link rel=\"canonical\" href=\"https:\/\/filmotecacantabria.es\/es\/recuperamos-en-octubre-por-el-dia-del-cine-espanol-curro-vargas-del-cineasta-cantabro-jose-buchs\/\" \/>\n<meta property=\"og:locale\" content=\"es_ES\" \/>\n<meta property=\"og:type\" content=\"article\" \/>\n<meta property=\"og:title\" content=\"Recuperamos en octubre por el D\u00eda del Cine Espa\u00f1ol \u2018Curro Vargas\u2019, del cineasta c\u00e1ntabro Jos\u00e9 Buchs - Filmoteca de Cantabria Mario Camus | Santander | Torrelavega | Regi\u00f3n\" \/>\n<meta property=\"og:description\" content=\"Esta pel\u00edcula, estrenada en 1923 y restaurada por Filmoteca Espa\u00f1ola, se proyectar\u00e1 los d\u00edas 6 y 15 de octubre en modo cine-concierto y precedida de un cortometraje documental sobre la ciudad de Santander en la d\u00e9cada de 1980 Santander, 30 de septiembre de 2023.- La Filmoteca de Cantabria Mario Camus conmemorar\u00e1 en octubre el D\u00eda [&hellip;]\" \/>\n<meta property=\"og:url\" content=\"https:\/\/filmotecacantabria.es\/es\/recuperamos-en-octubre-por-el-dia-del-cine-espanol-curro-vargas-del-cineasta-cantabro-jose-buchs\/\" \/>\n<meta property=\"og:site_name\" content=\"Filmoteca de Cantabria Mario Camus | Santander | Torrelavega | Regi\u00f3n\" \/>\n<meta property=\"article:published_time\" content=\"2023-09-30T07:47:38+00:00\" \/>\n<meta property=\"og:image\" content=\"https:\/\/filmotecacantabria.es\/es\/wp-content\/uploads\/2023\/09\/risa-uno-de-los-nuestros.jpg\" \/>\n\t<meta property=\"og:image:width\" content=\"1280\" \/>\n\t<meta property=\"og:image:height\" content=\"720\" \/>\n\t<meta property=\"og:image:type\" content=\"image\/jpeg\" \/>\n<meta name=\"author\" content=\"belen.cordoba@srecd.es\" \/>\n<meta name=\"twitter:card\" content=\"summary_large_image\" \/>\n<meta name=\"twitter:label1\" content=\"Escrito por\" \/>\n\t<meta name=\"twitter:data1\" content=\"belen.cordoba@srecd.es\" \/>\n\t<meta name=\"twitter:label2\" content=\"Tiempo de lectura\" \/>\n\t<meta name=\"twitter:data2\" content=\"4 minutos\" \/>\n<script type=\"application\/ld+json\" class=\"yoast-schema-graph\">{\"@context\":\"https:\/\/schema.org\",\"@graph\":[{\"@type\":\"Article\",\"@id\":\"https:\/\/filmotecacantabria.es\/es\/recuperamos-en-octubre-por-el-dia-del-cine-espanol-curro-vargas-del-cineasta-cantabro-jose-buchs\/#article\",\"isPartOf\":{\"@id\":\"https:\/\/filmotecacantabria.es\/es\/recuperamos-en-octubre-por-el-dia-del-cine-espanol-curro-vargas-del-cineasta-cantabro-jose-buchs\/\"},\"author\":{\"name\":\"belen.cordoba@srecd.es\",\"@id\":\"https:\/\/filmotecacantabria.es\/es\/#\/schema\/person\/86205b2ac543405aae888afb3afdb6d8\"},\"headline\":\"Recuperamos en octubre por el D\u00eda del Cine Espa\u00f1ol \u2018Curro Vargas\u2019, del cineasta c\u00e1ntabro Jos\u00e9 Buchs\",\"datePublished\":\"2023-09-30T07:47:38+00:00\",\"dateModified\":\"2023-09-30T07:47:38+00:00\",\"mainEntityOfPage\":{\"@id\":\"https:\/\/filmotecacantabria.es\/es\/recuperamos-en-octubre-por-el-dia-del-cine-espanol-curro-vargas-del-cineasta-cantabro-jose-buchs\/\"},\"wordCount\":897,\"publisher\":{\"@id\":\"https:\/\/filmotecacantabria.es\/es\/#organization\"},\"articleSection\":[\"Noticias\"],\"inLanguage\":\"es\"},{\"@type\":\"WebPage\",\"@id\":\"https:\/\/filmotecacantabria.es\/es\/recuperamos-en-octubre-por-el-dia-del-cine-espanol-curro-vargas-del-cineasta-cantabro-jose-buchs\/\",\"url\":\"https:\/\/filmotecacantabria.es\/es\/recuperamos-en-octubre-por-el-dia-del-cine-espanol-curro-vargas-del-cineasta-cantabro-jose-buchs\/\",\"name\":\"Recuperamos en octubre por el D\u00eda del Cine Espa\u00f1ol \u2018Curro Vargas\u2019, del cineasta c\u00e1ntabro Jos\u00e9 Buchs - Filmoteca de Cantabria Mario Camus | Santander | Torrelavega | Regi\u00f3n\",\"isPartOf\":{\"@id\":\"https:\/\/filmotecacantabria.es\/es\/#website\"},\"datePublished\":\"2023-09-30T07:47:38+00:00\",\"dateModified\":\"2023-09-30T07:47:38+00:00\",\"breadcrumb\":{\"@id\":\"https:\/\/filmotecacantabria.es\/es\/recuperamos-en-octubre-por-el-dia-del-cine-espanol-curro-vargas-del-cineasta-cantabro-jose-buchs\/#breadcrumb\"},\"inLanguage\":\"es\",\"potentialAction\":[{\"@type\":\"ReadAction\",\"target\":[\"https:\/\/filmotecacantabria.es\/es\/recuperamos-en-octubre-por-el-dia-del-cine-espanol-curro-vargas-del-cineasta-cantabro-jose-buchs\/\"]}]},{\"@type\":\"BreadcrumbList\",\"@id\":\"https:\/\/filmotecacantabria.es\/es\/recuperamos-en-octubre-por-el-dia-del-cine-espanol-curro-vargas-del-cineasta-cantabro-jose-buchs\/#breadcrumb\",\"itemListElement\":[{\"@type\":\"ListItem\",\"position\":1,\"name\":\"Portada\",\"item\":\"https:\/\/filmotecacantabria.es\/es\/inicio\/\"},{\"@type\":\"ListItem\",\"position\":2,\"name\":\"Recuperamos en octubre por el D\u00eda del Cine Espa\u00f1ol \u2018Curro Vargas\u2019, del cineasta c\u00e1ntabro Jos\u00e9 Buchs\"}]},{\"@type\":\"WebSite\",\"@id\":\"https:\/\/filmotecacantabria.es\/es\/#website\",\"url\":\"https:\/\/filmotecacantabria.es\/es\/\",\"name\":\"Filmoteca de Cantabria Mario Camus | Santander | Torrelavega | Regi\u00f3n\",\"description\":\"Toda la programaci\u00f3n de las filmotecas de Cantabria Mario Camus.\",\"publisher\":{\"@id\":\"https:\/\/filmotecacantabria.es\/es\/#organization\"},\"potentialAction\":[{\"@type\":\"SearchAction\",\"target\":{\"@type\":\"EntryPoint\",\"urlTemplate\":\"https:\/\/filmotecacantabria.es\/es\/?s={search_term_string}\"},\"query-input\":\"required name=search_term_string\"}],\"inLanguage\":\"es\"},{\"@type\":\"Organization\",\"@id\":\"https:\/\/filmotecacantabria.es\/es\/#organization\",\"name\":\"Filmoteca de Cantabria Mario Camus | Santander | Torrelavega | Regi\u00f3n\",\"url\":\"https:\/\/filmotecacantabria.es\/es\/\",\"sameAs\":[],\"logo\":{\"@type\":\"ImageObject\",\"inLanguage\":\"es\",\"@id\":\"https:\/\/filmotecacantabria.es\/es\/#\/schema\/logo\/image\/\",\"url\":\"https:\/\/filmotecacantabria.es\/es\/wp-content\/uploads\/2021\/12\/logo-filmoteca-cantabria-1-mario-camus.png\",\"contentUrl\":\"https:\/\/filmotecacantabria.es\/es\/wp-content\/uploads\/2021\/12\/logo-filmoteca-cantabria-1-mario-camus.png\",\"width\":170,\"height\":183,\"caption\":\"Filmoteca de Cantabria Mario Camus | Santander | Torrelavega | Regi\u00f3n\"},\"image\":{\"@id\":\"https:\/\/filmotecacantabria.es\/es\/#\/schema\/logo\/image\/\"}},{\"@type\":\"Person\",\"@id\":\"https:\/\/filmotecacantabria.es\/es\/#\/schema\/person\/86205b2ac543405aae888afb3afdb6d8\",\"name\":\"belen.cordoba@srecd.es\",\"image\":{\"@type\":\"ImageObject\",\"inLanguage\":\"es\",\"@id\":\"https:\/\/filmotecacantabria.es\/es\/#\/schema\/person\/image\/\",\"url\":\"https:\/\/secure.gravatar.com\/avatar\/a185108474f14fc94f32f86115d60aeb?s=96&d=mm&r=g\",\"contentUrl\":\"https:\/\/secure.gravatar.com\/avatar\/a185108474f14fc94f32f86115d60aeb?s=96&d=mm&r=g\",\"caption\":\"belen.cordoba@srecd.es\"}}]}<\/script>\n<!-- \/ Yoast SEO plugin. -->","yoast_head_json":{"title":"Recuperamos en octubre por el D\u00eda del Cine Espa\u00f1ol \u2018Curro Vargas\u2019, del cineasta c\u00e1ntabro Jos\u00e9 Buchs - Filmoteca de Cantabria Mario Camus | Santander | Torrelavega | Regi\u00f3n","robots":{"index":"index","follow":"follow","max-snippet":"max-snippet:-1","max-image-preview":"max-image-preview:large","max-video-preview":"max-video-preview:-1"},"canonical":"https:\/\/filmotecacantabria.es\/es\/recuperamos-en-octubre-por-el-dia-del-cine-espanol-curro-vargas-del-cineasta-cantabro-jose-buchs\/","og_locale":"es_ES","og_type":"article","og_title":"Recuperamos en octubre por el D\u00eda del Cine Espa\u00f1ol \u2018Curro Vargas\u2019, del cineasta c\u00e1ntabro Jos\u00e9 Buchs - Filmoteca de Cantabria Mario Camus | Santander | Torrelavega | Regi\u00f3n","og_description":"Esta pel\u00edcula, estrenada en 1923 y restaurada por Filmoteca Espa\u00f1ola, se proyectar\u00e1 los d\u00edas 6 y 15 de octubre en modo cine-concierto y precedida de un cortometraje documental sobre la ciudad de Santander en la d\u00e9cada de 1980 Santander, 30 de septiembre de 2023.- La Filmoteca de Cantabria Mario Camus conmemorar\u00e1 en octubre el D\u00eda [&hellip;]","og_url":"https:\/\/filmotecacantabria.es\/es\/recuperamos-en-octubre-por-el-dia-del-cine-espanol-curro-vargas-del-cineasta-cantabro-jose-buchs\/","og_site_name":"Filmoteca de Cantabria Mario Camus | Santander | Torrelavega | Regi\u00f3n","article_published_time":"2023-09-30T07:47:38+00:00","og_image":[{"width":1280,"height":720,"url":"https:\/\/filmotecacantabria.es\/es\/wp-content\/uploads\/2023\/09\/risa-uno-de-los-nuestros.jpg","type":"image\/jpeg"}],"author":"belen.cordoba@srecd.es","twitter_card":"summary_large_image","twitter_misc":{"Escrito por":"belen.cordoba@srecd.es","Tiempo de lectura":"4 minutos"},"schema":{"@context":"https:\/\/schema.org","@graph":[{"@type":"Article","@id":"https:\/\/filmotecacantabria.es\/es\/recuperamos-en-octubre-por-el-dia-del-cine-espanol-curro-vargas-del-cineasta-cantabro-jose-buchs\/#article","isPartOf":{"@id":"https:\/\/filmotecacantabria.es\/es\/recuperamos-en-octubre-por-el-dia-del-cine-espanol-curro-vargas-del-cineasta-cantabro-jose-buchs\/"},"author":{"name":"belen.cordoba@srecd.es","@id":"https:\/\/filmotecacantabria.es\/es\/#\/schema\/person\/86205b2ac543405aae888afb3afdb6d8"},"headline":"Recuperamos en octubre por el D\u00eda del Cine Espa\u00f1ol \u2018Curro Vargas\u2019, del cineasta c\u00e1ntabro Jos\u00e9 Buchs","datePublished":"2023-09-30T07:47:38+00:00","dateModified":"2023-09-30T07:47:38+00:00","mainEntityOfPage":{"@id":"https:\/\/filmotecacantabria.es\/es\/recuperamos-en-octubre-por-el-dia-del-cine-espanol-curro-vargas-del-cineasta-cantabro-jose-buchs\/"},"wordCount":897,"publisher":{"@id":"https:\/\/filmotecacantabria.es\/es\/#organization"},"articleSection":["Noticias"],"inLanguage":"es"},{"@type":"WebPage","@id":"https:\/\/filmotecacantabria.es\/es\/recuperamos-en-octubre-por-el-dia-del-cine-espanol-curro-vargas-del-cineasta-cantabro-jose-buchs\/","url":"https:\/\/filmotecacantabria.es\/es\/recuperamos-en-octubre-por-el-dia-del-cine-espanol-curro-vargas-del-cineasta-cantabro-jose-buchs\/","name":"Recuperamos en octubre por el D\u00eda del Cine Espa\u00f1ol \u2018Curro Vargas\u2019, del cineasta c\u00e1ntabro Jos\u00e9 Buchs - Filmoteca de Cantabria Mario Camus | Santander | Torrelavega | Regi\u00f3n","isPartOf":{"@id":"https:\/\/filmotecacantabria.es\/es\/#website"},"datePublished":"2023-09-30T07:47:38+00:00","dateModified":"2023-09-30T07:47:38+00:00","breadcrumb":{"@id":"https:\/\/filmotecacantabria.es\/es\/recuperamos-en-octubre-por-el-dia-del-cine-espanol-curro-vargas-del-cineasta-cantabro-jose-buchs\/#breadcrumb"},"inLanguage":"es","potentialAction":[{"@type":"ReadAction","target":["https:\/\/filmotecacantabria.es\/es\/recuperamos-en-octubre-por-el-dia-del-cine-espanol-curro-vargas-del-cineasta-cantabro-jose-buchs\/"]}]},{"@type":"BreadcrumbList","@id":"https:\/\/filmotecacantabria.es\/es\/recuperamos-en-octubre-por-el-dia-del-cine-espanol-curro-vargas-del-cineasta-cantabro-jose-buchs\/#breadcrumb","itemListElement":[{"@type":"ListItem","position":1,"name":"Portada","item":"https:\/\/filmotecacantabria.es\/es\/inicio\/"},{"@type":"ListItem","position":2,"name":"Recuperamos en octubre por el D\u00eda del Cine Espa\u00f1ol \u2018Curro Vargas\u2019, del cineasta c\u00e1ntabro Jos\u00e9 Buchs"}]},{"@type":"WebSite","@id":"https:\/\/filmotecacantabria.es\/es\/#website","url":"https:\/\/filmotecacantabria.es\/es\/","name":"Filmoteca de Cantabria Mario Camus | Santander | Torrelavega | Regi\u00f3n","description":"Toda la programaci\u00f3n de las filmotecas de Cantabria Mario Camus.","publisher":{"@id":"https:\/\/filmotecacantabria.es\/es\/#organization"},"potentialAction":[{"@type":"SearchAction","target":{"@type":"EntryPoint","urlTemplate":"https:\/\/filmotecacantabria.es\/es\/?s={search_term_string}"},"query-input":"required name=search_term_string"}],"inLanguage":"es"},{"@type":"Organization","@id":"https:\/\/filmotecacantabria.es\/es\/#organization","name":"Filmoteca de Cantabria Mario Camus | Santander | Torrelavega | Regi\u00f3n","url":"https:\/\/filmotecacantabria.es\/es\/","sameAs":[],"logo":{"@type":"ImageObject","inLanguage":"es","@id":"https:\/\/filmotecacantabria.es\/es\/#\/schema\/logo\/image\/","url":"https:\/\/filmotecacantabria.es\/es\/wp-content\/uploads\/2021\/12\/logo-filmoteca-cantabria-1-mario-camus.png","contentUrl":"https:\/\/filmotecacantabria.es\/es\/wp-content\/uploads\/2021\/12\/logo-filmoteca-cantabria-1-mario-camus.png","width":170,"height":183,"caption":"Filmoteca de Cantabria Mario Camus | Santander | Torrelavega | Regi\u00f3n"},"image":{"@id":"https:\/\/filmotecacantabria.es\/es\/#\/schema\/logo\/image\/"}},{"@type":"Person","@id":"https:\/\/filmotecacantabria.es\/es\/#\/schema\/person\/86205b2ac543405aae888afb3afdb6d8","name":"belen.cordoba@srecd.es","image":{"@type":"ImageObject","inLanguage":"es","@id":"https:\/\/filmotecacantabria.es\/es\/#\/schema\/person\/image\/","url":"https:\/\/secure.gravatar.com\/avatar\/a185108474f14fc94f32f86115d60aeb?s=96&d=mm&r=g","contentUrl":"https:\/\/secure.gravatar.com\/avatar\/a185108474f14fc94f32f86115d60aeb?s=96&d=mm&r=g","caption":"belen.cordoba@srecd.es"}}]}},"_links":{"self":[{"href":"https:\/\/filmotecacantabria.es\/es\/wp-json\/wp\/v2\/posts\/3574"}],"collection":[{"href":"https:\/\/filmotecacantabria.es\/es\/wp-json\/wp\/v2\/posts"}],"about":[{"href":"https:\/\/filmotecacantabria.es\/es\/wp-json\/wp\/v2\/types\/post"}],"author":[{"embeddable":true,"href":"https:\/\/filmotecacantabria.es\/es\/wp-json\/wp\/v2\/users\/11"}],"replies":[{"embeddable":true,"href":"https:\/\/filmotecacantabria.es\/es\/wp-json\/wp\/v2\/comments?post=3574"}],"version-history":[{"count":2,"href":"https:\/\/filmotecacantabria.es\/es\/wp-json\/wp\/v2\/posts\/3574\/revisions"}],"predecessor-version":[{"id":3577,"href":"https:\/\/filmotecacantabria.es\/es\/wp-json\/wp\/v2\/posts\/3574\/revisions\/3577"}],"wp:featuredmedia":[{"embeddable":true,"href":"https:\/\/filmotecacantabria.es\/es\/wp-json\/wp\/v2\/media\/3575"}],"wp:attachment":[{"href":"https:\/\/filmotecacantabria.es\/es\/wp-json\/wp\/v2\/media?parent=3574"}],"wp:term":[{"taxonomy":"category","embeddable":true,"href":"https:\/\/filmotecacantabria.es\/es\/wp-json\/wp\/v2\/categories?post=3574"},{"taxonomy":"post_tag","embeddable":true,"href":"https:\/\/filmotecacantabria.es\/es\/wp-json\/wp\/v2\/tags?post=3574"}],"curies":[{"name":"wp","href":"https:\/\/api.w.org\/{rel}","templated":true}]}}