{"id":3316,"date":"2023-05-03T20:38:23","date_gmt":"2023-05-03T18:38:23","guid":{"rendered":"https:\/\/filmotecacantabria.es\/es\/?p=3316"},"modified":"2023-05-03T20:38:23","modified_gmt":"2023-05-03T18:38:23","slug":"la-filmoteca-de-cantabria-estrena-el-documental-voces-de-la-juventud-rural-sobre-las-reflexiones-inquietudes-y-proyectos-de-los-jovenes","status":"publish","type":"post","link":"https:\/\/filmotecacantabria.es\/es\/la-filmoteca-de-cantabria-estrena-el-documental-voces-de-la-juventud-rural-sobre-las-reflexiones-inquietudes-y-proyectos-de-los-jovenes\/","title":{"rendered":"La Filmoteca de Cantabria estrena el documental \u2018Voces de la juventud rural\u2019 sobre las reflexiones, inquietudes y proyectos de los j\u00f3venes"},"content":{"rendered":"<p><strong>El vicepresidente y consejero de Cultura, Pablo Zuloaga, asiste a la proyecci\u00f3n y posterior coloquio con el director y los protagonistas de la obra<\/strong><\/p>\n<p><strong>\u00a0<\/strong><\/p>\n<p>Santander, 3 de mayo de 2023.- El vicepresidente y consejero de Universidades, Igualdad, Cultura y Deporte, Pablo Zuloaga, ha asistido en la Filmoteca de Cantabria Mario Camus al estreno del documental \u2018Voces de la juventud rural\u2019, del director Aitor S\u00e1nchez Smith, dirigido a dar a conocer la problem\u00e1tica, reflexiones, inquietudes y proyectos de los j\u00f3venes.<\/p>\n<p>Zuloaga ha destacado la necesidad de escuchar y empoderar a la juventud para impulsar la transformaci\u00f3n social y econ\u00f3mica del mundo rural.<\/p>\n<p>Tras se\u00f1alar que los j\u00f3venes representan el presente para seguir construyendo Cantabria, se ha referido a la importancia de dotar de proyectos e infraestructuras al \u00e1mbito rural que garanticen la igualdad, rompiendo brechas tanto en lo relacionado con los servicios como con el g\u00e9nero.<\/p>\n<p>En este sentido, el documental refleja la realidad del medio rural de Cantabria a trav\u00e9s del testimonio de seis j\u00f3venes sobre emprendimiento, igualdad de g\u00e9nero, desarrollo de infraestructuras y servicios, educaci\u00f3n, cultura y sostenibilidad.<\/p>\n<p>Tras la proyecci\u00f3n, Zuloaga ha participado en un coloquio junto al director y los protagonistas de la obra.<\/p>\n<p>Junto al vicepresidente, al acto ha asistido la directora general de Juventud, Marina Bolado.<\/p>\n<p>\u2018Voces de la juventud rural\u2019 constituye uno de los \u00faltimos trabajos del director y productor c\u00e1ntabro Aitor S\u00e1nchez Smith (1993), cuyo documental largometraje y opera prima \u2018Balika\u2019 (2021) se encuentra actualmente en distribuci\u00f3n por festivales nacionales e internacionales. Editor y realizador audiovisual, es adem\u00e1s fot\u00f3grafo comercial, art\u00edstico y fotoperiodista.<\/p>\n","protected":false},"excerpt":{"rendered":"<p>El vicepresidente y consejero de Cultura, Pablo Zuloaga, asiste a la proyecci\u00f3n y posterior coloquio con el director y los protagonistas de la obra \u00a0 Santander, 3 de mayo de 2023.- El vicepresidente y consejero de Universidades, Igualdad, Cultura y Deporte, Pablo Zuloaga, ha asistido en la Filmoteca de Cantabria Mario Camus al estreno del [&hellip;]<\/p>\n","protected":false},"author":11,"featured_media":3317,"comment_status":"closed","ping_status":"closed","sticky":false,"template":"","format":"standard","meta":{"inline_featured_image":false,"footnotes":""},"categories":[4],"tags":[],"class_list":["post-3316","post","type-post","status-publish","format-standard","has-post-thumbnail","hentry","category-noticias"],"yoast_head":"<!-- This site is optimized with the Yoast SEO plugin v19.6.1 - https:\/\/yoast.com\/wordpress\/plugins\/seo\/ -->\n<title>La Filmoteca de Cantabria estrena el documental \u2018Voces de la juventud rural\u2019 sobre las reflexiones, inquietudes y proyectos de los j\u00f3venes - Filmoteca de Cantabria Mario Camus | Santander | Torrelavega | Regi\u00f3n<\/title>\n<meta name=\"robots\" content=\"index, follow, max-snippet:-1, max-image-preview:large, max-video-preview:-1\" \/>\n<link rel=\"canonical\" href=\"https:\/\/filmotecacantabria.es\/es\/la-filmoteca-de-cantabria-estrena-el-documental-voces-de-la-juventud-rural-sobre-las-reflexiones-inquietudes-y-proyectos-de-los-jovenes\/\" \/>\n<meta property=\"og:locale\" content=\"es_ES\" \/>\n<meta property=\"og:type\" content=\"article\" \/>\n<meta property=\"og:title\" content=\"La Filmoteca de Cantabria estrena el documental \u2018Voces de la juventud rural\u2019 sobre las reflexiones, inquietudes y proyectos de los j\u00f3venes - Filmoteca de Cantabria Mario Camus | Santander | Torrelavega | Regi\u00f3n\" \/>\n<meta property=\"og:description\" content=\"El vicepresidente y consejero de Cultura, Pablo Zuloaga, asiste a la proyecci\u00f3n y posterior coloquio con el director y los protagonistas de la obra \u00a0 Santander, 3 de mayo de 2023.- El vicepresidente y consejero de Universidades, Igualdad, Cultura y Deporte, Pablo Zuloaga, ha asistido en la Filmoteca de Cantabria Mario Camus al estreno del [&hellip;]\" \/>\n<meta property=\"og:url\" content=\"https:\/\/filmotecacantabria.es\/es\/la-filmoteca-de-cantabria-estrena-el-documental-voces-de-la-juventud-rural-sobre-las-reflexiones-inquietudes-y-proyectos-de-los-jovenes\/\" \/>\n<meta property=\"og:site_name\" content=\"Filmoteca de Cantabria Mario Camus | Santander | Torrelavega | Regi\u00f3n\" \/>\n<meta property=\"article:published_time\" content=\"2023-05-03T18:38:23+00:00\" \/>\n<meta property=\"og:image\" content=\"https:\/\/filmotecacantabria.es\/es\/wp-content\/uploads\/2023\/05\/vicepresidente-documental-filmoteca-1030x671.jpeg\" \/>\n\t<meta property=\"og:image:width\" content=\"1030\" \/>\n\t<meta property=\"og:image:height\" content=\"671\" \/>\n\t<meta property=\"og:image:type\" content=\"image\/jpeg\" \/>\n<meta name=\"author\" content=\"belen.cordoba@srecd.es\" \/>\n<meta name=\"twitter:card\" content=\"summary_large_image\" \/>\n<meta name=\"twitter:label1\" content=\"Escrito por\" \/>\n\t<meta name=\"twitter:data1\" content=\"belen.cordoba@srecd.es\" \/>\n\t<meta name=\"twitter:label2\" content=\"Tiempo de lectura\" \/>\n\t<meta name=\"twitter:data2\" content=\"2 minutos\" \/>\n<script type=\"application\/ld+json\" class=\"yoast-schema-graph\">{\"@context\":\"https:\/\/schema.org\",\"@graph\":[{\"@type\":\"Article\",\"@id\":\"https:\/\/filmotecacantabria.es\/es\/la-filmoteca-de-cantabria-estrena-el-documental-voces-de-la-juventud-rural-sobre-las-reflexiones-inquietudes-y-proyectos-de-los-jovenes\/#article\",\"isPartOf\":{\"@id\":\"https:\/\/filmotecacantabria.es\/es\/la-filmoteca-de-cantabria-estrena-el-documental-voces-de-la-juventud-rural-sobre-las-reflexiones-inquietudes-y-proyectos-de-los-jovenes\/\"},\"author\":{\"name\":\"belen.cordoba@srecd.es\",\"@id\":\"https:\/\/filmotecacantabria.es\/es\/#\/schema\/person\/86205b2ac543405aae888afb3afdb6d8\"},\"headline\":\"La Filmoteca de Cantabria estrena el documental \u2018Voces de la juventud rural\u2019 sobre las reflexiones, inquietudes y proyectos de los j\u00f3venes\",\"datePublished\":\"2023-05-03T18:38:23+00:00\",\"dateModified\":\"2023-05-03T18:38:23+00:00\",\"mainEntityOfPage\":{\"@id\":\"https:\/\/filmotecacantabria.es\/es\/la-filmoteca-de-cantabria-estrena-el-documental-voces-de-la-juventud-rural-sobre-las-reflexiones-inquietudes-y-proyectos-de-los-jovenes\/\"},\"wordCount\":299,\"publisher\":{\"@id\":\"https:\/\/filmotecacantabria.es\/es\/#organization\"},\"articleSection\":[\"Noticias\"],\"inLanguage\":\"es\"},{\"@type\":\"WebPage\",\"@id\":\"https:\/\/filmotecacantabria.es\/es\/la-filmoteca-de-cantabria-estrena-el-documental-voces-de-la-juventud-rural-sobre-las-reflexiones-inquietudes-y-proyectos-de-los-jovenes\/\",\"url\":\"https:\/\/filmotecacantabria.es\/es\/la-filmoteca-de-cantabria-estrena-el-documental-voces-de-la-juventud-rural-sobre-las-reflexiones-inquietudes-y-proyectos-de-los-jovenes\/\",\"name\":\"La Filmoteca de Cantabria estrena el documental \u2018Voces de la juventud rural\u2019 sobre las reflexiones, inquietudes y proyectos de los j\u00f3venes - Filmoteca de Cantabria Mario Camus | Santander | Torrelavega | Regi\u00f3n\",\"isPartOf\":{\"@id\":\"https:\/\/filmotecacantabria.es\/es\/#website\"},\"datePublished\":\"2023-05-03T18:38:23+00:00\",\"dateModified\":\"2023-05-03T18:38:23+00:00\",\"breadcrumb\":{\"@id\":\"https:\/\/filmotecacantabria.es\/es\/la-filmoteca-de-cantabria-estrena-el-documental-voces-de-la-juventud-rural-sobre-las-reflexiones-inquietudes-y-proyectos-de-los-jovenes\/#breadcrumb\"},\"inLanguage\":\"es\",\"potentialAction\":[{\"@type\":\"ReadAction\",\"target\":[\"https:\/\/filmotecacantabria.es\/es\/la-filmoteca-de-cantabria-estrena-el-documental-voces-de-la-juventud-rural-sobre-las-reflexiones-inquietudes-y-proyectos-de-los-jovenes\/\"]}]},{\"@type\":\"BreadcrumbList\",\"@id\":\"https:\/\/filmotecacantabria.es\/es\/la-filmoteca-de-cantabria-estrena-el-documental-voces-de-la-juventud-rural-sobre-las-reflexiones-inquietudes-y-proyectos-de-los-jovenes\/#breadcrumb\",\"itemListElement\":[{\"@type\":\"ListItem\",\"position\":1,\"name\":\"Portada\",\"item\":\"https:\/\/filmotecacantabria.es\/es\/inicio\/\"},{\"@type\":\"ListItem\",\"position\":2,\"name\":\"La Filmoteca de Cantabria estrena el documental \u2018Voces de la juventud rural\u2019 sobre las reflexiones, inquietudes y proyectos de los j\u00f3venes\"}]},{\"@type\":\"WebSite\",\"@id\":\"https:\/\/filmotecacantabria.es\/es\/#website\",\"url\":\"https:\/\/filmotecacantabria.es\/es\/\",\"name\":\"Filmoteca de Cantabria Mario Camus | Santander | Torrelavega | Regi\u00f3n\",\"description\":\"Toda la programaci\u00f3n de las filmotecas de Cantabria Mario Camus.\",\"publisher\":{\"@id\":\"https:\/\/filmotecacantabria.es\/es\/#organization\"},\"potentialAction\":[{\"@type\":\"SearchAction\",\"target\":{\"@type\":\"EntryPoint\",\"urlTemplate\":\"https:\/\/filmotecacantabria.es\/es\/?s={search_term_string}\"},\"query-input\":\"required name=search_term_string\"}],\"inLanguage\":\"es\"},{\"@type\":\"Organization\",\"@id\":\"https:\/\/filmotecacantabria.es\/es\/#organization\",\"name\":\"Filmoteca de Cantabria Mario Camus | Santander | Torrelavega | Regi\u00f3n\",\"url\":\"https:\/\/filmotecacantabria.es\/es\/\",\"sameAs\":[],\"logo\":{\"@type\":\"ImageObject\",\"inLanguage\":\"es\",\"@id\":\"https:\/\/filmotecacantabria.es\/es\/#\/schema\/logo\/image\/\",\"url\":\"https:\/\/filmotecacantabria.es\/es\/wp-content\/uploads\/2021\/12\/logo-filmoteca-cantabria-1-mario-camus.png\",\"contentUrl\":\"https:\/\/filmotecacantabria.es\/es\/wp-content\/uploads\/2021\/12\/logo-filmoteca-cantabria-1-mario-camus.png\",\"width\":170,\"height\":183,\"caption\":\"Filmoteca de Cantabria Mario Camus | Santander | Torrelavega | Regi\u00f3n\"},\"image\":{\"@id\":\"https:\/\/filmotecacantabria.es\/es\/#\/schema\/logo\/image\/\"}},{\"@type\":\"Person\",\"@id\":\"https:\/\/filmotecacantabria.es\/es\/#\/schema\/person\/86205b2ac543405aae888afb3afdb6d8\",\"name\":\"belen.cordoba@srecd.es\",\"image\":{\"@type\":\"ImageObject\",\"inLanguage\":\"es\",\"@id\":\"https:\/\/filmotecacantabria.es\/es\/#\/schema\/person\/image\/\",\"url\":\"https:\/\/secure.gravatar.com\/avatar\/a185108474f14fc94f32f86115d60aeb?s=96&d=mm&r=g\",\"contentUrl\":\"https:\/\/secure.gravatar.com\/avatar\/a185108474f14fc94f32f86115d60aeb?s=96&d=mm&r=g\",\"caption\":\"belen.cordoba@srecd.es\"}}]}<\/script>\n<!-- \/ Yoast SEO plugin. -->","yoast_head_json":{"title":"La Filmoteca de Cantabria estrena el documental \u2018Voces de la juventud rural\u2019 sobre las reflexiones, inquietudes y proyectos de los j\u00f3venes - Filmoteca de Cantabria Mario Camus | Santander | Torrelavega | Regi\u00f3n","robots":{"index":"index","follow":"follow","max-snippet":"max-snippet:-1","max-image-preview":"max-image-preview:large","max-video-preview":"max-video-preview:-1"},"canonical":"https:\/\/filmotecacantabria.es\/es\/la-filmoteca-de-cantabria-estrena-el-documental-voces-de-la-juventud-rural-sobre-las-reflexiones-inquietudes-y-proyectos-de-los-jovenes\/","og_locale":"es_ES","og_type":"article","og_title":"La Filmoteca de Cantabria estrena el documental \u2018Voces de la juventud rural\u2019 sobre las reflexiones, inquietudes y proyectos de los j\u00f3venes - Filmoteca de Cantabria Mario Camus | Santander | Torrelavega | Regi\u00f3n","og_description":"El vicepresidente y consejero de Cultura, Pablo Zuloaga, asiste a la proyecci\u00f3n y posterior coloquio con el director y los protagonistas de la obra \u00a0 Santander, 3 de mayo de 2023.- El vicepresidente y consejero de Universidades, Igualdad, Cultura y Deporte, Pablo Zuloaga, ha asistido en la Filmoteca de Cantabria Mario Camus al estreno del [&hellip;]","og_url":"https:\/\/filmotecacantabria.es\/es\/la-filmoteca-de-cantabria-estrena-el-documental-voces-de-la-juventud-rural-sobre-las-reflexiones-inquietudes-y-proyectos-de-los-jovenes\/","og_site_name":"Filmoteca de Cantabria Mario Camus | Santander | Torrelavega | Regi\u00f3n","article_published_time":"2023-05-03T18:38:23+00:00","og_image":[{"width":1030,"height":671,"url":"https:\/\/filmotecacantabria.es\/es\/wp-content\/uploads\/2023\/05\/vicepresidente-documental-filmoteca-1030x671.jpeg","type":"image\/jpeg"}],"author":"belen.cordoba@srecd.es","twitter_card":"summary_large_image","twitter_misc":{"Escrito por":"belen.cordoba@srecd.es","Tiempo de lectura":"2 minutos"},"schema":{"@context":"https:\/\/schema.org","@graph":[{"@type":"Article","@id":"https:\/\/filmotecacantabria.es\/es\/la-filmoteca-de-cantabria-estrena-el-documental-voces-de-la-juventud-rural-sobre-las-reflexiones-inquietudes-y-proyectos-de-los-jovenes\/#article","isPartOf":{"@id":"https:\/\/filmotecacantabria.es\/es\/la-filmoteca-de-cantabria-estrena-el-documental-voces-de-la-juventud-rural-sobre-las-reflexiones-inquietudes-y-proyectos-de-los-jovenes\/"},"author":{"name":"belen.cordoba@srecd.es","@id":"https:\/\/filmotecacantabria.es\/es\/#\/schema\/person\/86205b2ac543405aae888afb3afdb6d8"},"headline":"La Filmoteca de Cantabria estrena el documental \u2018Voces de la juventud rural\u2019 sobre las reflexiones, inquietudes y proyectos de los j\u00f3venes","datePublished":"2023-05-03T18:38:23+00:00","dateModified":"2023-05-03T18:38:23+00:00","mainEntityOfPage":{"@id":"https:\/\/filmotecacantabria.es\/es\/la-filmoteca-de-cantabria-estrena-el-documental-voces-de-la-juventud-rural-sobre-las-reflexiones-inquietudes-y-proyectos-de-los-jovenes\/"},"wordCount":299,"publisher":{"@id":"https:\/\/filmotecacantabria.es\/es\/#organization"},"articleSection":["Noticias"],"inLanguage":"es"},{"@type":"WebPage","@id":"https:\/\/filmotecacantabria.es\/es\/la-filmoteca-de-cantabria-estrena-el-documental-voces-de-la-juventud-rural-sobre-las-reflexiones-inquietudes-y-proyectos-de-los-jovenes\/","url":"https:\/\/filmotecacantabria.es\/es\/la-filmoteca-de-cantabria-estrena-el-documental-voces-de-la-juventud-rural-sobre-las-reflexiones-inquietudes-y-proyectos-de-los-jovenes\/","name":"La Filmoteca de Cantabria estrena el documental \u2018Voces de la juventud rural\u2019 sobre las reflexiones, inquietudes y proyectos de los j\u00f3venes - Filmoteca de Cantabria Mario Camus | Santander | Torrelavega | Regi\u00f3n","isPartOf":{"@id":"https:\/\/filmotecacantabria.es\/es\/#website"},"datePublished":"2023-05-03T18:38:23+00:00","dateModified":"2023-05-03T18:38:23+00:00","breadcrumb":{"@id":"https:\/\/filmotecacantabria.es\/es\/la-filmoteca-de-cantabria-estrena-el-documental-voces-de-la-juventud-rural-sobre-las-reflexiones-inquietudes-y-proyectos-de-los-jovenes\/#breadcrumb"},"inLanguage":"es","potentialAction":[{"@type":"ReadAction","target":["https:\/\/filmotecacantabria.es\/es\/la-filmoteca-de-cantabria-estrena-el-documental-voces-de-la-juventud-rural-sobre-las-reflexiones-inquietudes-y-proyectos-de-los-jovenes\/"]}]},{"@type":"BreadcrumbList","@id":"https:\/\/filmotecacantabria.es\/es\/la-filmoteca-de-cantabria-estrena-el-documental-voces-de-la-juventud-rural-sobre-las-reflexiones-inquietudes-y-proyectos-de-los-jovenes\/#breadcrumb","itemListElement":[{"@type":"ListItem","position":1,"name":"Portada","item":"https:\/\/filmotecacantabria.es\/es\/inicio\/"},{"@type":"ListItem","position":2,"name":"La Filmoteca de Cantabria estrena el documental \u2018Voces de la juventud rural\u2019 sobre las reflexiones, inquietudes y proyectos de los j\u00f3venes"}]},{"@type":"WebSite","@id":"https:\/\/filmotecacantabria.es\/es\/#website","url":"https:\/\/filmotecacantabria.es\/es\/","name":"Filmoteca de Cantabria Mario Camus | Santander | Torrelavega | Regi\u00f3n","description":"Toda la programaci\u00f3n de las filmotecas de Cantabria Mario Camus.","publisher":{"@id":"https:\/\/filmotecacantabria.es\/es\/#organization"},"potentialAction":[{"@type":"SearchAction","target":{"@type":"EntryPoint","urlTemplate":"https:\/\/filmotecacantabria.es\/es\/?s={search_term_string}"},"query-input":"required name=search_term_string"}],"inLanguage":"es"},{"@type":"Organization","@id":"https:\/\/filmotecacantabria.es\/es\/#organization","name":"Filmoteca de Cantabria Mario Camus | Santander | Torrelavega | Regi\u00f3n","url":"https:\/\/filmotecacantabria.es\/es\/","sameAs":[],"logo":{"@type":"ImageObject","inLanguage":"es","@id":"https:\/\/filmotecacantabria.es\/es\/#\/schema\/logo\/image\/","url":"https:\/\/filmotecacantabria.es\/es\/wp-content\/uploads\/2021\/12\/logo-filmoteca-cantabria-1-mario-camus.png","contentUrl":"https:\/\/filmotecacantabria.es\/es\/wp-content\/uploads\/2021\/12\/logo-filmoteca-cantabria-1-mario-camus.png","width":170,"height":183,"caption":"Filmoteca de Cantabria Mario Camus | Santander | Torrelavega | Regi\u00f3n"},"image":{"@id":"https:\/\/filmotecacantabria.es\/es\/#\/schema\/logo\/image\/"}},{"@type":"Person","@id":"https:\/\/filmotecacantabria.es\/es\/#\/schema\/person\/86205b2ac543405aae888afb3afdb6d8","name":"belen.cordoba@srecd.es","image":{"@type":"ImageObject","inLanguage":"es","@id":"https:\/\/filmotecacantabria.es\/es\/#\/schema\/person\/image\/","url":"https:\/\/secure.gravatar.com\/avatar\/a185108474f14fc94f32f86115d60aeb?s=96&d=mm&r=g","contentUrl":"https:\/\/secure.gravatar.com\/avatar\/a185108474f14fc94f32f86115d60aeb?s=96&d=mm&r=g","caption":"belen.cordoba@srecd.es"}}]}},"_links":{"self":[{"href":"https:\/\/filmotecacantabria.es\/es\/wp-json\/wp\/v2\/posts\/3316"}],"collection":[{"href":"https:\/\/filmotecacantabria.es\/es\/wp-json\/wp\/v2\/posts"}],"about":[{"href":"https:\/\/filmotecacantabria.es\/es\/wp-json\/wp\/v2\/types\/post"}],"author":[{"embeddable":true,"href":"https:\/\/filmotecacantabria.es\/es\/wp-json\/wp\/v2\/users\/11"}],"replies":[{"embeddable":true,"href":"https:\/\/filmotecacantabria.es\/es\/wp-json\/wp\/v2\/comments?post=3316"}],"version-history":[{"count":2,"href":"https:\/\/filmotecacantabria.es\/es\/wp-json\/wp\/v2\/posts\/3316\/revisions"}],"predecessor-version":[{"id":3319,"href":"https:\/\/filmotecacantabria.es\/es\/wp-json\/wp\/v2\/posts\/3316\/revisions\/3319"}],"wp:featuredmedia":[{"embeddable":true,"href":"https:\/\/filmotecacantabria.es\/es\/wp-json\/wp\/v2\/media\/3317"}],"wp:attachment":[{"href":"https:\/\/filmotecacantabria.es\/es\/wp-json\/wp\/v2\/media?parent=3316"}],"wp:term":[{"taxonomy":"category","embeddable":true,"href":"https:\/\/filmotecacantabria.es\/es\/wp-json\/wp\/v2\/categories?post=3316"},{"taxonomy":"post_tag","embeddable":true,"href":"https:\/\/filmotecacantabria.es\/es\/wp-json\/wp\/v2\/tags?post=3316"}],"curies":[{"name":"wp","href":"https:\/\/api.w.org\/{rel}","templated":true}]}}