{"id":3296,"date":"2023-04-28T11:12:46","date_gmt":"2023-04-28T09:12:46","guid":{"rendered":"https:\/\/filmotecacantabria.es\/es\/?p=3296"},"modified":"2023-04-28T11:12:46","modified_gmt":"2023-04-28T09:12:46","slug":"premios-del-publico-lux-y-un-ciclo-sobre-seijun-suzuki-principales-novedades-de-la-programacion-de-mayo-en-la-filmoteca-de-cantabria","status":"publish","type":"post","link":"https:\/\/filmotecacantabria.es\/es\/premios-del-publico-lux-y-un-ciclo-sobre-seijun-suzuki-principales-novedades-de-la-programacion-de-mayo-en-la-filmoteca-de-cantabria\/","title":{"rendered":"Premios del P\u00fablico Lux y un ciclo sobre Seijun Suzuki, principales novedades de la programaci\u00f3n de mayo en la Filmoteca de Cantabria"},"content":{"rendered":"<p><strong>La sala c\u00e1ntabra proyectar\u00e1, adem\u00e1s, una copia digitalizada de \u2018Volver a vivir\u2019 de Mario Camus, cuyo visionado ha sido muy complicado durante a\u00f1os hasta ahora<\/strong><\/p>\n<p><strong>Santander, 28 de abril de 2023.- <\/strong>La Filmoteca de Cantabria Mario Camus ha programado para el pr\u00f3ximo mes de mayo dos nuevos ciclos de muy distinto perfil con el objetivo de mostrar al p\u00fablico un cine diverso que sabe integrar las propuestas m\u00e1s variadas.<\/p>\n<p>Seg\u00fan ha explicado su director, Antonio Navarro, el primero de estos especiales est\u00e1 dedicado a los Premios del P\u00fablico Lux, un ciclo que acoge la sala c\u00e1ntabra gracias a la colaboraci\u00f3n de la Oficina de Asuntos Europeos del Gobierno de Cantabria.<\/p>\n<p>Se trata de unos premios que organiza el Parlamento Europeo y la European Film Academy y que tienen como finalidad promover la diversidad cultural y del cine europeo.<\/p>\n<p>Navarro ha destacado que las pel\u00edculas seleccionadas podr\u00e1n ser votadas por el p\u00fablico europeo para obtener una distribuci\u00f3n por toda Europa e incluso fuera de ella y una ayuda para ser subtituladas en las veinticuatro lenguas oficiales de la Uni\u00f3n Europea.<\/p>\n<p>Los t\u00edtulos seleccionados este a\u00f1o y que proyectar\u00e1 la Filmoteca son \u2018Close\u2019 (Lukas Dhont, B\u00e9lgica 2022), \u2018Alcarr\u00e1s\u2019 (Carla Sim\u00f3n, Espa\u00f1a 2022), \u2018El tri\u00e1ngulo de la tristeza\u2019 (Ruben \u00d6stlund, Suecia 2022), \u2018Burning Days\u2019 (Emin Alper, Turqu\u00eda 2022) y \u2018Fuego fatuo\u2019 (Jo\u00e3o Pedro Rodrigues, Portugal 2022).<\/p>\n<p>El otro ciclo novedad en el mes de mayo se iniciar\u00e1 en la segunda quincena y se centrar\u00e1 en uno de los cineastas japoneses m\u00e1s prol\u00edficos e importantes de su generaci\u00f3n, aunque no tan conocido debido a que su obra, muy cercana a los g\u00e9neros e idiosincrasia japonesa, no tuvo la difusi\u00f3n internacional que sin duda merec\u00eda.<\/p>\n<p>Se trata de Seijun Suzuki, del que la Filmoteca proyectar\u00e1 durante los pr\u00f3ximos meses una selecci\u00f3n de sus pel\u00edculas con motivo del centenario de su nacimiento, en concreto y en mayo, \u2018El vagabundo de Tokio\u2019 (Seijun Suzuki, Jap\u00f3n 1966) y \u2018Marcado para matar\u2019 (Seijun Suzuki, Jap\u00f3n 1967).<\/p>\n<p>Por otra parte, contin\u00faa el ciclo \u2018Por amor al cine\u2019 para repasar algunos t\u00edtulos de la historia del cine que enfrentan de manera central con las diversas formas que adquieren relaciones sentimentales y que marcan los acontecimientos de las mismas.<\/p>\n<p>Las pel\u00edculas programadas son \u2018Todos nos llamamos Al\u00ed\u2019 (Rainer Werner Fassbinder, Alemania 1974), \u2018La edad de la inocencia\u2019 (Martin Scorsese, EEUU 1993), \u2018Mis peque\u00f1os amores\u2019 (Jean Eustache, Francia 1974) y \u2018Caravana de paz\u2019 (John Ford, EEUU 1950).<\/p>\n<p>Una de las propuestas especiales de la programaci\u00f3n de mayo gira en torno al director de cine que da nombre a la Filmoteca de Cantabria, Mario Camus. La muestra constante del cine del realizador c\u00e1ntabro que lleva a cabo la sala tendr\u00e1 este mes como protagonista una pel\u00edcula cuyo visionado ha sido muy complicado durante muchos a\u00f1os, \u2018Volver a vivir\u2019 (Mario Camus, Espa\u00f1a 1968).<\/p>\n<p>Y es que se proyectar\u00e1 una copia digitalizada de un nuevo negativo cuya calidad har\u00e1 disfrutar de la pel\u00edcula como el d\u00eda de su estreno.<\/p>\n<p>Asimismo, se mantiene el ciclo asociado a la tercera edici\u00f3n del curso \u2018Modernidad y autor\u00eda\u2019, en el que se da a conocer la \u00f3pera prima de algunos cineastas. Las \u00f3peras primas previstas \u2018Sangre f\u00e1cil\u2019 (Joel Coen, EEUU 1984), \u2018Lady Bird\u2019 (Greta Gerwig, EEUU 2017), \u2018Escalofr\u00edo en la noche\u2019 (Clint Eastwood, EEUU 1971) y \u2018El cuchillo en el agua\u2019 (Roman Polanski, Polonia 1962).<\/p>\n<p>A todo ello hay que sumar otros ciclos, que contin\u00faan de forma constante en los programas mensuales de la Filmoteca de Cantabria. Entre ellos, \u2018In\u00e9ditos\u2019 y \u2018La llave azul\u2019, que seguir\u00e1n acercando a la actualidad cinematogr\u00e1fica a trav\u00e9s de \u2018El asesinato de dos amantes\u2019 (Robert Machoian, EEUU 2020) y \u2018El otro Tom\u2019 (Rodrigo Pla y Laura Santullo, M\u00e9xico 2021).<\/p>\n<p>El ciclo \u2018Sesi\u00f3n especial\u2019 traer\u00e1 \u2018Melancol\u00eda\u2019 (Lars von Trier, Dinamarca 2011) y la \u00f3pera prima del realizador c\u00e1ntabro \u00c1lvaro de la Hoz, \u2018Hazlo por m\u00ed\u2019 (Espa\u00f1a 2022), que tambi\u00e9n se proyectar\u00e1 en mayo en 24 municipios de Cantabria dentro de la Filmoteca Regional.<\/p>\n<p>Adem\u00e1s, Filmoteca J\u00fanior ha programado este mes \u2018El ni\u00f1o y el mundo\u2019 (Al\u00ea Abreu, Brasil 2013) y \u2018Tadeo Jones 3. La tabla esmeralda\u2019 (Enrique Gato, Espa\u00f1a 2022).<\/p>\n","protected":false},"excerpt":{"rendered":"<p>La sala c\u00e1ntabra proyectar\u00e1, adem\u00e1s, una copia digitalizada de \u2018Volver a vivir\u2019 de Mario Camus, cuyo visionado ha sido muy complicado durante a\u00f1os hasta ahora Santander, 28 de abril de 2023.- La Filmoteca de Cantabria Mario Camus ha programado para el pr\u00f3ximo mes de mayo dos nuevos ciclos de muy distinto perfil con el objetivo [&hellip;]<\/p>\n","protected":false},"author":11,"featured_media":3299,"comment_status":"closed","ping_status":"closed","sticky":false,"template":"","format":"standard","meta":{"inline_featured_image":false,"footnotes":""},"categories":[4],"tags":[],"class_list":["post-3296","post","type-post","status-publish","format-standard","has-post-thumbnail","hentry","category-noticias"],"yoast_head":"<!-- This site is optimized with the Yoast SEO plugin v19.6.1 - https:\/\/yoast.com\/wordpress\/plugins\/seo\/ -->\n<title>Premios del P\u00fablico Lux y un ciclo sobre Seijun Suzuki, principales novedades de la programaci\u00f3n de mayo en la Filmoteca de Cantabria - Filmoteca de Cantabria Mario Camus | Santander | Torrelavega | Regi\u00f3n<\/title>\n<meta name=\"robots\" content=\"index, follow, max-snippet:-1, max-image-preview:large, max-video-preview:-1\" \/>\n<link rel=\"canonical\" href=\"https:\/\/filmotecacantabria.es\/es\/premios-del-publico-lux-y-un-ciclo-sobre-seijun-suzuki-principales-novedades-de-la-programacion-de-mayo-en-la-filmoteca-de-cantabria\/\" \/>\n<meta property=\"og:locale\" content=\"es_ES\" \/>\n<meta property=\"og:type\" content=\"article\" \/>\n<meta property=\"og:title\" content=\"Premios del P\u00fablico Lux y un ciclo sobre Seijun Suzuki, principales novedades de la programaci\u00f3n de mayo en la Filmoteca de Cantabria - Filmoteca de Cantabria Mario Camus | Santander | Torrelavega | Regi\u00f3n\" \/>\n<meta property=\"og:description\" content=\"La sala c\u00e1ntabra proyectar\u00e1, adem\u00e1s, una copia digitalizada de \u2018Volver a vivir\u2019 de Mario Camus, cuyo visionado ha sido muy complicado durante a\u00f1os hasta ahora Santander, 28 de abril de 2023.- La Filmoteca de Cantabria Mario Camus ha programado para el pr\u00f3ximo mes de mayo dos nuevos ciclos de muy distinto perfil con el objetivo [&hellip;]\" \/>\n<meta property=\"og:url\" content=\"https:\/\/filmotecacantabria.es\/es\/premios-del-publico-lux-y-un-ciclo-sobre-seijun-suzuki-principales-novedades-de-la-programacion-de-mayo-en-la-filmoteca-de-cantabria\/\" \/>\n<meta property=\"og:site_name\" content=\"Filmoteca de Cantabria Mario Camus | Santander | Torrelavega | Regi\u00f3n\" \/>\n<meta property=\"article:published_time\" content=\"2023-04-28T09:12:46+00:00\" \/>\n<meta property=\"og:image\" content=\"https:\/\/filmotecacantabria.es\/es\/wp-content\/uploads\/2023\/04\/foto-mayo-1.jpg\" \/>\n\t<meta property=\"og:image:width\" content=\"1513\" \/>\n\t<meta property=\"og:image:height\" content=\"872\" \/>\n\t<meta property=\"og:image:type\" content=\"image\/jpeg\" \/>\n<meta name=\"author\" content=\"belen.cordoba@srecd.es\" \/>\n<meta name=\"twitter:card\" content=\"summary_large_image\" \/>\n<meta name=\"twitter:label1\" content=\"Escrito por\" \/>\n\t<meta name=\"twitter:data1\" content=\"belen.cordoba@srecd.es\" \/>\n\t<meta name=\"twitter:label2\" content=\"Tiempo de lectura\" \/>\n\t<meta name=\"twitter:data2\" content=\"4 minutos\" \/>\n<script type=\"application\/ld+json\" class=\"yoast-schema-graph\">{\"@context\":\"https:\/\/schema.org\",\"@graph\":[{\"@type\":\"Article\",\"@id\":\"https:\/\/filmotecacantabria.es\/es\/premios-del-publico-lux-y-un-ciclo-sobre-seijun-suzuki-principales-novedades-de-la-programacion-de-mayo-en-la-filmoteca-de-cantabria\/#article\",\"isPartOf\":{\"@id\":\"https:\/\/filmotecacantabria.es\/es\/premios-del-publico-lux-y-un-ciclo-sobre-seijun-suzuki-principales-novedades-de-la-programacion-de-mayo-en-la-filmoteca-de-cantabria\/\"},\"author\":{\"name\":\"belen.cordoba@srecd.es\",\"@id\":\"https:\/\/filmotecacantabria.es\/es\/#\/schema\/person\/86205b2ac543405aae888afb3afdb6d8\"},\"headline\":\"Premios del P\u00fablico Lux y un ciclo sobre Seijun Suzuki, principales novedades de la programaci\u00f3n de mayo en la Filmoteca de Cantabria\",\"datePublished\":\"2023-04-28T09:12:46+00:00\",\"dateModified\":\"2023-04-28T09:12:46+00:00\",\"mainEntityOfPage\":{\"@id\":\"https:\/\/filmotecacantabria.es\/es\/premios-del-publico-lux-y-un-ciclo-sobre-seijun-suzuki-principales-novedades-de-la-programacion-de-mayo-en-la-filmoteca-de-cantabria\/\"},\"wordCount\":748,\"publisher\":{\"@id\":\"https:\/\/filmotecacantabria.es\/es\/#organization\"},\"articleSection\":[\"Noticias\"],\"inLanguage\":\"es\"},{\"@type\":\"WebPage\",\"@id\":\"https:\/\/filmotecacantabria.es\/es\/premios-del-publico-lux-y-un-ciclo-sobre-seijun-suzuki-principales-novedades-de-la-programacion-de-mayo-en-la-filmoteca-de-cantabria\/\",\"url\":\"https:\/\/filmotecacantabria.es\/es\/premios-del-publico-lux-y-un-ciclo-sobre-seijun-suzuki-principales-novedades-de-la-programacion-de-mayo-en-la-filmoteca-de-cantabria\/\",\"name\":\"Premios del P\u00fablico Lux y un ciclo sobre Seijun Suzuki, principales novedades de la programaci\u00f3n de mayo en la Filmoteca de Cantabria - Filmoteca de Cantabria Mario Camus | Santander | Torrelavega | Regi\u00f3n\",\"isPartOf\":{\"@id\":\"https:\/\/filmotecacantabria.es\/es\/#website\"},\"datePublished\":\"2023-04-28T09:12:46+00:00\",\"dateModified\":\"2023-04-28T09:12:46+00:00\",\"breadcrumb\":{\"@id\":\"https:\/\/filmotecacantabria.es\/es\/premios-del-publico-lux-y-un-ciclo-sobre-seijun-suzuki-principales-novedades-de-la-programacion-de-mayo-en-la-filmoteca-de-cantabria\/#breadcrumb\"},\"inLanguage\":\"es\",\"potentialAction\":[{\"@type\":\"ReadAction\",\"target\":[\"https:\/\/filmotecacantabria.es\/es\/premios-del-publico-lux-y-un-ciclo-sobre-seijun-suzuki-principales-novedades-de-la-programacion-de-mayo-en-la-filmoteca-de-cantabria\/\"]}]},{\"@type\":\"BreadcrumbList\",\"@id\":\"https:\/\/filmotecacantabria.es\/es\/premios-del-publico-lux-y-un-ciclo-sobre-seijun-suzuki-principales-novedades-de-la-programacion-de-mayo-en-la-filmoteca-de-cantabria\/#breadcrumb\",\"itemListElement\":[{\"@type\":\"ListItem\",\"position\":1,\"name\":\"Portada\",\"item\":\"https:\/\/filmotecacantabria.es\/es\/inicio\/\"},{\"@type\":\"ListItem\",\"position\":2,\"name\":\"Premios del P\u00fablico Lux y un ciclo sobre Seijun Suzuki, principales novedades de la programaci\u00f3n de mayo en la Filmoteca de Cantabria\"}]},{\"@type\":\"WebSite\",\"@id\":\"https:\/\/filmotecacantabria.es\/es\/#website\",\"url\":\"https:\/\/filmotecacantabria.es\/es\/\",\"name\":\"Filmoteca de Cantabria Mario Camus | Santander | Torrelavega | Regi\u00f3n\",\"description\":\"Toda la programaci\u00f3n de las filmotecas de Cantabria Mario Camus.\",\"publisher\":{\"@id\":\"https:\/\/filmotecacantabria.es\/es\/#organization\"},\"potentialAction\":[{\"@type\":\"SearchAction\",\"target\":{\"@type\":\"EntryPoint\",\"urlTemplate\":\"https:\/\/filmotecacantabria.es\/es\/?s={search_term_string}\"},\"query-input\":\"required name=search_term_string\"}],\"inLanguage\":\"es\"},{\"@type\":\"Organization\",\"@id\":\"https:\/\/filmotecacantabria.es\/es\/#organization\",\"name\":\"Filmoteca de Cantabria Mario Camus | Santander | Torrelavega | Regi\u00f3n\",\"url\":\"https:\/\/filmotecacantabria.es\/es\/\",\"sameAs\":[],\"logo\":{\"@type\":\"ImageObject\",\"inLanguage\":\"es\",\"@id\":\"https:\/\/filmotecacantabria.es\/es\/#\/schema\/logo\/image\/\",\"url\":\"https:\/\/filmotecacantabria.es\/es\/wp-content\/uploads\/2021\/12\/logo-filmoteca-cantabria-1-mario-camus.png\",\"contentUrl\":\"https:\/\/filmotecacantabria.es\/es\/wp-content\/uploads\/2021\/12\/logo-filmoteca-cantabria-1-mario-camus.png\",\"width\":170,\"height\":183,\"caption\":\"Filmoteca de Cantabria Mario Camus | Santander | Torrelavega | Regi\u00f3n\"},\"image\":{\"@id\":\"https:\/\/filmotecacantabria.es\/es\/#\/schema\/logo\/image\/\"}},{\"@type\":\"Person\",\"@id\":\"https:\/\/filmotecacantabria.es\/es\/#\/schema\/person\/86205b2ac543405aae888afb3afdb6d8\",\"name\":\"belen.cordoba@srecd.es\",\"image\":{\"@type\":\"ImageObject\",\"inLanguage\":\"es\",\"@id\":\"https:\/\/filmotecacantabria.es\/es\/#\/schema\/person\/image\/\",\"url\":\"https:\/\/secure.gravatar.com\/avatar\/a185108474f14fc94f32f86115d60aeb?s=96&d=mm&r=g\",\"contentUrl\":\"https:\/\/secure.gravatar.com\/avatar\/a185108474f14fc94f32f86115d60aeb?s=96&d=mm&r=g\",\"caption\":\"belen.cordoba@srecd.es\"}}]}<\/script>\n<!-- \/ Yoast SEO plugin. -->","yoast_head_json":{"title":"Premios del P\u00fablico Lux y un ciclo sobre Seijun Suzuki, principales novedades de la programaci\u00f3n de mayo en la Filmoteca de Cantabria - Filmoteca de Cantabria Mario Camus | Santander | Torrelavega | Regi\u00f3n","robots":{"index":"index","follow":"follow","max-snippet":"max-snippet:-1","max-image-preview":"max-image-preview:large","max-video-preview":"max-video-preview:-1"},"canonical":"https:\/\/filmotecacantabria.es\/es\/premios-del-publico-lux-y-un-ciclo-sobre-seijun-suzuki-principales-novedades-de-la-programacion-de-mayo-en-la-filmoteca-de-cantabria\/","og_locale":"es_ES","og_type":"article","og_title":"Premios del P\u00fablico Lux y un ciclo sobre Seijun Suzuki, principales novedades de la programaci\u00f3n de mayo en la Filmoteca de Cantabria - Filmoteca de Cantabria Mario Camus | Santander | Torrelavega | Regi\u00f3n","og_description":"La sala c\u00e1ntabra proyectar\u00e1, adem\u00e1s, una copia digitalizada de \u2018Volver a vivir\u2019 de Mario Camus, cuyo visionado ha sido muy complicado durante a\u00f1os hasta ahora Santander, 28 de abril de 2023.- La Filmoteca de Cantabria Mario Camus ha programado para el pr\u00f3ximo mes de mayo dos nuevos ciclos de muy distinto perfil con el objetivo [&hellip;]","og_url":"https:\/\/filmotecacantabria.es\/es\/premios-del-publico-lux-y-un-ciclo-sobre-seijun-suzuki-principales-novedades-de-la-programacion-de-mayo-en-la-filmoteca-de-cantabria\/","og_site_name":"Filmoteca de Cantabria Mario Camus | Santander | Torrelavega | Regi\u00f3n","article_published_time":"2023-04-28T09:12:46+00:00","og_image":[{"width":1513,"height":872,"url":"https:\/\/filmotecacantabria.es\/es\/wp-content\/uploads\/2023\/04\/foto-mayo-1.jpg","type":"image\/jpeg"}],"author":"belen.cordoba@srecd.es","twitter_card":"summary_large_image","twitter_misc":{"Escrito por":"belen.cordoba@srecd.es","Tiempo de lectura":"4 minutos"},"schema":{"@context":"https:\/\/schema.org","@graph":[{"@type":"Article","@id":"https:\/\/filmotecacantabria.es\/es\/premios-del-publico-lux-y-un-ciclo-sobre-seijun-suzuki-principales-novedades-de-la-programacion-de-mayo-en-la-filmoteca-de-cantabria\/#article","isPartOf":{"@id":"https:\/\/filmotecacantabria.es\/es\/premios-del-publico-lux-y-un-ciclo-sobre-seijun-suzuki-principales-novedades-de-la-programacion-de-mayo-en-la-filmoteca-de-cantabria\/"},"author":{"name":"belen.cordoba@srecd.es","@id":"https:\/\/filmotecacantabria.es\/es\/#\/schema\/person\/86205b2ac543405aae888afb3afdb6d8"},"headline":"Premios del P\u00fablico Lux y un ciclo sobre Seijun Suzuki, principales novedades de la programaci\u00f3n de mayo en la Filmoteca de Cantabria","datePublished":"2023-04-28T09:12:46+00:00","dateModified":"2023-04-28T09:12:46+00:00","mainEntityOfPage":{"@id":"https:\/\/filmotecacantabria.es\/es\/premios-del-publico-lux-y-un-ciclo-sobre-seijun-suzuki-principales-novedades-de-la-programacion-de-mayo-en-la-filmoteca-de-cantabria\/"},"wordCount":748,"publisher":{"@id":"https:\/\/filmotecacantabria.es\/es\/#organization"},"articleSection":["Noticias"],"inLanguage":"es"},{"@type":"WebPage","@id":"https:\/\/filmotecacantabria.es\/es\/premios-del-publico-lux-y-un-ciclo-sobre-seijun-suzuki-principales-novedades-de-la-programacion-de-mayo-en-la-filmoteca-de-cantabria\/","url":"https:\/\/filmotecacantabria.es\/es\/premios-del-publico-lux-y-un-ciclo-sobre-seijun-suzuki-principales-novedades-de-la-programacion-de-mayo-en-la-filmoteca-de-cantabria\/","name":"Premios del P\u00fablico Lux y un ciclo sobre Seijun Suzuki, principales novedades de la programaci\u00f3n de mayo en la Filmoteca de Cantabria - Filmoteca de Cantabria Mario Camus | Santander | Torrelavega | Regi\u00f3n","isPartOf":{"@id":"https:\/\/filmotecacantabria.es\/es\/#website"},"datePublished":"2023-04-28T09:12:46+00:00","dateModified":"2023-04-28T09:12:46+00:00","breadcrumb":{"@id":"https:\/\/filmotecacantabria.es\/es\/premios-del-publico-lux-y-un-ciclo-sobre-seijun-suzuki-principales-novedades-de-la-programacion-de-mayo-en-la-filmoteca-de-cantabria\/#breadcrumb"},"inLanguage":"es","potentialAction":[{"@type":"ReadAction","target":["https:\/\/filmotecacantabria.es\/es\/premios-del-publico-lux-y-un-ciclo-sobre-seijun-suzuki-principales-novedades-de-la-programacion-de-mayo-en-la-filmoteca-de-cantabria\/"]}]},{"@type":"BreadcrumbList","@id":"https:\/\/filmotecacantabria.es\/es\/premios-del-publico-lux-y-un-ciclo-sobre-seijun-suzuki-principales-novedades-de-la-programacion-de-mayo-en-la-filmoteca-de-cantabria\/#breadcrumb","itemListElement":[{"@type":"ListItem","position":1,"name":"Portada","item":"https:\/\/filmotecacantabria.es\/es\/inicio\/"},{"@type":"ListItem","position":2,"name":"Premios del P\u00fablico Lux y un ciclo sobre Seijun Suzuki, principales novedades de la programaci\u00f3n de mayo en la Filmoteca de Cantabria"}]},{"@type":"WebSite","@id":"https:\/\/filmotecacantabria.es\/es\/#website","url":"https:\/\/filmotecacantabria.es\/es\/","name":"Filmoteca de Cantabria Mario Camus | Santander | Torrelavega | Regi\u00f3n","description":"Toda la programaci\u00f3n de las filmotecas de Cantabria Mario Camus.","publisher":{"@id":"https:\/\/filmotecacantabria.es\/es\/#organization"},"potentialAction":[{"@type":"SearchAction","target":{"@type":"EntryPoint","urlTemplate":"https:\/\/filmotecacantabria.es\/es\/?s={search_term_string}"},"query-input":"required name=search_term_string"}],"inLanguage":"es"},{"@type":"Organization","@id":"https:\/\/filmotecacantabria.es\/es\/#organization","name":"Filmoteca de Cantabria Mario Camus | Santander | Torrelavega | Regi\u00f3n","url":"https:\/\/filmotecacantabria.es\/es\/","sameAs":[],"logo":{"@type":"ImageObject","inLanguage":"es","@id":"https:\/\/filmotecacantabria.es\/es\/#\/schema\/logo\/image\/","url":"https:\/\/filmotecacantabria.es\/es\/wp-content\/uploads\/2021\/12\/logo-filmoteca-cantabria-1-mario-camus.png","contentUrl":"https:\/\/filmotecacantabria.es\/es\/wp-content\/uploads\/2021\/12\/logo-filmoteca-cantabria-1-mario-camus.png","width":170,"height":183,"caption":"Filmoteca de Cantabria Mario Camus | Santander | Torrelavega | Regi\u00f3n"},"image":{"@id":"https:\/\/filmotecacantabria.es\/es\/#\/schema\/logo\/image\/"}},{"@type":"Person","@id":"https:\/\/filmotecacantabria.es\/es\/#\/schema\/person\/86205b2ac543405aae888afb3afdb6d8","name":"belen.cordoba@srecd.es","image":{"@type":"ImageObject","inLanguage":"es","@id":"https:\/\/filmotecacantabria.es\/es\/#\/schema\/person\/image\/","url":"https:\/\/secure.gravatar.com\/avatar\/a185108474f14fc94f32f86115d60aeb?s=96&d=mm&r=g","contentUrl":"https:\/\/secure.gravatar.com\/avatar\/a185108474f14fc94f32f86115d60aeb?s=96&d=mm&r=g","caption":"belen.cordoba@srecd.es"}}]}},"_links":{"self":[{"href":"https:\/\/filmotecacantabria.es\/es\/wp-json\/wp\/v2\/posts\/3296"}],"collection":[{"href":"https:\/\/filmotecacantabria.es\/es\/wp-json\/wp\/v2\/posts"}],"about":[{"href":"https:\/\/filmotecacantabria.es\/es\/wp-json\/wp\/v2\/types\/post"}],"author":[{"embeddable":true,"href":"https:\/\/filmotecacantabria.es\/es\/wp-json\/wp\/v2\/users\/11"}],"replies":[{"embeddable":true,"href":"https:\/\/filmotecacantabria.es\/es\/wp-json\/wp\/v2\/comments?post=3296"}],"version-history":[{"count":2,"href":"https:\/\/filmotecacantabria.es\/es\/wp-json\/wp\/v2\/posts\/3296\/revisions"}],"predecessor-version":[{"id":3301,"href":"https:\/\/filmotecacantabria.es\/es\/wp-json\/wp\/v2\/posts\/3296\/revisions\/3301"}],"wp:featuredmedia":[{"embeddable":true,"href":"https:\/\/filmotecacantabria.es\/es\/wp-json\/wp\/v2\/media\/3299"}],"wp:attachment":[{"href":"https:\/\/filmotecacantabria.es\/es\/wp-json\/wp\/v2\/media?parent=3296"}],"wp:term":[{"taxonomy":"category","embeddable":true,"href":"https:\/\/filmotecacantabria.es\/es\/wp-json\/wp\/v2\/categories?post=3296"},{"taxonomy":"post_tag","embeddable":true,"href":"https:\/\/filmotecacantabria.es\/es\/wp-json\/wp\/v2\/tags?post=3296"}],"curies":[{"name":"wp","href":"https:\/\/api.w.org\/{rel}","templated":true}]}}