{"id":3293,"date":"2023-04-20T18:11:26","date_gmt":"2023-04-20T16:11:26","guid":{"rendered":"https:\/\/filmotecacantabria.es\/es\/?p=3293"},"modified":"2023-04-20T18:13:15","modified_gmt":"2023-04-20T16:13:15","slug":"cinco-proyectos-audiovisuales-se-repartiran-200-000-euros-en-ayudas-a-la-produccion-y-desarrollo-de-largometrajes","status":"publish","type":"post","link":"https:\/\/filmotecacantabria.es\/es\/cinco-proyectos-audiovisuales-se-repartiran-200-000-euros-en-ayudas-a-la-produccion-y-desarrollo-de-largometrajes\/","title":{"rendered":"Cinco proyectos audiovisuales se repartir\u00e1n 200.000 euros en ayudas a la producci\u00f3n y desarrollo de largometrajes"},"content":{"rendered":"<p><b><span lang=\"ES-TRAD\">&#8216;Marma Rabbit Boy&#8217; de Encarna Mooovies y &#8216;La patria de los heladeros&#8217; de Mar\u00eda Teresa Vitoria Daneris, seleccionados en la modalidad de producci\u00f3n, y &#8216;La criatura&#8217; de Nacho Ignacio Guti\u00e9rrez Solana, &#8216;Ahora el mundo es peor&#8217; de Trueba&amp;Trueba Producciones, y &#8216;3.000 millas n\u00e1utica&#8217; de Agust\u00edn Telechea y Mar\u00eda Castillo, en la de ayudas al desarrollo<\/span><\/b><\/p>\n<p><span lang=\"ES-TRAD\"><strong>Santander, 20 de abril de 2023.-<\/strong>\u00a0La Vicepresidencia y Consejer\u00eda de Universidades, Igualdad, Cultura y Deporte ha dado hoy a conocer los cinco proyectos seleccionados en la tercera convocatoria de las ayudas a la producci\u00f3n y al desarrollo de largometrajes, a lo que se ha destinado un total de 200.000 euros.<\/span><\/p>\n<p><span lang=\"ES-TRAD\">El comit\u00e9 de valoraci\u00f3n, reunido el 18 de abril, ha seleccionado los dos proyectos que podr\u00e1n recibir 100.000 y 55.000 euros cada uno, en el caso de las ayudas a la producci\u00f3n de largometrajes y series audiovisuales, y las otras tres propuestas que optan a percibir 15.000 euros cada una en ayudas al desarrollo de largometrajes y series audiovisuales.<\/span><br \/>\n<span lang=\"ES-TRAD\"><br \/>\nHan sido seleccionados como beneficiarios de las ayudas a la producci\u00f3n \u00abMarma Rabbit Boy\u00bb de Encarna Mooovies, una comedia dram\u00e1tica irreverente y vitalista que bucea en un profundo drama familiar, y \u00abLa patria de los heladeros\u00bb de Mar\u00eda Teresa Vitoria Daneris, un documental que cuenta un viaje interno y externo de una generaci\u00f3n de pasiegos que transformaron la industria de heladera de Francia.<\/span><\/p>\n<p><span lang=\"ES-TRAD\">En cuanto a las ayudas al desarrollo, han sido seleccionados como beneficiarios los proyectos\u00a0 &#8216;La criatura&#8217; de Nacho Ignacio Guti\u00e9rrez Solana, una pel\u00edcula que habla sobre del camino extra\u00f1o que supone ser padre jugando con elementos fant\u00e1sticos; &#8216;Ahora el mundo es peor&#8217; de Trueba&amp;Trueba Producciones, un drama sobre que ahonda en el dolor que genera la imposibilidad de tener hijos, y &#8216;3.000 millas n\u00e1utica&#8217; de Agust\u00edn Telechea y Mar\u00eda Castillo, un filme que retrata la dureza de un oficio como la pesca y la realidad de la inmigraci\u00f3n.<\/span><\/p>\n<p><span lang=\"ES-TRAD\">El comit\u00e9 externo de expertos y profesionales del sector audiovisual ha estado compuesto por Dora Mart\u00ed, t\u00e9cnico de promoci\u00f3n del audiovisual en Institut Valenci\u00e0 de Cultura, Silvia Lobo, productora y consultora en ventas y distribuci\u00f3n de cine, y Jos\u00e9 Manuel Zamora, director de Abycine Festival y Mercado del Audiovisual Independiente, que han destacado la calidad y originalidad de las propuestas presentadas, haciendo hincapi\u00e9 en la variedad de los g\u00e9neros, estilos y miradas de un cine emergente c\u00e1ntabro que avanza con vigor y solidez.<\/span><\/p>\n<p><span lang=\"ES-TRAD\">A trav\u00e9s de la Sociedad Regional de Educaci\u00f3n, Cultura y Deporte, el departamento que dirige el vicepresidente y consejero de Cultura, Pablo Zuloaga, ha resuelto de forma provisional estas dos convocatorias de ayudas, que se pusieron en marcha el pasado mes de enero en r\u00e9gimen de concurrencia competitiva y a las que se presentaron diez propuestas.<\/span><\/p>\n<p><span lang=\"ES-TRAD\">La resoluci\u00f3n es provisional, dado que se abrir\u00e1 un plazo de diez d\u00edas h\u00e1biles para presentar alegaciones y para que los beneficiarios puedan comunicar de forma oficial la aceptaci\u00f3n de la ayuda, paso previo necesario antes de proceder a dictar la resoluci\u00f3n definitiva.<\/span><\/p>\n","protected":false},"excerpt":{"rendered":"<p>&#8216;Marma Rabbit Boy&#8217; de Encarna Mooovies y &#8216;La patria de los heladeros&#8217; de Mar\u00eda Teresa Vitoria Daneris, seleccionados en la modalidad de producci\u00f3n, y &#8216;La criatura&#8217; de Nacho Ignacio Guti\u00e9rrez Solana, &#8216;Ahora el mundo es peor&#8217; de Trueba&amp;Trueba Producciones, y &#8216;3.000 millas n\u00e1utica&#8217; de Agust\u00edn Telechea y Mar\u00eda Castillo, en la de ayudas al desarrollo [&hellip;]<\/p>\n","protected":false},"author":11,"featured_media":0,"comment_status":"closed","ping_status":"closed","sticky":false,"template":"","format":"standard","meta":{"inline_featured_image":false,"footnotes":""},"categories":[4],"tags":[],"class_list":["post-3293","post","type-post","status-publish","format-standard","hentry","category-noticias"],"yoast_head":"<!-- This site is optimized with the Yoast SEO plugin v19.6.1 - https:\/\/yoast.com\/wordpress\/plugins\/seo\/ -->\n<title>Cinco proyectos audiovisuales se repartir\u00e1n 200.000 euros en ayudas a la producci\u00f3n y desarrollo de largometrajes - Filmoteca de Cantabria Mario Camus | Santander | Torrelavega | Regi\u00f3n<\/title>\n<meta name=\"robots\" content=\"index, follow, max-snippet:-1, max-image-preview:large, max-video-preview:-1\" \/>\n<link rel=\"canonical\" href=\"https:\/\/filmotecacantabria.es\/es\/cinco-proyectos-audiovisuales-se-repartiran-200-000-euros-en-ayudas-a-la-produccion-y-desarrollo-de-largometrajes\/\" \/>\n<meta property=\"og:locale\" content=\"es_ES\" \/>\n<meta property=\"og:type\" content=\"article\" \/>\n<meta property=\"og:title\" content=\"Cinco proyectos audiovisuales se repartir\u00e1n 200.000 euros en ayudas a la producci\u00f3n y desarrollo de largometrajes - Filmoteca de Cantabria Mario Camus | Santander | Torrelavega | Regi\u00f3n\" \/>\n<meta property=\"og:description\" content=\"&#8216;Marma Rabbit Boy&#8217; de Encarna Mooovies y &#8216;La patria de los heladeros&#8217; de Mar\u00eda Teresa Vitoria Daneris, seleccionados en la modalidad de producci\u00f3n, y &#8216;La criatura&#8217; de Nacho Ignacio Guti\u00e9rrez Solana, &#8216;Ahora el mundo es peor&#8217; de Trueba&amp;Trueba Producciones, y &#8216;3.000 millas n\u00e1utica&#8217; de Agust\u00edn Telechea y Mar\u00eda Castillo, en la de ayudas al desarrollo [&hellip;]\" \/>\n<meta property=\"og:url\" content=\"https:\/\/filmotecacantabria.es\/es\/cinco-proyectos-audiovisuales-se-repartiran-200-000-euros-en-ayudas-a-la-produccion-y-desarrollo-de-largometrajes\/\" \/>\n<meta property=\"og:site_name\" content=\"Filmoteca de Cantabria Mario Camus | Santander | Torrelavega | Regi\u00f3n\" \/>\n<meta property=\"article:published_time\" content=\"2023-04-20T16:11:26+00:00\" \/>\n<meta property=\"article:modified_time\" content=\"2023-04-20T16:13:15+00:00\" \/>\n<meta name=\"author\" content=\"belen.cordoba@srecd.es\" \/>\n<meta name=\"twitter:card\" content=\"summary_large_image\" \/>\n<meta name=\"twitter:label1\" content=\"Escrito por\" \/>\n\t<meta name=\"twitter:data1\" content=\"belen.cordoba@srecd.es\" \/>\n\t<meta name=\"twitter:label2\" content=\"Tiempo de lectura\" \/>\n\t<meta name=\"twitter:data2\" content=\"3 minutos\" \/>\n<script type=\"application\/ld+json\" class=\"yoast-schema-graph\">{\"@context\":\"https:\/\/schema.org\",\"@graph\":[{\"@type\":\"Article\",\"@id\":\"https:\/\/filmotecacantabria.es\/es\/cinco-proyectos-audiovisuales-se-repartiran-200-000-euros-en-ayudas-a-la-produccion-y-desarrollo-de-largometrajes\/#article\",\"isPartOf\":{\"@id\":\"https:\/\/filmotecacantabria.es\/es\/cinco-proyectos-audiovisuales-se-repartiran-200-000-euros-en-ayudas-a-la-produccion-y-desarrollo-de-largometrajes\/\"},\"author\":{\"name\":\"belen.cordoba@srecd.es\",\"@id\":\"https:\/\/filmotecacantabria.es\/es\/#\/schema\/person\/86205b2ac543405aae888afb3afdb6d8\"},\"headline\":\"Cinco proyectos audiovisuales se repartir\u00e1n 200.000 euros en ayudas a la producci\u00f3n y desarrollo de largometrajes\",\"datePublished\":\"2023-04-20T16:11:26+00:00\",\"dateModified\":\"2023-04-20T16:13:15+00:00\",\"mainEntityOfPage\":{\"@id\":\"https:\/\/filmotecacantabria.es\/es\/cinco-proyectos-audiovisuales-se-repartiran-200-000-euros-en-ayudas-a-la-produccion-y-desarrollo-de-largometrajes\/\"},\"wordCount\":549,\"publisher\":{\"@id\":\"https:\/\/filmotecacantabria.es\/es\/#organization\"},\"articleSection\":[\"Noticias\"],\"inLanguage\":\"es\"},{\"@type\":\"WebPage\",\"@id\":\"https:\/\/filmotecacantabria.es\/es\/cinco-proyectos-audiovisuales-se-repartiran-200-000-euros-en-ayudas-a-la-produccion-y-desarrollo-de-largometrajes\/\",\"url\":\"https:\/\/filmotecacantabria.es\/es\/cinco-proyectos-audiovisuales-se-repartiran-200-000-euros-en-ayudas-a-la-produccion-y-desarrollo-de-largometrajes\/\",\"name\":\"Cinco proyectos audiovisuales se repartir\u00e1n 200.000 euros en ayudas a la producci\u00f3n y desarrollo de largometrajes - Filmoteca de Cantabria Mario Camus | Santander | Torrelavega | Regi\u00f3n\",\"isPartOf\":{\"@id\":\"https:\/\/filmotecacantabria.es\/es\/#website\"},\"datePublished\":\"2023-04-20T16:11:26+00:00\",\"dateModified\":\"2023-04-20T16:13:15+00:00\",\"breadcrumb\":{\"@id\":\"https:\/\/filmotecacantabria.es\/es\/cinco-proyectos-audiovisuales-se-repartiran-200-000-euros-en-ayudas-a-la-produccion-y-desarrollo-de-largometrajes\/#breadcrumb\"},\"inLanguage\":\"es\",\"potentialAction\":[{\"@type\":\"ReadAction\",\"target\":[\"https:\/\/filmotecacantabria.es\/es\/cinco-proyectos-audiovisuales-se-repartiran-200-000-euros-en-ayudas-a-la-produccion-y-desarrollo-de-largometrajes\/\"]}]},{\"@type\":\"BreadcrumbList\",\"@id\":\"https:\/\/filmotecacantabria.es\/es\/cinco-proyectos-audiovisuales-se-repartiran-200-000-euros-en-ayudas-a-la-produccion-y-desarrollo-de-largometrajes\/#breadcrumb\",\"itemListElement\":[{\"@type\":\"ListItem\",\"position\":1,\"name\":\"Portada\",\"item\":\"https:\/\/filmotecacantabria.es\/es\/inicio\/\"},{\"@type\":\"ListItem\",\"position\":2,\"name\":\"Cinco proyectos audiovisuales se repartir\u00e1n 200.000 euros en ayudas a la producci\u00f3n y desarrollo de largometrajes\"}]},{\"@type\":\"WebSite\",\"@id\":\"https:\/\/filmotecacantabria.es\/es\/#website\",\"url\":\"https:\/\/filmotecacantabria.es\/es\/\",\"name\":\"Filmoteca de Cantabria Mario Camus | Santander | Torrelavega | Regi\u00f3n\",\"description\":\"Toda la programaci\u00f3n de las filmotecas de Cantabria Mario Camus.\",\"publisher\":{\"@id\":\"https:\/\/filmotecacantabria.es\/es\/#organization\"},\"potentialAction\":[{\"@type\":\"SearchAction\",\"target\":{\"@type\":\"EntryPoint\",\"urlTemplate\":\"https:\/\/filmotecacantabria.es\/es\/?s={search_term_string}\"},\"query-input\":\"required name=search_term_string\"}],\"inLanguage\":\"es\"},{\"@type\":\"Organization\",\"@id\":\"https:\/\/filmotecacantabria.es\/es\/#organization\",\"name\":\"Filmoteca de Cantabria Mario Camus | Santander | Torrelavega | Regi\u00f3n\",\"url\":\"https:\/\/filmotecacantabria.es\/es\/\",\"sameAs\":[],\"logo\":{\"@type\":\"ImageObject\",\"inLanguage\":\"es\",\"@id\":\"https:\/\/filmotecacantabria.es\/es\/#\/schema\/logo\/image\/\",\"url\":\"https:\/\/filmotecacantabria.es\/es\/wp-content\/uploads\/2021\/12\/logo-filmoteca-cantabria-1-mario-camus.png\",\"contentUrl\":\"https:\/\/filmotecacantabria.es\/es\/wp-content\/uploads\/2021\/12\/logo-filmoteca-cantabria-1-mario-camus.png\",\"width\":170,\"height\":183,\"caption\":\"Filmoteca de Cantabria Mario Camus | Santander | Torrelavega | Regi\u00f3n\"},\"image\":{\"@id\":\"https:\/\/filmotecacantabria.es\/es\/#\/schema\/logo\/image\/\"}},{\"@type\":\"Person\",\"@id\":\"https:\/\/filmotecacantabria.es\/es\/#\/schema\/person\/86205b2ac543405aae888afb3afdb6d8\",\"name\":\"belen.cordoba@srecd.es\",\"image\":{\"@type\":\"ImageObject\",\"inLanguage\":\"es\",\"@id\":\"https:\/\/filmotecacantabria.es\/es\/#\/schema\/person\/image\/\",\"url\":\"https:\/\/secure.gravatar.com\/avatar\/a185108474f14fc94f32f86115d60aeb?s=96&d=mm&r=g\",\"contentUrl\":\"https:\/\/secure.gravatar.com\/avatar\/a185108474f14fc94f32f86115d60aeb?s=96&d=mm&r=g\",\"caption\":\"belen.cordoba@srecd.es\"}}]}<\/script>\n<!-- \/ Yoast SEO plugin. -->","yoast_head_json":{"title":"Cinco proyectos audiovisuales se repartir\u00e1n 200.000 euros en ayudas a la producci\u00f3n y desarrollo de largometrajes - Filmoteca de Cantabria Mario Camus | Santander | Torrelavega | Regi\u00f3n","robots":{"index":"index","follow":"follow","max-snippet":"max-snippet:-1","max-image-preview":"max-image-preview:large","max-video-preview":"max-video-preview:-1"},"canonical":"https:\/\/filmotecacantabria.es\/es\/cinco-proyectos-audiovisuales-se-repartiran-200-000-euros-en-ayudas-a-la-produccion-y-desarrollo-de-largometrajes\/","og_locale":"es_ES","og_type":"article","og_title":"Cinco proyectos audiovisuales se repartir\u00e1n 200.000 euros en ayudas a la producci\u00f3n y desarrollo de largometrajes - Filmoteca de Cantabria Mario Camus | Santander | Torrelavega | Regi\u00f3n","og_description":"&#8216;Marma Rabbit Boy&#8217; de Encarna Mooovies y &#8216;La patria de los heladeros&#8217; de Mar\u00eda Teresa Vitoria Daneris, seleccionados en la modalidad de producci\u00f3n, y &#8216;La criatura&#8217; de Nacho Ignacio Guti\u00e9rrez Solana, &#8216;Ahora el mundo es peor&#8217; de Trueba&amp;Trueba Producciones, y &#8216;3.000 millas n\u00e1utica&#8217; de Agust\u00edn Telechea y Mar\u00eda Castillo, en la de ayudas al desarrollo [&hellip;]","og_url":"https:\/\/filmotecacantabria.es\/es\/cinco-proyectos-audiovisuales-se-repartiran-200-000-euros-en-ayudas-a-la-produccion-y-desarrollo-de-largometrajes\/","og_site_name":"Filmoteca de Cantabria Mario Camus | Santander | Torrelavega | Regi\u00f3n","article_published_time":"2023-04-20T16:11:26+00:00","article_modified_time":"2023-04-20T16:13:15+00:00","author":"belen.cordoba@srecd.es","twitter_card":"summary_large_image","twitter_misc":{"Escrito por":"belen.cordoba@srecd.es","Tiempo de lectura":"3 minutos"},"schema":{"@context":"https:\/\/schema.org","@graph":[{"@type":"Article","@id":"https:\/\/filmotecacantabria.es\/es\/cinco-proyectos-audiovisuales-se-repartiran-200-000-euros-en-ayudas-a-la-produccion-y-desarrollo-de-largometrajes\/#article","isPartOf":{"@id":"https:\/\/filmotecacantabria.es\/es\/cinco-proyectos-audiovisuales-se-repartiran-200-000-euros-en-ayudas-a-la-produccion-y-desarrollo-de-largometrajes\/"},"author":{"name":"belen.cordoba@srecd.es","@id":"https:\/\/filmotecacantabria.es\/es\/#\/schema\/person\/86205b2ac543405aae888afb3afdb6d8"},"headline":"Cinco proyectos audiovisuales se repartir\u00e1n 200.000 euros en ayudas a la producci\u00f3n y desarrollo de largometrajes","datePublished":"2023-04-20T16:11:26+00:00","dateModified":"2023-04-20T16:13:15+00:00","mainEntityOfPage":{"@id":"https:\/\/filmotecacantabria.es\/es\/cinco-proyectos-audiovisuales-se-repartiran-200-000-euros-en-ayudas-a-la-produccion-y-desarrollo-de-largometrajes\/"},"wordCount":549,"publisher":{"@id":"https:\/\/filmotecacantabria.es\/es\/#organization"},"articleSection":["Noticias"],"inLanguage":"es"},{"@type":"WebPage","@id":"https:\/\/filmotecacantabria.es\/es\/cinco-proyectos-audiovisuales-se-repartiran-200-000-euros-en-ayudas-a-la-produccion-y-desarrollo-de-largometrajes\/","url":"https:\/\/filmotecacantabria.es\/es\/cinco-proyectos-audiovisuales-se-repartiran-200-000-euros-en-ayudas-a-la-produccion-y-desarrollo-de-largometrajes\/","name":"Cinco proyectos audiovisuales se repartir\u00e1n 200.000 euros en ayudas a la producci\u00f3n y desarrollo de largometrajes - Filmoteca de Cantabria Mario Camus | Santander | Torrelavega | Regi\u00f3n","isPartOf":{"@id":"https:\/\/filmotecacantabria.es\/es\/#website"},"datePublished":"2023-04-20T16:11:26+00:00","dateModified":"2023-04-20T16:13:15+00:00","breadcrumb":{"@id":"https:\/\/filmotecacantabria.es\/es\/cinco-proyectos-audiovisuales-se-repartiran-200-000-euros-en-ayudas-a-la-produccion-y-desarrollo-de-largometrajes\/#breadcrumb"},"inLanguage":"es","potentialAction":[{"@type":"ReadAction","target":["https:\/\/filmotecacantabria.es\/es\/cinco-proyectos-audiovisuales-se-repartiran-200-000-euros-en-ayudas-a-la-produccion-y-desarrollo-de-largometrajes\/"]}]},{"@type":"BreadcrumbList","@id":"https:\/\/filmotecacantabria.es\/es\/cinco-proyectos-audiovisuales-se-repartiran-200-000-euros-en-ayudas-a-la-produccion-y-desarrollo-de-largometrajes\/#breadcrumb","itemListElement":[{"@type":"ListItem","position":1,"name":"Portada","item":"https:\/\/filmotecacantabria.es\/es\/inicio\/"},{"@type":"ListItem","position":2,"name":"Cinco proyectos audiovisuales se repartir\u00e1n 200.000 euros en ayudas a la producci\u00f3n y desarrollo de largometrajes"}]},{"@type":"WebSite","@id":"https:\/\/filmotecacantabria.es\/es\/#website","url":"https:\/\/filmotecacantabria.es\/es\/","name":"Filmoteca de Cantabria Mario Camus | Santander | Torrelavega | Regi\u00f3n","description":"Toda la programaci\u00f3n de las filmotecas de Cantabria Mario Camus.","publisher":{"@id":"https:\/\/filmotecacantabria.es\/es\/#organization"},"potentialAction":[{"@type":"SearchAction","target":{"@type":"EntryPoint","urlTemplate":"https:\/\/filmotecacantabria.es\/es\/?s={search_term_string}"},"query-input":"required name=search_term_string"}],"inLanguage":"es"},{"@type":"Organization","@id":"https:\/\/filmotecacantabria.es\/es\/#organization","name":"Filmoteca de Cantabria Mario Camus | Santander | Torrelavega | Regi\u00f3n","url":"https:\/\/filmotecacantabria.es\/es\/","sameAs":[],"logo":{"@type":"ImageObject","inLanguage":"es","@id":"https:\/\/filmotecacantabria.es\/es\/#\/schema\/logo\/image\/","url":"https:\/\/filmotecacantabria.es\/es\/wp-content\/uploads\/2021\/12\/logo-filmoteca-cantabria-1-mario-camus.png","contentUrl":"https:\/\/filmotecacantabria.es\/es\/wp-content\/uploads\/2021\/12\/logo-filmoteca-cantabria-1-mario-camus.png","width":170,"height":183,"caption":"Filmoteca de Cantabria Mario Camus | Santander | Torrelavega | Regi\u00f3n"},"image":{"@id":"https:\/\/filmotecacantabria.es\/es\/#\/schema\/logo\/image\/"}},{"@type":"Person","@id":"https:\/\/filmotecacantabria.es\/es\/#\/schema\/person\/86205b2ac543405aae888afb3afdb6d8","name":"belen.cordoba@srecd.es","image":{"@type":"ImageObject","inLanguage":"es","@id":"https:\/\/filmotecacantabria.es\/es\/#\/schema\/person\/image\/","url":"https:\/\/secure.gravatar.com\/avatar\/a185108474f14fc94f32f86115d60aeb?s=96&d=mm&r=g","contentUrl":"https:\/\/secure.gravatar.com\/avatar\/a185108474f14fc94f32f86115d60aeb?s=96&d=mm&r=g","caption":"belen.cordoba@srecd.es"}}]}},"_links":{"self":[{"href":"https:\/\/filmotecacantabria.es\/es\/wp-json\/wp\/v2\/posts\/3293"}],"collection":[{"href":"https:\/\/filmotecacantabria.es\/es\/wp-json\/wp\/v2\/posts"}],"about":[{"href":"https:\/\/filmotecacantabria.es\/es\/wp-json\/wp\/v2\/types\/post"}],"author":[{"embeddable":true,"href":"https:\/\/filmotecacantabria.es\/es\/wp-json\/wp\/v2\/users\/11"}],"replies":[{"embeddable":true,"href":"https:\/\/filmotecacantabria.es\/es\/wp-json\/wp\/v2\/comments?post=3293"}],"version-history":[{"count":2,"href":"https:\/\/filmotecacantabria.es\/es\/wp-json\/wp\/v2\/posts\/3293\/revisions"}],"predecessor-version":[{"id":3295,"href":"https:\/\/filmotecacantabria.es\/es\/wp-json\/wp\/v2\/posts\/3293\/revisions\/3295"}],"wp:attachment":[{"href":"https:\/\/filmotecacantabria.es\/es\/wp-json\/wp\/v2\/media?parent=3293"}],"wp:term":[{"taxonomy":"category","embeddable":true,"href":"https:\/\/filmotecacantabria.es\/es\/wp-json\/wp\/v2\/categories?post=3293"},{"taxonomy":"post_tag","embeddable":true,"href":"https:\/\/filmotecacantabria.es\/es\/wp-json\/wp\/v2\/tags?post=3293"}],"curies":[{"name":"wp","href":"https:\/\/api.w.org\/{rel}","templated":true}]}}