{"id":3283,"date":"2023-04-11T14:18:23","date_gmt":"2023-04-11T12:18:23","guid":{"rendered":"https:\/\/filmotecacantabria.es\/es\/?p=3283"},"modified":"2023-04-11T14:18:23","modified_gmt":"2023-04-11T12:18:23","slug":"tercera-edicion-del-curso-modernidad-y-autoria-entre-el-26-de-abril-y-el-31-de-mayo","status":"publish","type":"post","link":"https:\/\/filmotecacantabria.es\/es\/tercera-edicion-del-curso-modernidad-y-autoria-entre-el-26-de-abril-y-el-31-de-mayo\/","title":{"rendered":"Tercera edici\u00f3n del curso \u2018Modernidad y autor\u00eda\u2019 entre el 26 de abril y el 31 de mayo"},"content":{"rendered":"<p><strong>Ya est\u00e1 abierta la inscripci\u00f3n, tiene un precio de 18 euros y ser\u00e1 impartido por el realizador Nacho Solana y el <\/strong><strong>director del Aula de Cine de la Universidad de Cantabria, Guillermo Mart\u00ednez<\/strong><\/p>\n<p><strong>Santander, 11 de abril de 2023.- <\/strong>La Filmoteca de Cantabria Mario Camus ha organizado la tercera edici\u00f3n del curso-taller \u2018Modernidad y autor\u00eda\u2019 que se centrar\u00e1 en las \u00f3peras primas de directores consagrados como Terrence Malick, los hermanos Coen, Roman Polanski o Clint Eastwood, entre otros.<\/p>\n<p>Tendr\u00e1 lugar entre el 26 de abril y el 31 de mayo a trav\u00e9s de seis sesiones de trabajo en la filmoteca c\u00e1ntabra y ser\u00e1 impartido por el realizador c\u00e1ntabro Nacho Solana y el director del Aula de Cine de la Universidad de Cantabria, Guillermo Mart\u00ednez.<\/p>\n<p>La inscripci\u00f3n tiene un precio de 18 euros, incluye la entrada para la proyecci\u00f3n de las seis pel\u00edculas que se abordar\u00e1n en el curso y se puede realizar en la taquilla de la Filmoteca de Cantabria hasta completar aforo de mi\u00e9rcoles a domingo, de 17.00 a 21.00 horas.<\/p>\n<p>Durante el curso-taller y sus seis sesiones se profundizar\u00e1 en torno a las \u00f3peras primas de grandes directores para tratar de trazar conexiones con sus siguientes trabajos, una actividad que se complementar\u00e1 con la proyecci\u00f3n de pel\u00edculas.<\/p>\n<p>Los responsables de esta acci\u00f3n formativa han destacado que existe un grupo de cineastas, con identidad muy marcada, que desde la primera pel\u00edcula que dirigen sumergen al p\u00fablico en su mundo. Al respecto, han considerado que es interesante detectar esos elementos que ir\u00e1n repiti\u00e9ndose en sus a\u00f1os de carrera y c\u00f3mo evolucionan trabajo tras trabajo.<\/p>\n<p>As\u00ed, en este taller se va a analizar a Terrence Malick y su expresividad a trav\u00e9s de los entornos en los que rueda, como en \u2018Malas tierras\u2019, a los hermanos Coen y su riqueza tonal, especialmente en pel\u00edculas como \u2018Sangre f\u00e1cil\u2019, y a Roman Polanski y sus personajes, como en \u2018El cuchillo en el agua.<\/p>\n<p>La programaci\u00f3n prevista es abordar el 26 de abril \u2018Malas tierras\u2019 de Terrence Malick, el 3 de mayo \u2018Amores perros\u2019 de Alejandro Gonz\u00e1lez I\u00f1\u00e1rritu, el 10 de mayo \u2018Sangre f\u00e1cil\u2019 de Joel Coen, el 17 de mayo \u2018Ladybird\u2019 de Greta Gerwig, el 24 de mayo \u2018Escalofr\u00edo en la noche\u2019 de Clint Eastwood y el 31 de mayo \u2018El cuchillo en el agua\u2019 de Roman Polanski.<\/p>\n<p><strong>IMPARTEN EL CURSO<\/strong><\/p>\n<p>Nacho Solana es un director c\u00e1ntabro con experiencia en publicidad y cortometrajes. Ha dirigido siete cortometrajes hasta la fecha, que han sido proyectados en m\u00e1s de 500 festivales de m\u00e1s de 25 pa\u00edses.<\/p>\n<p>Imparte clases y coordina proyecciones en diversos centros como \u2018El cine en tus manos\u2019, escuela de cine c\u00e1ntabra que fund\u00f3 de la mano de Burbuja Films, la Universidad Europea del Atl\u00e1ntico y el Centro Bot\u00edn.<\/p>\n<p>Por su parte, Guillermo Mart\u00ednez es director del Aula de Cine de la Universidad de Cantabria y de la Filmoteca Universitaria. Es profesor de la Facultad de Ciencias Sociales y Humanidades en la Universidad Europea del Atl\u00e1ntico, en la que imparte la asignatura \u2018Historia del cine y la televisi\u00f3n\u2019.<\/p>\n<p>Es tambi\u00e9n director de cursos y seminarios de formaci\u00f3n continua y extensi\u00f3n universitaria para diversas instituciones educativas y culturales y profesor en cursos y talleres sobre cine desde 1999.<\/p>\n","protected":false},"excerpt":{"rendered":"<p>Ya est\u00e1 abierta la inscripci\u00f3n, tiene un precio de 18 euros y ser\u00e1 impartido por el realizador Nacho Solana y el director del Aula de Cine de la Universidad de Cantabria, Guillermo Mart\u00ednez Santander, 11 de abril de 2023.- La Filmoteca de Cantabria Mario Camus ha organizado la tercera edici\u00f3n del curso-taller \u2018Modernidad y autor\u00eda\u2019 [&hellip;]<\/p>\n","protected":false},"author":11,"featured_media":3285,"comment_status":"closed","ping_status":"closed","sticky":false,"template":"","format":"standard","meta":{"inline_featured_image":false,"footnotes":""},"categories":[4],"tags":[],"class_list":["post-3283","post","type-post","status-publish","format-standard","has-post-thumbnail","hentry","category-noticias"],"yoast_head":"<!-- This site is optimized with the Yoast SEO plugin v19.6.1 - https:\/\/yoast.com\/wordpress\/plugins\/seo\/ -->\n<title>Tercera edici\u00f3n del curso \u2018Modernidad y autor\u00eda\u2019 entre el 26 de abril y el 31 de mayo - Filmoteca de Cantabria Mario Camus | Santander | Torrelavega | Regi\u00f3n<\/title>\n<meta name=\"robots\" content=\"index, follow, max-snippet:-1, max-image-preview:large, max-video-preview:-1\" \/>\n<link rel=\"canonical\" href=\"https:\/\/filmotecacantabria.es\/es\/tercera-edicion-del-curso-modernidad-y-autoria-entre-el-26-de-abril-y-el-31-de-mayo\/\" \/>\n<meta property=\"og:locale\" content=\"es_ES\" \/>\n<meta property=\"og:type\" content=\"article\" \/>\n<meta property=\"og:title\" content=\"Tercera edici\u00f3n del curso \u2018Modernidad y autor\u00eda\u2019 entre el 26 de abril y el 31 de mayo - Filmoteca de Cantabria Mario Camus | Santander | Torrelavega | Regi\u00f3n\" \/>\n<meta property=\"og:description\" content=\"Ya est\u00e1 abierta la inscripci\u00f3n, tiene un precio de 18 euros y ser\u00e1 impartido por el realizador Nacho Solana y el director del Aula de Cine de la Universidad de Cantabria, Guillermo Mart\u00ednez Santander, 11 de abril de 2023.- La Filmoteca de Cantabria Mario Camus ha organizado la tercera edici\u00f3n del curso-taller \u2018Modernidad y autor\u00eda\u2019 [&hellip;]\" \/>\n<meta property=\"og:url\" content=\"https:\/\/filmotecacantabria.es\/es\/tercera-edicion-del-curso-modernidad-y-autoria-entre-el-26-de-abril-y-el-31-de-mayo\/\" \/>\n<meta property=\"og:site_name\" content=\"Filmoteca de Cantabria Mario Camus | Santander | Torrelavega | Regi\u00f3n\" \/>\n<meta property=\"article:published_time\" content=\"2023-04-11T12:18:23+00:00\" \/>\n<meta property=\"og:image\" content=\"https:\/\/filmotecacantabria.es\/es\/wp-content\/uploads\/2023\/04\/amores-perros.jpg\" \/>\n\t<meta property=\"og:image:width\" content=\"1200\" \/>\n\t<meta property=\"og:image:height\" content=\"773\" \/>\n\t<meta property=\"og:image:type\" content=\"image\/jpeg\" \/>\n<meta name=\"author\" content=\"belen.cordoba@srecd.es\" \/>\n<meta name=\"twitter:card\" content=\"summary_large_image\" \/>\n<meta name=\"twitter:label1\" content=\"Escrito por\" \/>\n\t<meta name=\"twitter:data1\" content=\"belen.cordoba@srecd.es\" \/>\n\t<meta name=\"twitter:label2\" content=\"Tiempo de lectura\" \/>\n\t<meta name=\"twitter:data2\" content=\"3 minutos\" \/>\n<script type=\"application\/ld+json\" class=\"yoast-schema-graph\">{\"@context\":\"https:\/\/schema.org\",\"@graph\":[{\"@type\":\"Article\",\"@id\":\"https:\/\/filmotecacantabria.es\/es\/tercera-edicion-del-curso-modernidad-y-autoria-entre-el-26-de-abril-y-el-31-de-mayo\/#article\",\"isPartOf\":{\"@id\":\"https:\/\/filmotecacantabria.es\/es\/tercera-edicion-del-curso-modernidad-y-autoria-entre-el-26-de-abril-y-el-31-de-mayo\/\"},\"author\":{\"name\":\"belen.cordoba@srecd.es\",\"@id\":\"https:\/\/filmotecacantabria.es\/es\/#\/schema\/person\/86205b2ac543405aae888afb3afdb6d8\"},\"headline\":\"Tercera edici\u00f3n del curso \u2018Modernidad y autor\u00eda\u2019 entre el 26 de abril y el 31 de mayo\",\"datePublished\":\"2023-04-11T12:18:23+00:00\",\"dateModified\":\"2023-04-11T12:18:23+00:00\",\"mainEntityOfPage\":{\"@id\":\"https:\/\/filmotecacantabria.es\/es\/tercera-edicion-del-curso-modernidad-y-autoria-entre-el-26-de-abril-y-el-31-de-mayo\/\"},\"wordCount\":577,\"publisher\":{\"@id\":\"https:\/\/filmotecacantabria.es\/es\/#organization\"},\"articleSection\":[\"Noticias\"],\"inLanguage\":\"es\"},{\"@type\":\"WebPage\",\"@id\":\"https:\/\/filmotecacantabria.es\/es\/tercera-edicion-del-curso-modernidad-y-autoria-entre-el-26-de-abril-y-el-31-de-mayo\/\",\"url\":\"https:\/\/filmotecacantabria.es\/es\/tercera-edicion-del-curso-modernidad-y-autoria-entre-el-26-de-abril-y-el-31-de-mayo\/\",\"name\":\"Tercera edici\u00f3n del curso \u2018Modernidad y autor\u00eda\u2019 entre el 26 de abril y el 31 de mayo - Filmoteca de Cantabria Mario Camus | Santander | Torrelavega | Regi\u00f3n\",\"isPartOf\":{\"@id\":\"https:\/\/filmotecacantabria.es\/es\/#website\"},\"datePublished\":\"2023-04-11T12:18:23+00:00\",\"dateModified\":\"2023-04-11T12:18:23+00:00\",\"breadcrumb\":{\"@id\":\"https:\/\/filmotecacantabria.es\/es\/tercera-edicion-del-curso-modernidad-y-autoria-entre-el-26-de-abril-y-el-31-de-mayo\/#breadcrumb\"},\"inLanguage\":\"es\",\"potentialAction\":[{\"@type\":\"ReadAction\",\"target\":[\"https:\/\/filmotecacantabria.es\/es\/tercera-edicion-del-curso-modernidad-y-autoria-entre-el-26-de-abril-y-el-31-de-mayo\/\"]}]},{\"@type\":\"BreadcrumbList\",\"@id\":\"https:\/\/filmotecacantabria.es\/es\/tercera-edicion-del-curso-modernidad-y-autoria-entre-el-26-de-abril-y-el-31-de-mayo\/#breadcrumb\",\"itemListElement\":[{\"@type\":\"ListItem\",\"position\":1,\"name\":\"Portada\",\"item\":\"https:\/\/filmotecacantabria.es\/es\/inicio\/\"},{\"@type\":\"ListItem\",\"position\":2,\"name\":\"Tercera edici\u00f3n del curso \u2018Modernidad y autor\u00eda\u2019 entre el 26 de abril y el 31 de mayo\"}]},{\"@type\":\"WebSite\",\"@id\":\"https:\/\/filmotecacantabria.es\/es\/#website\",\"url\":\"https:\/\/filmotecacantabria.es\/es\/\",\"name\":\"Filmoteca de Cantabria Mario Camus | Santander | Torrelavega | Regi\u00f3n\",\"description\":\"Toda la programaci\u00f3n de las filmotecas de Cantabria Mario Camus.\",\"publisher\":{\"@id\":\"https:\/\/filmotecacantabria.es\/es\/#organization\"},\"potentialAction\":[{\"@type\":\"SearchAction\",\"target\":{\"@type\":\"EntryPoint\",\"urlTemplate\":\"https:\/\/filmotecacantabria.es\/es\/?s={search_term_string}\"},\"query-input\":\"required name=search_term_string\"}],\"inLanguage\":\"es\"},{\"@type\":\"Organization\",\"@id\":\"https:\/\/filmotecacantabria.es\/es\/#organization\",\"name\":\"Filmoteca de Cantabria Mario Camus | Santander | Torrelavega | Regi\u00f3n\",\"url\":\"https:\/\/filmotecacantabria.es\/es\/\",\"sameAs\":[],\"logo\":{\"@type\":\"ImageObject\",\"inLanguage\":\"es\",\"@id\":\"https:\/\/filmotecacantabria.es\/es\/#\/schema\/logo\/image\/\",\"url\":\"https:\/\/filmotecacantabria.es\/es\/wp-content\/uploads\/2021\/12\/logo-filmoteca-cantabria-1-mario-camus.png\",\"contentUrl\":\"https:\/\/filmotecacantabria.es\/es\/wp-content\/uploads\/2021\/12\/logo-filmoteca-cantabria-1-mario-camus.png\",\"width\":170,\"height\":183,\"caption\":\"Filmoteca de Cantabria Mario Camus | Santander | Torrelavega | Regi\u00f3n\"},\"image\":{\"@id\":\"https:\/\/filmotecacantabria.es\/es\/#\/schema\/logo\/image\/\"}},{\"@type\":\"Person\",\"@id\":\"https:\/\/filmotecacantabria.es\/es\/#\/schema\/person\/86205b2ac543405aae888afb3afdb6d8\",\"name\":\"belen.cordoba@srecd.es\",\"image\":{\"@type\":\"ImageObject\",\"inLanguage\":\"es\",\"@id\":\"https:\/\/filmotecacantabria.es\/es\/#\/schema\/person\/image\/\",\"url\":\"https:\/\/secure.gravatar.com\/avatar\/a185108474f14fc94f32f86115d60aeb?s=96&d=mm&r=g\",\"contentUrl\":\"https:\/\/secure.gravatar.com\/avatar\/a185108474f14fc94f32f86115d60aeb?s=96&d=mm&r=g\",\"caption\":\"belen.cordoba@srecd.es\"}}]}<\/script>\n<!-- \/ Yoast SEO plugin. -->","yoast_head_json":{"title":"Tercera edici\u00f3n del curso \u2018Modernidad y autor\u00eda\u2019 entre el 26 de abril y el 31 de mayo - Filmoteca de Cantabria Mario Camus | Santander | Torrelavega | Regi\u00f3n","robots":{"index":"index","follow":"follow","max-snippet":"max-snippet:-1","max-image-preview":"max-image-preview:large","max-video-preview":"max-video-preview:-1"},"canonical":"https:\/\/filmotecacantabria.es\/es\/tercera-edicion-del-curso-modernidad-y-autoria-entre-el-26-de-abril-y-el-31-de-mayo\/","og_locale":"es_ES","og_type":"article","og_title":"Tercera edici\u00f3n del curso \u2018Modernidad y autor\u00eda\u2019 entre el 26 de abril y el 31 de mayo - Filmoteca de Cantabria Mario Camus | Santander | Torrelavega | Regi\u00f3n","og_description":"Ya est\u00e1 abierta la inscripci\u00f3n, tiene un precio de 18 euros y ser\u00e1 impartido por el realizador Nacho Solana y el director del Aula de Cine de la Universidad de Cantabria, Guillermo Mart\u00ednez Santander, 11 de abril de 2023.- La Filmoteca de Cantabria Mario Camus ha organizado la tercera edici\u00f3n del curso-taller \u2018Modernidad y autor\u00eda\u2019 [&hellip;]","og_url":"https:\/\/filmotecacantabria.es\/es\/tercera-edicion-del-curso-modernidad-y-autoria-entre-el-26-de-abril-y-el-31-de-mayo\/","og_site_name":"Filmoteca de Cantabria Mario Camus | Santander | Torrelavega | Regi\u00f3n","article_published_time":"2023-04-11T12:18:23+00:00","og_image":[{"width":1200,"height":773,"url":"https:\/\/filmotecacantabria.es\/es\/wp-content\/uploads\/2023\/04\/amores-perros.jpg","type":"image\/jpeg"}],"author":"belen.cordoba@srecd.es","twitter_card":"summary_large_image","twitter_misc":{"Escrito por":"belen.cordoba@srecd.es","Tiempo de lectura":"3 minutos"},"schema":{"@context":"https:\/\/schema.org","@graph":[{"@type":"Article","@id":"https:\/\/filmotecacantabria.es\/es\/tercera-edicion-del-curso-modernidad-y-autoria-entre-el-26-de-abril-y-el-31-de-mayo\/#article","isPartOf":{"@id":"https:\/\/filmotecacantabria.es\/es\/tercera-edicion-del-curso-modernidad-y-autoria-entre-el-26-de-abril-y-el-31-de-mayo\/"},"author":{"name":"belen.cordoba@srecd.es","@id":"https:\/\/filmotecacantabria.es\/es\/#\/schema\/person\/86205b2ac543405aae888afb3afdb6d8"},"headline":"Tercera edici\u00f3n del curso \u2018Modernidad y autor\u00eda\u2019 entre el 26 de abril y el 31 de mayo","datePublished":"2023-04-11T12:18:23+00:00","dateModified":"2023-04-11T12:18:23+00:00","mainEntityOfPage":{"@id":"https:\/\/filmotecacantabria.es\/es\/tercera-edicion-del-curso-modernidad-y-autoria-entre-el-26-de-abril-y-el-31-de-mayo\/"},"wordCount":577,"publisher":{"@id":"https:\/\/filmotecacantabria.es\/es\/#organization"},"articleSection":["Noticias"],"inLanguage":"es"},{"@type":"WebPage","@id":"https:\/\/filmotecacantabria.es\/es\/tercera-edicion-del-curso-modernidad-y-autoria-entre-el-26-de-abril-y-el-31-de-mayo\/","url":"https:\/\/filmotecacantabria.es\/es\/tercera-edicion-del-curso-modernidad-y-autoria-entre-el-26-de-abril-y-el-31-de-mayo\/","name":"Tercera edici\u00f3n del curso \u2018Modernidad y autor\u00eda\u2019 entre el 26 de abril y el 31 de mayo - Filmoteca de Cantabria Mario Camus | Santander | Torrelavega | Regi\u00f3n","isPartOf":{"@id":"https:\/\/filmotecacantabria.es\/es\/#website"},"datePublished":"2023-04-11T12:18:23+00:00","dateModified":"2023-04-11T12:18:23+00:00","breadcrumb":{"@id":"https:\/\/filmotecacantabria.es\/es\/tercera-edicion-del-curso-modernidad-y-autoria-entre-el-26-de-abril-y-el-31-de-mayo\/#breadcrumb"},"inLanguage":"es","potentialAction":[{"@type":"ReadAction","target":["https:\/\/filmotecacantabria.es\/es\/tercera-edicion-del-curso-modernidad-y-autoria-entre-el-26-de-abril-y-el-31-de-mayo\/"]}]},{"@type":"BreadcrumbList","@id":"https:\/\/filmotecacantabria.es\/es\/tercera-edicion-del-curso-modernidad-y-autoria-entre-el-26-de-abril-y-el-31-de-mayo\/#breadcrumb","itemListElement":[{"@type":"ListItem","position":1,"name":"Portada","item":"https:\/\/filmotecacantabria.es\/es\/inicio\/"},{"@type":"ListItem","position":2,"name":"Tercera edici\u00f3n del curso \u2018Modernidad y autor\u00eda\u2019 entre el 26 de abril y el 31 de mayo"}]},{"@type":"WebSite","@id":"https:\/\/filmotecacantabria.es\/es\/#website","url":"https:\/\/filmotecacantabria.es\/es\/","name":"Filmoteca de Cantabria Mario Camus | Santander | Torrelavega | Regi\u00f3n","description":"Toda la programaci\u00f3n de las filmotecas de Cantabria Mario Camus.","publisher":{"@id":"https:\/\/filmotecacantabria.es\/es\/#organization"},"potentialAction":[{"@type":"SearchAction","target":{"@type":"EntryPoint","urlTemplate":"https:\/\/filmotecacantabria.es\/es\/?s={search_term_string}"},"query-input":"required name=search_term_string"}],"inLanguage":"es"},{"@type":"Organization","@id":"https:\/\/filmotecacantabria.es\/es\/#organization","name":"Filmoteca de Cantabria Mario Camus | Santander | Torrelavega | Regi\u00f3n","url":"https:\/\/filmotecacantabria.es\/es\/","sameAs":[],"logo":{"@type":"ImageObject","inLanguage":"es","@id":"https:\/\/filmotecacantabria.es\/es\/#\/schema\/logo\/image\/","url":"https:\/\/filmotecacantabria.es\/es\/wp-content\/uploads\/2021\/12\/logo-filmoteca-cantabria-1-mario-camus.png","contentUrl":"https:\/\/filmotecacantabria.es\/es\/wp-content\/uploads\/2021\/12\/logo-filmoteca-cantabria-1-mario-camus.png","width":170,"height":183,"caption":"Filmoteca de Cantabria Mario Camus | Santander | Torrelavega | Regi\u00f3n"},"image":{"@id":"https:\/\/filmotecacantabria.es\/es\/#\/schema\/logo\/image\/"}},{"@type":"Person","@id":"https:\/\/filmotecacantabria.es\/es\/#\/schema\/person\/86205b2ac543405aae888afb3afdb6d8","name":"belen.cordoba@srecd.es","image":{"@type":"ImageObject","inLanguage":"es","@id":"https:\/\/filmotecacantabria.es\/es\/#\/schema\/person\/image\/","url":"https:\/\/secure.gravatar.com\/avatar\/a185108474f14fc94f32f86115d60aeb?s=96&d=mm&r=g","contentUrl":"https:\/\/secure.gravatar.com\/avatar\/a185108474f14fc94f32f86115d60aeb?s=96&d=mm&r=g","caption":"belen.cordoba@srecd.es"}}]}},"_links":{"self":[{"href":"https:\/\/filmotecacantabria.es\/es\/wp-json\/wp\/v2\/posts\/3283"}],"collection":[{"href":"https:\/\/filmotecacantabria.es\/es\/wp-json\/wp\/v2\/posts"}],"about":[{"href":"https:\/\/filmotecacantabria.es\/es\/wp-json\/wp\/v2\/types\/post"}],"author":[{"embeddable":true,"href":"https:\/\/filmotecacantabria.es\/es\/wp-json\/wp\/v2\/users\/11"}],"replies":[{"embeddable":true,"href":"https:\/\/filmotecacantabria.es\/es\/wp-json\/wp\/v2\/comments?post=3283"}],"version-history":[{"count":2,"href":"https:\/\/filmotecacantabria.es\/es\/wp-json\/wp\/v2\/posts\/3283\/revisions"}],"predecessor-version":[{"id":3287,"href":"https:\/\/filmotecacantabria.es\/es\/wp-json\/wp\/v2\/posts\/3283\/revisions\/3287"}],"wp:featuredmedia":[{"embeddable":true,"href":"https:\/\/filmotecacantabria.es\/es\/wp-json\/wp\/v2\/media\/3285"}],"wp:attachment":[{"href":"https:\/\/filmotecacantabria.es\/es\/wp-json\/wp\/v2\/media?parent=3283"}],"wp:term":[{"taxonomy":"category","embeddable":true,"href":"https:\/\/filmotecacantabria.es\/es\/wp-json\/wp\/v2\/categories?post=3283"},{"taxonomy":"post_tag","embeddable":true,"href":"https:\/\/filmotecacantabria.es\/es\/wp-json\/wp\/v2\/tags?post=3283"}],"curies":[{"name":"wp","href":"https:\/\/api.w.org\/{rel}","templated":true}]}}