{"id":3012,"date":"2022-12-16T15:57:27","date_gmt":"2022-12-16T14:57:27","guid":{"rendered":"https:\/\/filmotecacantabria.es\/es\/?p=3012"},"modified":"2022-12-16T16:23:54","modified_gmt":"2022-12-16T15:23:54","slug":"zuloaga-anima-a-los-escolares-a-acudir-a-las-salas-de-cine-y-a-los-centros-culturales-de-cantabria-como-complemento-indispensable-a-su-formacion-academica","status":"publish","type":"post","link":"https:\/\/filmotecacantabria.es\/es\/zuloaga-anima-a-los-escolares-a-acudir-a-las-salas-de-cine-y-a-los-centros-culturales-de-cantabria-como-complemento-indispensable-a-su-formacion-academica\/","title":{"rendered":"Zuloaga anima a los escolares a acudir a las salas de cine y a los centros culturales de Cantabria como complemento indispensable a su formaci\u00f3n acad\u00e9mica"},"content":{"rendered":"<p><strong>El vicepresidente acompa\u00f1a a estudiantes del 5\u00ba de Primaria en su visita a la Filmoteca de Cantabria Mario Camus dentro del programa de acercamiento de la cultura \u2018Lanzadera Joven\u2019 <\/strong><\/p>\n<p><strong>Santander, 16 de diciembre de 2022.-<\/strong> El vicepresidente del Gobierno de Cantabria, Pablo Zuloaga, ha acompa\u00f1ado hoy a un grupo de escolares 5\u00ba de Primaria del colegio Compa\u00f1\u00eda de Mar\u00eda de Santander en su visita a la Filmoteca de Cantabria Mario Camus, dentro del programa Lanzadera Joven, que puso en marcha este a\u00f1o el Ejecutivo para acercar los espacios culturales y el patrimonio de la Comunidad Aut\u00f3noma a los estudiantes de Primaria y Secundaria.<\/p>\n<p>Durante la visita, Zuloaga ha recorrido con los alumnos y docentes las instalaciones, entre ellas, la cabina de proyecci\u00f3n, donde han conocido la evoluci\u00f3n desde las m\u00e1quinas m\u00e1s antiguas hasta las actuales, y posteriormente en la sala han comentado con el vicepresidente y con el director y productor de cine, Nacho Solana, sus gustos cinematogr\u00e1ficos y algunos apuntes sobre el cine de animaci\u00f3n, antes de la proyecci\u00f3n de la pel\u00edcula nominada a mejor pel\u00edcula de animaci\u00f3n en los \u00d3scar de 2016, \u2018La vida de calabac\u00edn\u2019 de Claude Barras.<\/p>\n<p>Zuloaga ha explicado la importancia de ver cine y les ha animado a acudir a las salas y a los centros culturales que cuentan con una programaci\u00f3n infantil y juvenil espec\u00edfica. Adem\u00e1s, ha destacado la necesidad de acercar los espacios y la cultura a los m\u00e1s j\u00f3venes como complemento indispensable a su formaci\u00f3n acad\u00e9mica.<\/p>\n<p>Esta actividad forma parte del eje de acercamiento del cine a los escolares, dentro del programa Lanzadera Joven, y durante este curso oferta 4.100 plazas en 33 sesiones para las sedes de la Filmoteca en Santander y en Torrelavega, a las que se suman el auditorio David Bustamante en San Vicente de la Barquera y la Casa de Cultura Doctor Velasco en Laredo para llegar al mayor p\u00fablico posible.<\/p>\n<p>Adem\u00e1s, la Lanzadera oferta m\u00e1s de 7.000 plazas para educaci\u00f3n Infantil, Primaria, Secundaria y Bachillerato con 10 propuestas en el Palacio de Festivales de Cantabria y 14 funciones, y las salidas Huellas con actividades y visitas a centros culturales, cuevas rupestres y un tramo del ramal lebaniego del Camino del Norte, adem\u00e1s de talleres y estancias en los albergues de la red de Juventud.<\/p>\n","protected":false},"excerpt":{"rendered":"<p>El vicepresidente acompa\u00f1a a estudiantes del 5\u00ba de Primaria en su visita a la Filmoteca de Cantabria Mario Camus dentro del programa de acercamiento de la cultura \u2018Lanzadera Joven\u2019 Santander, 16 de diciembre de 2022.- El vicepresidente del Gobierno de Cantabria, Pablo Zuloaga, ha acompa\u00f1ado hoy a un grupo de escolares 5\u00ba de Primaria del [&hellip;]<\/p>\n","protected":false},"author":11,"featured_media":3013,"comment_status":"closed","ping_status":"closed","sticky":false,"template":"","format":"standard","meta":{"inline_featured_image":false,"footnotes":""},"categories":[4],"tags":[],"class_list":["post-3012","post","type-post","status-publish","format-standard","has-post-thumbnail","hentry","category-noticias"],"yoast_head":"<!-- This site is optimized with the Yoast SEO plugin v19.6.1 - https:\/\/yoast.com\/wordpress\/plugins\/seo\/ -->\n<title>Zuloaga anima a los escolares a acudir a las salas de cine y a los centros culturales de Cantabria como complemento indispensable a su formaci\u00f3n acad\u00e9mica - Filmoteca de Cantabria Mario Camus | Santander | Torrelavega | Regi\u00f3n<\/title>\n<meta name=\"robots\" content=\"index, follow, max-snippet:-1, max-image-preview:large, max-video-preview:-1\" \/>\n<link rel=\"canonical\" href=\"https:\/\/filmotecacantabria.es\/es\/zuloaga-anima-a-los-escolares-a-acudir-a-las-salas-de-cine-y-a-los-centros-culturales-de-cantabria-como-complemento-indispensable-a-su-formacion-academica\/\" \/>\n<meta property=\"og:locale\" content=\"es_ES\" \/>\n<meta property=\"og:type\" content=\"article\" \/>\n<meta property=\"og:title\" content=\"Zuloaga anima a los escolares a acudir a las salas de cine y a los centros culturales de Cantabria como complemento indispensable a su formaci\u00f3n acad\u00e9mica - Filmoteca de Cantabria Mario Camus | Santander | Torrelavega | Regi\u00f3n\" \/>\n<meta property=\"og:description\" content=\"El vicepresidente acompa\u00f1a a estudiantes del 5\u00ba de Primaria en su visita a la Filmoteca de Cantabria Mario Camus dentro del programa de acercamiento de la cultura \u2018Lanzadera Joven\u2019 Santander, 16 de diciembre de 2022.- El vicepresidente del Gobierno de Cantabria, Pablo Zuloaga, ha acompa\u00f1ado hoy a un grupo de escolares 5\u00ba de Primaria del [&hellip;]\" \/>\n<meta property=\"og:url\" content=\"https:\/\/filmotecacantabria.es\/es\/zuloaga-anima-a-los-escolares-a-acudir-a-las-salas-de-cine-y-a-los-centros-culturales-de-cantabria-como-complemento-indispensable-a-su-formacion-academica\/\" \/>\n<meta property=\"og:site_name\" content=\"Filmoteca de Cantabria Mario Camus | Santander | Torrelavega | Regi\u00f3n\" \/>\n<meta property=\"article:published_time\" content=\"2022-12-16T14:57:27+00:00\" \/>\n<meta property=\"article:modified_time\" content=\"2022-12-16T15:23:54+00:00\" \/>\n<meta property=\"og:image\" content=\"https:\/\/filmotecacantabria.es\/es\/wp-content\/uploads\/2022\/12\/dsc-6172-1.jpg\" \/>\n\t<meta property=\"og:image:width\" content=\"2000\" \/>\n\t<meta property=\"og:image:height\" content=\"1333\" \/>\n\t<meta property=\"og:image:type\" content=\"image\/jpeg\" \/>\n<meta name=\"author\" content=\"belen.cordoba@srecd.es\" \/>\n<meta name=\"twitter:card\" content=\"summary_large_image\" \/>\n<meta name=\"twitter:label1\" content=\"Escrito por\" \/>\n\t<meta name=\"twitter:data1\" content=\"belen.cordoba@srecd.es\" \/>\n\t<meta name=\"twitter:label2\" content=\"Tiempo de lectura\" \/>\n\t<meta name=\"twitter:data2\" content=\"2 minutos\" \/>\n<script type=\"application\/ld+json\" class=\"yoast-schema-graph\">{\"@context\":\"https:\/\/schema.org\",\"@graph\":[{\"@type\":\"Article\",\"@id\":\"https:\/\/filmotecacantabria.es\/es\/zuloaga-anima-a-los-escolares-a-acudir-a-las-salas-de-cine-y-a-los-centros-culturales-de-cantabria-como-complemento-indispensable-a-su-formacion-academica\/#article\",\"isPartOf\":{\"@id\":\"https:\/\/filmotecacantabria.es\/es\/zuloaga-anima-a-los-escolares-a-acudir-a-las-salas-de-cine-y-a-los-centros-culturales-de-cantabria-como-complemento-indispensable-a-su-formacion-academica\/\"},\"author\":{\"name\":\"belen.cordoba@srecd.es\",\"@id\":\"https:\/\/filmotecacantabria.es\/es\/#\/schema\/person\/86205b2ac543405aae888afb3afdb6d8\"},\"headline\":\"Zuloaga anima a los escolares a acudir a las salas de cine y a los centros culturales de Cantabria como complemento indispensable a su formaci\u00f3n acad\u00e9mica\",\"datePublished\":\"2022-12-16T14:57:27+00:00\",\"dateModified\":\"2022-12-16T15:23:54+00:00\",\"mainEntityOfPage\":{\"@id\":\"https:\/\/filmotecacantabria.es\/es\/zuloaga-anima-a-los-escolares-a-acudir-a-las-salas-de-cine-y-a-los-centros-culturales-de-cantabria-como-complemento-indispensable-a-su-formacion-academica\/\"},\"wordCount\":426,\"publisher\":{\"@id\":\"https:\/\/filmotecacantabria.es\/es\/#organization\"},\"articleSection\":[\"Noticias\"],\"inLanguage\":\"es\"},{\"@type\":\"WebPage\",\"@id\":\"https:\/\/filmotecacantabria.es\/es\/zuloaga-anima-a-los-escolares-a-acudir-a-las-salas-de-cine-y-a-los-centros-culturales-de-cantabria-como-complemento-indispensable-a-su-formacion-academica\/\",\"url\":\"https:\/\/filmotecacantabria.es\/es\/zuloaga-anima-a-los-escolares-a-acudir-a-las-salas-de-cine-y-a-los-centros-culturales-de-cantabria-como-complemento-indispensable-a-su-formacion-academica\/\",\"name\":\"Zuloaga anima a los escolares a acudir a las salas de cine y a los centros culturales de Cantabria como complemento indispensable a su formaci\u00f3n acad\u00e9mica - Filmoteca de Cantabria Mario Camus | Santander | Torrelavega | Regi\u00f3n\",\"isPartOf\":{\"@id\":\"https:\/\/filmotecacantabria.es\/es\/#website\"},\"datePublished\":\"2022-12-16T14:57:27+00:00\",\"dateModified\":\"2022-12-16T15:23:54+00:00\",\"breadcrumb\":{\"@id\":\"https:\/\/filmotecacantabria.es\/es\/zuloaga-anima-a-los-escolares-a-acudir-a-las-salas-de-cine-y-a-los-centros-culturales-de-cantabria-como-complemento-indispensable-a-su-formacion-academica\/#breadcrumb\"},\"inLanguage\":\"es\",\"potentialAction\":[{\"@type\":\"ReadAction\",\"target\":[\"https:\/\/filmotecacantabria.es\/es\/zuloaga-anima-a-los-escolares-a-acudir-a-las-salas-de-cine-y-a-los-centros-culturales-de-cantabria-como-complemento-indispensable-a-su-formacion-academica\/\"]}]},{\"@type\":\"BreadcrumbList\",\"@id\":\"https:\/\/filmotecacantabria.es\/es\/zuloaga-anima-a-los-escolares-a-acudir-a-las-salas-de-cine-y-a-los-centros-culturales-de-cantabria-como-complemento-indispensable-a-su-formacion-academica\/#breadcrumb\",\"itemListElement\":[{\"@type\":\"ListItem\",\"position\":1,\"name\":\"Portada\",\"item\":\"https:\/\/filmotecacantabria.es\/es\/inicio\/\"},{\"@type\":\"ListItem\",\"position\":2,\"name\":\"Zuloaga anima a los escolares a acudir a las salas de cine y a los centros culturales de Cantabria como complemento indispensable a su formaci\u00f3n acad\u00e9mica\"}]},{\"@type\":\"WebSite\",\"@id\":\"https:\/\/filmotecacantabria.es\/es\/#website\",\"url\":\"https:\/\/filmotecacantabria.es\/es\/\",\"name\":\"Filmoteca de Cantabria Mario Camus | Santander | Torrelavega | Regi\u00f3n\",\"description\":\"Toda la programaci\u00f3n de las filmotecas de Cantabria Mario Camus.\",\"publisher\":{\"@id\":\"https:\/\/filmotecacantabria.es\/es\/#organization\"},\"potentialAction\":[{\"@type\":\"SearchAction\",\"target\":{\"@type\":\"EntryPoint\",\"urlTemplate\":\"https:\/\/filmotecacantabria.es\/es\/?s={search_term_string}\"},\"query-input\":\"required name=search_term_string\"}],\"inLanguage\":\"es\"},{\"@type\":\"Organization\",\"@id\":\"https:\/\/filmotecacantabria.es\/es\/#organization\",\"name\":\"Filmoteca de Cantabria Mario Camus | Santander | Torrelavega | Regi\u00f3n\",\"url\":\"https:\/\/filmotecacantabria.es\/es\/\",\"sameAs\":[],\"logo\":{\"@type\":\"ImageObject\",\"inLanguage\":\"es\",\"@id\":\"https:\/\/filmotecacantabria.es\/es\/#\/schema\/logo\/image\/\",\"url\":\"https:\/\/filmotecacantabria.es\/es\/wp-content\/uploads\/2021\/12\/logo-filmoteca-cantabria-1-mario-camus.png\",\"contentUrl\":\"https:\/\/filmotecacantabria.es\/es\/wp-content\/uploads\/2021\/12\/logo-filmoteca-cantabria-1-mario-camus.png\",\"width\":170,\"height\":183,\"caption\":\"Filmoteca de Cantabria Mario Camus | Santander | Torrelavega | Regi\u00f3n\"},\"image\":{\"@id\":\"https:\/\/filmotecacantabria.es\/es\/#\/schema\/logo\/image\/\"}},{\"@type\":\"Person\",\"@id\":\"https:\/\/filmotecacantabria.es\/es\/#\/schema\/person\/86205b2ac543405aae888afb3afdb6d8\",\"name\":\"belen.cordoba@srecd.es\",\"image\":{\"@type\":\"ImageObject\",\"inLanguage\":\"es\",\"@id\":\"https:\/\/filmotecacantabria.es\/es\/#\/schema\/person\/image\/\",\"url\":\"https:\/\/secure.gravatar.com\/avatar\/a185108474f14fc94f32f86115d60aeb?s=96&d=mm&r=g\",\"contentUrl\":\"https:\/\/secure.gravatar.com\/avatar\/a185108474f14fc94f32f86115d60aeb?s=96&d=mm&r=g\",\"caption\":\"belen.cordoba@srecd.es\"}}]}<\/script>\n<!-- \/ Yoast SEO plugin. -->","yoast_head_json":{"title":"Zuloaga anima a los escolares a acudir a las salas de cine y a los centros culturales de Cantabria como complemento indispensable a su formaci\u00f3n acad\u00e9mica - Filmoteca de Cantabria Mario Camus | Santander | Torrelavega | Regi\u00f3n","robots":{"index":"index","follow":"follow","max-snippet":"max-snippet:-1","max-image-preview":"max-image-preview:large","max-video-preview":"max-video-preview:-1"},"canonical":"https:\/\/filmotecacantabria.es\/es\/zuloaga-anima-a-los-escolares-a-acudir-a-las-salas-de-cine-y-a-los-centros-culturales-de-cantabria-como-complemento-indispensable-a-su-formacion-academica\/","og_locale":"es_ES","og_type":"article","og_title":"Zuloaga anima a los escolares a acudir a las salas de cine y a los centros culturales de Cantabria como complemento indispensable a su formaci\u00f3n acad\u00e9mica - Filmoteca de Cantabria Mario Camus | Santander | Torrelavega | Regi\u00f3n","og_description":"El vicepresidente acompa\u00f1a a estudiantes del 5\u00ba de Primaria en su visita a la Filmoteca de Cantabria Mario Camus dentro del programa de acercamiento de la cultura \u2018Lanzadera Joven\u2019 Santander, 16 de diciembre de 2022.- El vicepresidente del Gobierno de Cantabria, Pablo Zuloaga, ha acompa\u00f1ado hoy a un grupo de escolares 5\u00ba de Primaria del [&hellip;]","og_url":"https:\/\/filmotecacantabria.es\/es\/zuloaga-anima-a-los-escolares-a-acudir-a-las-salas-de-cine-y-a-los-centros-culturales-de-cantabria-como-complemento-indispensable-a-su-formacion-academica\/","og_site_name":"Filmoteca de Cantabria Mario Camus | Santander | Torrelavega | Regi\u00f3n","article_published_time":"2022-12-16T14:57:27+00:00","article_modified_time":"2022-12-16T15:23:54+00:00","og_image":[{"width":2000,"height":1333,"url":"https:\/\/filmotecacantabria.es\/es\/wp-content\/uploads\/2022\/12\/dsc-6172-1.jpg","type":"image\/jpeg"}],"author":"belen.cordoba@srecd.es","twitter_card":"summary_large_image","twitter_misc":{"Escrito por":"belen.cordoba@srecd.es","Tiempo de lectura":"2 minutos"},"schema":{"@context":"https:\/\/schema.org","@graph":[{"@type":"Article","@id":"https:\/\/filmotecacantabria.es\/es\/zuloaga-anima-a-los-escolares-a-acudir-a-las-salas-de-cine-y-a-los-centros-culturales-de-cantabria-como-complemento-indispensable-a-su-formacion-academica\/#article","isPartOf":{"@id":"https:\/\/filmotecacantabria.es\/es\/zuloaga-anima-a-los-escolares-a-acudir-a-las-salas-de-cine-y-a-los-centros-culturales-de-cantabria-como-complemento-indispensable-a-su-formacion-academica\/"},"author":{"name":"belen.cordoba@srecd.es","@id":"https:\/\/filmotecacantabria.es\/es\/#\/schema\/person\/86205b2ac543405aae888afb3afdb6d8"},"headline":"Zuloaga anima a los escolares a acudir a las salas de cine y a los centros culturales de Cantabria como complemento indispensable a su formaci\u00f3n acad\u00e9mica","datePublished":"2022-12-16T14:57:27+00:00","dateModified":"2022-12-16T15:23:54+00:00","mainEntityOfPage":{"@id":"https:\/\/filmotecacantabria.es\/es\/zuloaga-anima-a-los-escolares-a-acudir-a-las-salas-de-cine-y-a-los-centros-culturales-de-cantabria-como-complemento-indispensable-a-su-formacion-academica\/"},"wordCount":426,"publisher":{"@id":"https:\/\/filmotecacantabria.es\/es\/#organization"},"articleSection":["Noticias"],"inLanguage":"es"},{"@type":"WebPage","@id":"https:\/\/filmotecacantabria.es\/es\/zuloaga-anima-a-los-escolares-a-acudir-a-las-salas-de-cine-y-a-los-centros-culturales-de-cantabria-como-complemento-indispensable-a-su-formacion-academica\/","url":"https:\/\/filmotecacantabria.es\/es\/zuloaga-anima-a-los-escolares-a-acudir-a-las-salas-de-cine-y-a-los-centros-culturales-de-cantabria-como-complemento-indispensable-a-su-formacion-academica\/","name":"Zuloaga anima a los escolares a acudir a las salas de cine y a los centros culturales de Cantabria como complemento indispensable a su formaci\u00f3n acad\u00e9mica - Filmoteca de Cantabria Mario Camus | Santander | Torrelavega | Regi\u00f3n","isPartOf":{"@id":"https:\/\/filmotecacantabria.es\/es\/#website"},"datePublished":"2022-12-16T14:57:27+00:00","dateModified":"2022-12-16T15:23:54+00:00","breadcrumb":{"@id":"https:\/\/filmotecacantabria.es\/es\/zuloaga-anima-a-los-escolares-a-acudir-a-las-salas-de-cine-y-a-los-centros-culturales-de-cantabria-como-complemento-indispensable-a-su-formacion-academica\/#breadcrumb"},"inLanguage":"es","potentialAction":[{"@type":"ReadAction","target":["https:\/\/filmotecacantabria.es\/es\/zuloaga-anima-a-los-escolares-a-acudir-a-las-salas-de-cine-y-a-los-centros-culturales-de-cantabria-como-complemento-indispensable-a-su-formacion-academica\/"]}]},{"@type":"BreadcrumbList","@id":"https:\/\/filmotecacantabria.es\/es\/zuloaga-anima-a-los-escolares-a-acudir-a-las-salas-de-cine-y-a-los-centros-culturales-de-cantabria-como-complemento-indispensable-a-su-formacion-academica\/#breadcrumb","itemListElement":[{"@type":"ListItem","position":1,"name":"Portada","item":"https:\/\/filmotecacantabria.es\/es\/inicio\/"},{"@type":"ListItem","position":2,"name":"Zuloaga anima a los escolares a acudir a las salas de cine y a los centros culturales de Cantabria como complemento indispensable a su formaci\u00f3n acad\u00e9mica"}]},{"@type":"WebSite","@id":"https:\/\/filmotecacantabria.es\/es\/#website","url":"https:\/\/filmotecacantabria.es\/es\/","name":"Filmoteca de Cantabria Mario Camus | Santander | Torrelavega | Regi\u00f3n","description":"Toda la programaci\u00f3n de las filmotecas de Cantabria Mario Camus.","publisher":{"@id":"https:\/\/filmotecacantabria.es\/es\/#organization"},"potentialAction":[{"@type":"SearchAction","target":{"@type":"EntryPoint","urlTemplate":"https:\/\/filmotecacantabria.es\/es\/?s={search_term_string}"},"query-input":"required name=search_term_string"}],"inLanguage":"es"},{"@type":"Organization","@id":"https:\/\/filmotecacantabria.es\/es\/#organization","name":"Filmoteca de Cantabria Mario Camus | Santander | Torrelavega | Regi\u00f3n","url":"https:\/\/filmotecacantabria.es\/es\/","sameAs":[],"logo":{"@type":"ImageObject","inLanguage":"es","@id":"https:\/\/filmotecacantabria.es\/es\/#\/schema\/logo\/image\/","url":"https:\/\/filmotecacantabria.es\/es\/wp-content\/uploads\/2021\/12\/logo-filmoteca-cantabria-1-mario-camus.png","contentUrl":"https:\/\/filmotecacantabria.es\/es\/wp-content\/uploads\/2021\/12\/logo-filmoteca-cantabria-1-mario-camus.png","width":170,"height":183,"caption":"Filmoteca de Cantabria Mario Camus | Santander | Torrelavega | Regi\u00f3n"},"image":{"@id":"https:\/\/filmotecacantabria.es\/es\/#\/schema\/logo\/image\/"}},{"@type":"Person","@id":"https:\/\/filmotecacantabria.es\/es\/#\/schema\/person\/86205b2ac543405aae888afb3afdb6d8","name":"belen.cordoba@srecd.es","image":{"@type":"ImageObject","inLanguage":"es","@id":"https:\/\/filmotecacantabria.es\/es\/#\/schema\/person\/image\/","url":"https:\/\/secure.gravatar.com\/avatar\/a185108474f14fc94f32f86115d60aeb?s=96&d=mm&r=g","contentUrl":"https:\/\/secure.gravatar.com\/avatar\/a185108474f14fc94f32f86115d60aeb?s=96&d=mm&r=g","caption":"belen.cordoba@srecd.es"}}]}},"_links":{"self":[{"href":"https:\/\/filmotecacantabria.es\/es\/wp-json\/wp\/v2\/posts\/3012"}],"collection":[{"href":"https:\/\/filmotecacantabria.es\/es\/wp-json\/wp\/v2\/posts"}],"about":[{"href":"https:\/\/filmotecacantabria.es\/es\/wp-json\/wp\/v2\/types\/post"}],"author":[{"embeddable":true,"href":"https:\/\/filmotecacantabria.es\/es\/wp-json\/wp\/v2\/users\/11"}],"replies":[{"embeddable":true,"href":"https:\/\/filmotecacantabria.es\/es\/wp-json\/wp\/v2\/comments?post=3012"}],"version-history":[{"count":2,"href":"https:\/\/filmotecacantabria.es\/es\/wp-json\/wp\/v2\/posts\/3012\/revisions"}],"predecessor-version":[{"id":3019,"href":"https:\/\/filmotecacantabria.es\/es\/wp-json\/wp\/v2\/posts\/3012\/revisions\/3019"}],"wp:featuredmedia":[{"embeddable":true,"href":"https:\/\/filmotecacantabria.es\/es\/wp-json\/wp\/v2\/media\/3013"}],"wp:attachment":[{"href":"https:\/\/filmotecacantabria.es\/es\/wp-json\/wp\/v2\/media?parent=3012"}],"wp:term":[{"taxonomy":"category","embeddable":true,"href":"https:\/\/filmotecacantabria.es\/es\/wp-json\/wp\/v2\/categories?post=3012"},{"taxonomy":"post_tag","embeddable":true,"href":"https:\/\/filmotecacantabria.es\/es\/wp-json\/wp\/v2\/tags?post=3012"}],"curies":[{"name":"wp","href":"https:\/\/api.w.org\/{rel}","templated":true}]}}