{"id":2884,"date":"2022-10-05T10:45:19","date_gmt":"2022-10-05T08:45:19","guid":{"rendered":"https:\/\/filmotecacantabria.es\/es\/?p=2884"},"modified":"2022-10-05T10:45:19","modified_gmt":"2022-10-05T08:45:19","slug":"cultura-organiza-con-zineuskadi-un-encuentro-para-conectar-los-sectores-audiovisuales-de-cantabria-y-pais-vasco","status":"publish","type":"post","link":"https:\/\/filmotecacantabria.es\/es\/cultura-organiza-con-zineuskadi-un-encuentro-para-conectar-los-sectores-audiovisuales-de-cantabria-y-pais-vasco\/","title":{"rendered":"Cultura organiza con Zineuskadi un encuentro para conectar los sectores audiovisuales de Cantabria y Pa\u00eds Vasco"},"content":{"rendered":"<p><strong>Pablo Zuloaga asegura que esta jornada es \u201cun paso m\u00e1s en el apoyo e impulso que estamos dando desde la Consejer\u00eda de Cultura al sector audiovisual c\u00e1ntabro\u201d<\/strong><\/p>\n<p>Santander, 5 de octubre de 2022.- La Consejer\u00eda de Cultura ha organizado junto a Zineuskadi un encuentro que se celebrar\u00e1 el 14 de noviembre en el Centro Azkuna de Bilbao con el objetivo de conectar y contactar a los sectores audiovisuales de Cantabria y de Pa\u00eds Vasco.<\/p>\n<p>En esta jornada participar\u00e1n Marisa Fern\u00e1ndez Armenteros y Nahkari Ipi\u00f1a, productoras de \u2018Cinco lobitos\u2019 (Alauda Ruiz de Az\u00faa, Espa\u00f1a 2022), que explicar\u00e1n a los asistentes el caso de \u00e9xito de su largometraje.<\/p>\n<p>El departamento que dirige el vicepresidente y consejero de Cultura, Pablo Zuloaga, ha puesto en marcha esta iniciativa pionera que se organiza por la celebraci\u00f3n del Festival de Cine de Bilbao (Zinebi) y como parte de las actividades destinadas a impulsar y potenciar el sector audiovisual c\u00e1ntabro.<\/p>\n<p>Para Zuloaga, esta jornada es \u201cun paso m\u00e1s\u201d en el apoyo e impulso que \u201cestamos dando\u201d desde la Consejer\u00eda de Cultura al sector audiovisual c\u00e1ntabro y con su celebraci\u00f3n \u201ccontribuimos a poner en contacto a los profesionales de ambas regiones\u201d.<\/p>\n<p>Tambi\u00e9n ha se\u00f1alado que fomentar la coproducci\u00f3n y crear espacios de \u2018networking\u2019 en el que las productoras se conozcan y pongan sus proyectos sobre la mesa es algo fundamental para facilitar el trabajo entre Euskadi y Cantabria.<\/p>\n<p>Por eso, en colaboraci\u00f3n con Zinebi, seg\u00fan ha apuntado Pablo Zuloaga, \u201chemos creado esta jornada para que las productoras y sus profesionales, conozcan, compartan, intercambien informaci\u00f3n y encuentren un espacio donde puedan surgir colaboraciones que, sin duda alguna, fortalecer\u00e1n el sector en ambas comunidades aut\u00f3nomas\u201d.<\/p>\n<p>Hasta el 16 de octubre se pueden presentar proyectos en desarrollo con potencial de coproducci\u00f3n entre Cantabria y Pa\u00eds Vasco, de los que se seleccionar\u00e1n tres por cada comunidad aut\u00f3noma y que se presentar\u00e1n el 14 de noviembre con la mentor\u00eda de Fern\u00e1ndez Armenteros e Ipi\u00f1a.<\/p>\n<p>Los proyectos que se buscan son primeros y segundos proyectos de ficci\u00f3n, documentales o de animaci\u00f3n que se puedan rodar entre las dos comunidades aut\u00f3nomas o que ambas colaboren para hacerlo siempre que el director, guionista o productor haya nacido en Pa\u00eds Vasco o Cantabria.<\/p>\n<p>La jornada del 14 de noviembre se desarrollar\u00e1 en el Centro Azkuna de Bilbao (Alh\u00f3ndiga) desde las 10.00 horas y toda la informaci\u00f3n sobre esta iniciativa se puede consultar en la p\u00e1gina web de la Filmoteca de Cantabria Mario Camus.<\/p>\n","protected":false},"excerpt":{"rendered":"<p>Pablo Zuloaga asegura que esta jornada es \u201cun paso m\u00e1s en el apoyo e impulso que estamos dando desde la Consejer\u00eda de Cultura al sector audiovisual c\u00e1ntabro\u201d Santander, 5 de octubre de 2022.- La Consejer\u00eda de Cultura ha organizado junto a Zineuskadi un encuentro que se celebrar\u00e1 el 14 de noviembre en el Centro Azkuna [&hellip;]<\/p>\n","protected":false},"author":9,"featured_media":2885,"comment_status":"closed","ping_status":"closed","sticky":false,"template":"","format":"standard","meta":{"inline_featured_image":false,"footnotes":""},"categories":[4],"tags":[],"class_list":["post-2884","post","type-post","status-publish","format-standard","has-post-thumbnail","hentry","category-noticias"],"yoast_head":"<!-- This site is optimized with the Yoast SEO plugin v19.6.1 - https:\/\/yoast.com\/wordpress\/plugins\/seo\/ -->\n<title>Cultura organiza con Zineuskadi un encuentro para conectar los sectores audiovisuales de Cantabria y Pa\u00eds Vasco - Filmoteca de Cantabria Mario Camus | Santander | Torrelavega | Regi\u00f3n<\/title>\n<meta name=\"robots\" content=\"index, follow, max-snippet:-1, max-image-preview:large, max-video-preview:-1\" \/>\n<link rel=\"canonical\" href=\"https:\/\/filmotecacantabria.es\/es\/cultura-organiza-con-zineuskadi-un-encuentro-para-conectar-los-sectores-audiovisuales-de-cantabria-y-pais-vasco\/\" \/>\n<meta property=\"og:locale\" content=\"es_ES\" \/>\n<meta property=\"og:type\" content=\"article\" \/>\n<meta property=\"og:title\" content=\"Cultura organiza con Zineuskadi un encuentro para conectar los sectores audiovisuales de Cantabria y Pa\u00eds Vasco - Filmoteca de Cantabria Mario Camus | Santander | Torrelavega | Regi\u00f3n\" \/>\n<meta property=\"og:description\" content=\"Pablo Zuloaga asegura que esta jornada es \u201cun paso m\u00e1s en el apoyo e impulso que estamos dando desde la Consejer\u00eda de Cultura al sector audiovisual c\u00e1ntabro\u201d Santander, 5 de octubre de 2022.- La Consejer\u00eda de Cultura ha organizado junto a Zineuskadi un encuentro que se celebrar\u00e1 el 14 de noviembre en el Centro Azkuna [&hellip;]\" \/>\n<meta property=\"og:url\" content=\"https:\/\/filmotecacantabria.es\/es\/cultura-organiza-con-zineuskadi-un-encuentro-para-conectar-los-sectores-audiovisuales-de-cantabria-y-pais-vasco\/\" \/>\n<meta property=\"og:site_name\" content=\"Filmoteca de Cantabria Mario Camus | Santander | Torrelavega | Regi\u00f3n\" \/>\n<meta property=\"article:published_time\" content=\"2022-10-05T08:45:19+00:00\" \/>\n<meta property=\"og:image\" content=\"https:\/\/filmotecacantabria.es\/es\/wp-content\/uploads\/2022\/10\/thumbnail-foto-primer-dcp-18-de-enero-2020.jpg\" \/>\n\t<meta property=\"og:image:width\" content=\"1200\" \/>\n\t<meta property=\"og:image:height\" content=\"786\" \/>\n\t<meta property=\"og:image:type\" content=\"image\/jpeg\" \/>\n<meta name=\"author\" content=\"JavierRedondo\" \/>\n<meta name=\"twitter:card\" content=\"summary_large_image\" \/>\n<meta name=\"twitter:label1\" content=\"Escrito por\" \/>\n\t<meta name=\"twitter:data1\" content=\"JavierRedondo\" \/>\n\t<meta name=\"twitter:label2\" content=\"Tiempo de lectura\" \/>\n\t<meta name=\"twitter:data2\" content=\"2 minutos\" \/>\n<script type=\"application\/ld+json\" class=\"yoast-schema-graph\">{\"@context\":\"https:\/\/schema.org\",\"@graph\":[{\"@type\":\"Article\",\"@id\":\"https:\/\/filmotecacantabria.es\/es\/cultura-organiza-con-zineuskadi-un-encuentro-para-conectar-los-sectores-audiovisuales-de-cantabria-y-pais-vasco\/#article\",\"isPartOf\":{\"@id\":\"https:\/\/filmotecacantabria.es\/es\/cultura-organiza-con-zineuskadi-un-encuentro-para-conectar-los-sectores-audiovisuales-de-cantabria-y-pais-vasco\/\"},\"author\":{\"name\":\"JavierRedondo\",\"@id\":\"https:\/\/filmotecacantabria.es\/es\/#\/schema\/person\/06d6b27576c98088611161a8653de233\"},\"headline\":\"Cultura organiza con Zineuskadi un encuentro para conectar los sectores audiovisuales de Cantabria y Pa\u00eds Vasco\",\"datePublished\":\"2022-10-05T08:45:19+00:00\",\"dateModified\":\"2022-10-05T08:45:19+00:00\",\"mainEntityOfPage\":{\"@id\":\"https:\/\/filmotecacantabria.es\/es\/cultura-organiza-con-zineuskadi-un-encuentro-para-conectar-los-sectores-audiovisuales-de-cantabria-y-pais-vasco\/\"},\"wordCount\":456,\"publisher\":{\"@id\":\"https:\/\/filmotecacantabria.es\/es\/#organization\"},\"articleSection\":[\"Noticias\"],\"inLanguage\":\"es\"},{\"@type\":\"WebPage\",\"@id\":\"https:\/\/filmotecacantabria.es\/es\/cultura-organiza-con-zineuskadi-un-encuentro-para-conectar-los-sectores-audiovisuales-de-cantabria-y-pais-vasco\/\",\"url\":\"https:\/\/filmotecacantabria.es\/es\/cultura-organiza-con-zineuskadi-un-encuentro-para-conectar-los-sectores-audiovisuales-de-cantabria-y-pais-vasco\/\",\"name\":\"Cultura organiza con Zineuskadi un encuentro para conectar los sectores audiovisuales de Cantabria y Pa\u00eds Vasco - Filmoteca de Cantabria Mario Camus | Santander | Torrelavega | Regi\u00f3n\",\"isPartOf\":{\"@id\":\"https:\/\/filmotecacantabria.es\/es\/#website\"},\"datePublished\":\"2022-10-05T08:45:19+00:00\",\"dateModified\":\"2022-10-05T08:45:19+00:00\",\"breadcrumb\":{\"@id\":\"https:\/\/filmotecacantabria.es\/es\/cultura-organiza-con-zineuskadi-un-encuentro-para-conectar-los-sectores-audiovisuales-de-cantabria-y-pais-vasco\/#breadcrumb\"},\"inLanguage\":\"es\",\"potentialAction\":[{\"@type\":\"ReadAction\",\"target\":[\"https:\/\/filmotecacantabria.es\/es\/cultura-organiza-con-zineuskadi-un-encuentro-para-conectar-los-sectores-audiovisuales-de-cantabria-y-pais-vasco\/\"]}]},{\"@type\":\"BreadcrumbList\",\"@id\":\"https:\/\/filmotecacantabria.es\/es\/cultura-organiza-con-zineuskadi-un-encuentro-para-conectar-los-sectores-audiovisuales-de-cantabria-y-pais-vasco\/#breadcrumb\",\"itemListElement\":[{\"@type\":\"ListItem\",\"position\":1,\"name\":\"Portada\",\"item\":\"https:\/\/filmotecacantabria.es\/es\/inicio\/\"},{\"@type\":\"ListItem\",\"position\":2,\"name\":\"Cultura organiza con Zineuskadi un encuentro para conectar los sectores audiovisuales de Cantabria y Pa\u00eds Vasco\"}]},{\"@type\":\"WebSite\",\"@id\":\"https:\/\/filmotecacantabria.es\/es\/#website\",\"url\":\"https:\/\/filmotecacantabria.es\/es\/\",\"name\":\"Filmoteca de Cantabria Mario Camus | Santander | Torrelavega | Regi\u00f3n\",\"description\":\"Toda la programaci\u00f3n de las filmotecas de Cantabria Mario Camus.\",\"publisher\":{\"@id\":\"https:\/\/filmotecacantabria.es\/es\/#organization\"},\"potentialAction\":[{\"@type\":\"SearchAction\",\"target\":{\"@type\":\"EntryPoint\",\"urlTemplate\":\"https:\/\/filmotecacantabria.es\/es\/?s={search_term_string}\"},\"query-input\":\"required name=search_term_string\"}],\"inLanguage\":\"es\"},{\"@type\":\"Organization\",\"@id\":\"https:\/\/filmotecacantabria.es\/es\/#organization\",\"name\":\"Filmoteca de Cantabria Mario Camus | Santander | Torrelavega | Regi\u00f3n\",\"url\":\"https:\/\/filmotecacantabria.es\/es\/\",\"sameAs\":[],\"logo\":{\"@type\":\"ImageObject\",\"inLanguage\":\"es\",\"@id\":\"https:\/\/filmotecacantabria.es\/es\/#\/schema\/logo\/image\/\",\"url\":\"https:\/\/filmotecacantabria.es\/es\/wp-content\/uploads\/2021\/12\/logo-filmoteca-cantabria-1-mario-camus.png\",\"contentUrl\":\"https:\/\/filmotecacantabria.es\/es\/wp-content\/uploads\/2021\/12\/logo-filmoteca-cantabria-1-mario-camus.png\",\"width\":170,\"height\":183,\"caption\":\"Filmoteca de Cantabria Mario Camus | Santander | Torrelavega | Regi\u00f3n\"},\"image\":{\"@id\":\"https:\/\/filmotecacantabria.es\/es\/#\/schema\/logo\/image\/\"}},{\"@type\":\"Person\",\"@id\":\"https:\/\/filmotecacantabria.es\/es\/#\/schema\/person\/06d6b27576c98088611161a8653de233\",\"name\":\"JavierRedondo\",\"image\":{\"@type\":\"ImageObject\",\"inLanguage\":\"es\",\"@id\":\"https:\/\/filmotecacantabria.es\/es\/#\/schema\/person\/image\/\",\"url\":\"https:\/\/secure.gravatar.com\/avatar\/4b2f8666330831637b7358bfcec2185e?s=96&d=mm&r=g\",\"contentUrl\":\"https:\/\/secure.gravatar.com\/avatar\/4b2f8666330831637b7358bfcec2185e?s=96&d=mm&r=g\",\"caption\":\"JavierRedondo\"},\"sameAs\":[\"danae@semarac.com\"]}]}<\/script>\n<!-- \/ Yoast SEO plugin. -->","yoast_head_json":{"title":"Cultura organiza con Zineuskadi un encuentro para conectar los sectores audiovisuales de Cantabria y Pa\u00eds Vasco - Filmoteca de Cantabria Mario Camus | Santander | Torrelavega | Regi\u00f3n","robots":{"index":"index","follow":"follow","max-snippet":"max-snippet:-1","max-image-preview":"max-image-preview:large","max-video-preview":"max-video-preview:-1"},"canonical":"https:\/\/filmotecacantabria.es\/es\/cultura-organiza-con-zineuskadi-un-encuentro-para-conectar-los-sectores-audiovisuales-de-cantabria-y-pais-vasco\/","og_locale":"es_ES","og_type":"article","og_title":"Cultura organiza con Zineuskadi un encuentro para conectar los sectores audiovisuales de Cantabria y Pa\u00eds Vasco - Filmoteca de Cantabria Mario Camus | Santander | Torrelavega | Regi\u00f3n","og_description":"Pablo Zuloaga asegura que esta jornada es \u201cun paso m\u00e1s en el apoyo e impulso que estamos dando desde la Consejer\u00eda de Cultura al sector audiovisual c\u00e1ntabro\u201d Santander, 5 de octubre de 2022.- La Consejer\u00eda de Cultura ha organizado junto a Zineuskadi un encuentro que se celebrar\u00e1 el 14 de noviembre en el Centro Azkuna [&hellip;]","og_url":"https:\/\/filmotecacantabria.es\/es\/cultura-organiza-con-zineuskadi-un-encuentro-para-conectar-los-sectores-audiovisuales-de-cantabria-y-pais-vasco\/","og_site_name":"Filmoteca de Cantabria Mario Camus | Santander | Torrelavega | Regi\u00f3n","article_published_time":"2022-10-05T08:45:19+00:00","og_image":[{"width":1200,"height":786,"url":"https:\/\/filmotecacantabria.es\/es\/wp-content\/uploads\/2022\/10\/thumbnail-foto-primer-dcp-18-de-enero-2020.jpg","type":"image\/jpeg"}],"author":"JavierRedondo","twitter_card":"summary_large_image","twitter_misc":{"Escrito por":"JavierRedondo","Tiempo de lectura":"2 minutos"},"schema":{"@context":"https:\/\/schema.org","@graph":[{"@type":"Article","@id":"https:\/\/filmotecacantabria.es\/es\/cultura-organiza-con-zineuskadi-un-encuentro-para-conectar-los-sectores-audiovisuales-de-cantabria-y-pais-vasco\/#article","isPartOf":{"@id":"https:\/\/filmotecacantabria.es\/es\/cultura-organiza-con-zineuskadi-un-encuentro-para-conectar-los-sectores-audiovisuales-de-cantabria-y-pais-vasco\/"},"author":{"name":"JavierRedondo","@id":"https:\/\/filmotecacantabria.es\/es\/#\/schema\/person\/06d6b27576c98088611161a8653de233"},"headline":"Cultura organiza con Zineuskadi un encuentro para conectar los sectores audiovisuales de Cantabria y Pa\u00eds Vasco","datePublished":"2022-10-05T08:45:19+00:00","dateModified":"2022-10-05T08:45:19+00:00","mainEntityOfPage":{"@id":"https:\/\/filmotecacantabria.es\/es\/cultura-organiza-con-zineuskadi-un-encuentro-para-conectar-los-sectores-audiovisuales-de-cantabria-y-pais-vasco\/"},"wordCount":456,"publisher":{"@id":"https:\/\/filmotecacantabria.es\/es\/#organization"},"articleSection":["Noticias"],"inLanguage":"es"},{"@type":"WebPage","@id":"https:\/\/filmotecacantabria.es\/es\/cultura-organiza-con-zineuskadi-un-encuentro-para-conectar-los-sectores-audiovisuales-de-cantabria-y-pais-vasco\/","url":"https:\/\/filmotecacantabria.es\/es\/cultura-organiza-con-zineuskadi-un-encuentro-para-conectar-los-sectores-audiovisuales-de-cantabria-y-pais-vasco\/","name":"Cultura organiza con Zineuskadi un encuentro para conectar los sectores audiovisuales de Cantabria y Pa\u00eds Vasco - Filmoteca de Cantabria Mario Camus | Santander | Torrelavega | Regi\u00f3n","isPartOf":{"@id":"https:\/\/filmotecacantabria.es\/es\/#website"},"datePublished":"2022-10-05T08:45:19+00:00","dateModified":"2022-10-05T08:45:19+00:00","breadcrumb":{"@id":"https:\/\/filmotecacantabria.es\/es\/cultura-organiza-con-zineuskadi-un-encuentro-para-conectar-los-sectores-audiovisuales-de-cantabria-y-pais-vasco\/#breadcrumb"},"inLanguage":"es","potentialAction":[{"@type":"ReadAction","target":["https:\/\/filmotecacantabria.es\/es\/cultura-organiza-con-zineuskadi-un-encuentro-para-conectar-los-sectores-audiovisuales-de-cantabria-y-pais-vasco\/"]}]},{"@type":"BreadcrumbList","@id":"https:\/\/filmotecacantabria.es\/es\/cultura-organiza-con-zineuskadi-un-encuentro-para-conectar-los-sectores-audiovisuales-de-cantabria-y-pais-vasco\/#breadcrumb","itemListElement":[{"@type":"ListItem","position":1,"name":"Portada","item":"https:\/\/filmotecacantabria.es\/es\/inicio\/"},{"@type":"ListItem","position":2,"name":"Cultura organiza con Zineuskadi un encuentro para conectar los sectores audiovisuales de Cantabria y Pa\u00eds Vasco"}]},{"@type":"WebSite","@id":"https:\/\/filmotecacantabria.es\/es\/#website","url":"https:\/\/filmotecacantabria.es\/es\/","name":"Filmoteca de Cantabria Mario Camus | Santander | Torrelavega | Regi\u00f3n","description":"Toda la programaci\u00f3n de las filmotecas de Cantabria Mario Camus.","publisher":{"@id":"https:\/\/filmotecacantabria.es\/es\/#organization"},"potentialAction":[{"@type":"SearchAction","target":{"@type":"EntryPoint","urlTemplate":"https:\/\/filmotecacantabria.es\/es\/?s={search_term_string}"},"query-input":"required name=search_term_string"}],"inLanguage":"es"},{"@type":"Organization","@id":"https:\/\/filmotecacantabria.es\/es\/#organization","name":"Filmoteca de Cantabria Mario Camus | Santander | Torrelavega | Regi\u00f3n","url":"https:\/\/filmotecacantabria.es\/es\/","sameAs":[],"logo":{"@type":"ImageObject","inLanguage":"es","@id":"https:\/\/filmotecacantabria.es\/es\/#\/schema\/logo\/image\/","url":"https:\/\/filmotecacantabria.es\/es\/wp-content\/uploads\/2021\/12\/logo-filmoteca-cantabria-1-mario-camus.png","contentUrl":"https:\/\/filmotecacantabria.es\/es\/wp-content\/uploads\/2021\/12\/logo-filmoteca-cantabria-1-mario-camus.png","width":170,"height":183,"caption":"Filmoteca de Cantabria Mario Camus | Santander | Torrelavega | Regi\u00f3n"},"image":{"@id":"https:\/\/filmotecacantabria.es\/es\/#\/schema\/logo\/image\/"}},{"@type":"Person","@id":"https:\/\/filmotecacantabria.es\/es\/#\/schema\/person\/06d6b27576c98088611161a8653de233","name":"JavierRedondo","image":{"@type":"ImageObject","inLanguage":"es","@id":"https:\/\/filmotecacantabria.es\/es\/#\/schema\/person\/image\/","url":"https:\/\/secure.gravatar.com\/avatar\/4b2f8666330831637b7358bfcec2185e?s=96&d=mm&r=g","contentUrl":"https:\/\/secure.gravatar.com\/avatar\/4b2f8666330831637b7358bfcec2185e?s=96&d=mm&r=g","caption":"JavierRedondo"},"sameAs":["danae@semarac.com"]}]}},"_links":{"self":[{"href":"https:\/\/filmotecacantabria.es\/es\/wp-json\/wp\/v2\/posts\/2884"}],"collection":[{"href":"https:\/\/filmotecacantabria.es\/es\/wp-json\/wp\/v2\/posts"}],"about":[{"href":"https:\/\/filmotecacantabria.es\/es\/wp-json\/wp\/v2\/types\/post"}],"author":[{"embeddable":true,"href":"https:\/\/filmotecacantabria.es\/es\/wp-json\/wp\/v2\/users\/9"}],"replies":[{"embeddable":true,"href":"https:\/\/filmotecacantabria.es\/es\/wp-json\/wp\/v2\/comments?post=2884"}],"version-history":[{"count":2,"href":"https:\/\/filmotecacantabria.es\/es\/wp-json\/wp\/v2\/posts\/2884\/revisions"}],"predecessor-version":[{"id":2887,"href":"https:\/\/filmotecacantabria.es\/es\/wp-json\/wp\/v2\/posts\/2884\/revisions\/2887"}],"wp:featuredmedia":[{"embeddable":true,"href":"https:\/\/filmotecacantabria.es\/es\/wp-json\/wp\/v2\/media\/2885"}],"wp:attachment":[{"href":"https:\/\/filmotecacantabria.es\/es\/wp-json\/wp\/v2\/media?parent=2884"}],"wp:term":[{"taxonomy":"category","embeddable":true,"href":"https:\/\/filmotecacantabria.es\/es\/wp-json\/wp\/v2\/categories?post=2884"},{"taxonomy":"post_tag","embeddable":true,"href":"https:\/\/filmotecacantabria.es\/es\/wp-json\/wp\/v2\/tags?post=2884"}],"curies":[{"name":"wp","href":"https:\/\/api.w.org\/{rel}","templated":true}]}}