{"id":2875,"date":"2022-10-04T19:37:13","date_gmt":"2022-10-04T17:37:13","guid":{"rendered":"https:\/\/filmotecacantabria.es\/es\/?p=2875"},"modified":"2022-10-04T21:10:26","modified_gmt":"2022-10-04T19:10:26","slug":"cantabria-acoge-el-primer-encuentro-nacional-de-filmotecas-dedicado-a-abordar-los-retos-de-la-difusion-cinematografica","status":"publish","type":"post","link":"https:\/\/filmotecacantabria.es\/es\/cantabria-acoge-el-primer-encuentro-nacional-de-filmotecas-dedicado-a-abordar-los-retos-de-la-difusion-cinematografica\/","title":{"rendered":"Cantabria acoge el primer encuentro nacional de programadores de filmotecas dedicado a abordar los retos de la difusi\u00f3n cinematogr\u00e1fica"},"content":{"rendered":"<p><strong>Santander, 4 de octubre de 2022.-<\/strong> La Filmoteca de Cantabria Mario Camus ha acogido durante los dos \u00faltimos d\u00edas el primer encuentro nacional de programadores de filmotecas, en el que se han abordado los retos de la difusi\u00f3n cinematogr\u00e1fica, entre otros asuntos de inter\u00e9s.<\/p>\n<p>Han participado en este encuentro la Filmoteca Espa\u00f1ola, la de Valencia, la de Andaluc\u00eda, la del Pa\u00eds Vasco, la de Navarra, la de Murcia, la de Albacete y la de La Rioja, adem\u00e1s de la Cantabria.<\/p>\n<p>Durante el encuentro se ha reflexionado sobre la situaci\u00f3n actual de la exhibici\u00f3n cinematogr\u00e1fica en sus salas dentro del contexto general del cine en Espa\u00f1a.<\/p>\n<p>Para ello se ha debatido sobre los p\u00fablicos, las estrategias de fidelizaci\u00f3n, la conceptualizaci\u00f3n de la programaci\u00f3n de una filmoteca, las mec\u00e1nicas de gesti\u00f3n y las colaboraciones de las mismas, entre otros temas.<\/p>\n<p>Si las filmotecas nacieron en un primer momento para preservar un legado que se desvanec\u00eda, que se perd\u00eda e incluso destru\u00eda, la programaci\u00f3n en las filmotecas surge de la necesidad de mantener el legado intangible que supone la experiencia cinematogr\u00e1fica en la sala de cine, el visionado de pel\u00edculas que se concibieron para ser vistas de esta forma.<\/p>\n<p>De esta forma, las filmotecas se ocupan de dar a conocer la cada vez m\u00e1s extensa historia del cine desde las m\u00faltiples perspectivas desde las que se puede abordar, articulando su programaci\u00f3n a trav\u00e9s de ciclos que acerquen el conocimiento de s\u00e9ptimo arte.<\/p>\n<p>Las jornadas, que han contado con los responsables de programaci\u00f3n de las diferentes filmotecas auton\u00f3micas y espa\u00f1ola, se han desarrollado en la sede de la Filmoteca de Cantabria Mario Camus.<\/p>\n","protected":false},"excerpt":{"rendered":"<p>Santander, 4 de octubre de 2022.- La Filmoteca de Cantabria Mario Camus ha acogido durante los dos \u00faltimos d\u00edas el primer encuentro nacional de programadores de filmotecas, en el que se han abordado los retos de la difusi\u00f3n cinematogr\u00e1fica, entre otros asuntos de inter\u00e9s. Han participado en este encuentro la Filmoteca Espa\u00f1ola, la de Valencia, [&hellip;]<\/p>\n","protected":false},"author":11,"featured_media":2876,"comment_status":"closed","ping_status":"closed","sticky":false,"template":"","format":"standard","meta":{"inline_featured_image":false,"footnotes":""},"categories":[4],"tags":[],"class_list":["post-2875","post","type-post","status-publish","format-standard","has-post-thumbnail","hentry","category-noticias"],"yoast_head":"<!-- This site is optimized with the Yoast SEO plugin v19.6.1 - https:\/\/yoast.com\/wordpress\/plugins\/seo\/ -->\n<title>Cantabria acoge el primer encuentro nacional de programadores de filmotecas dedicado a abordar los retos de la difusi\u00f3n cinematogr\u00e1fica - Filmoteca de Cantabria Mario Camus | Santander | Torrelavega | Regi\u00f3n<\/title>\n<meta name=\"robots\" content=\"index, follow, max-snippet:-1, max-image-preview:large, max-video-preview:-1\" \/>\n<link rel=\"canonical\" href=\"https:\/\/filmotecacantabria.es\/es\/cantabria-acoge-el-primer-encuentro-nacional-de-filmotecas-dedicado-a-abordar-los-retos-de-la-difusion-cinematografica\/\" \/>\n<meta property=\"og:locale\" content=\"es_ES\" \/>\n<meta property=\"og:type\" content=\"article\" \/>\n<meta property=\"og:title\" content=\"Cantabria acoge el primer encuentro nacional de programadores de filmotecas dedicado a abordar los retos de la difusi\u00f3n cinematogr\u00e1fica - Filmoteca de Cantabria Mario Camus | Santander | Torrelavega | Regi\u00f3n\" \/>\n<meta property=\"og:description\" content=\"Santander, 4 de octubre de 2022.- La Filmoteca de Cantabria Mario Camus ha acogido durante los dos \u00faltimos d\u00edas el primer encuentro nacional de programadores de filmotecas, en el que se han abordado los retos de la difusi\u00f3n cinematogr\u00e1fica, entre otros asuntos de inter\u00e9s. Han participado en este encuentro la Filmoteca Espa\u00f1ola, la de Valencia, [&hellip;]\" \/>\n<meta property=\"og:url\" content=\"https:\/\/filmotecacantabria.es\/es\/cantabria-acoge-el-primer-encuentro-nacional-de-filmotecas-dedicado-a-abordar-los-retos-de-la-difusion-cinematografica\/\" \/>\n<meta property=\"og:site_name\" content=\"Filmoteca de Cantabria Mario Camus | Santander | Torrelavega | Regi\u00f3n\" \/>\n<meta property=\"article:published_time\" content=\"2022-10-04T17:37:13+00:00\" \/>\n<meta property=\"article:modified_time\" content=\"2022-10-04T19:10:26+00:00\" \/>\n<meta property=\"og:image\" content=\"https:\/\/filmotecacantabria.es\/es\/wp-content\/uploads\/2022\/10\/encuentro-filmos-oct-2022.jpg\" \/>\n\t<meta property=\"og:image:width\" content=\"1024\" \/>\n\t<meta property=\"og:image:height\" content=\"698\" \/>\n\t<meta property=\"og:image:type\" content=\"image\/jpeg\" \/>\n<meta name=\"author\" content=\"belen.cordoba@srecd.es\" \/>\n<meta name=\"twitter:card\" content=\"summary_large_image\" \/>\n<meta name=\"twitter:label1\" content=\"Escrito por\" \/>\n\t<meta name=\"twitter:data1\" content=\"belen.cordoba@srecd.es\" \/>\n\t<meta name=\"twitter:label2\" content=\"Tiempo de lectura\" \/>\n\t<meta name=\"twitter:data2\" content=\"2 minutos\" \/>\n<script type=\"application\/ld+json\" class=\"yoast-schema-graph\">{\"@context\":\"https:\/\/schema.org\",\"@graph\":[{\"@type\":\"Article\",\"@id\":\"https:\/\/filmotecacantabria.es\/es\/cantabria-acoge-el-primer-encuentro-nacional-de-filmotecas-dedicado-a-abordar-los-retos-de-la-difusion-cinematografica\/#article\",\"isPartOf\":{\"@id\":\"https:\/\/filmotecacantabria.es\/es\/cantabria-acoge-el-primer-encuentro-nacional-de-filmotecas-dedicado-a-abordar-los-retos-de-la-difusion-cinematografica\/\"},\"author\":{\"name\":\"belen.cordoba@srecd.es\",\"@id\":\"https:\/\/filmotecacantabria.es\/es\/#\/schema\/person\/86205b2ac543405aae888afb3afdb6d8\"},\"headline\":\"Cantabria acoge el primer encuentro nacional de programadores de filmotecas dedicado a abordar los retos de la difusi\u00f3n cinematogr\u00e1fica\",\"datePublished\":\"2022-10-04T17:37:13+00:00\",\"dateModified\":\"2022-10-04T19:10:26+00:00\",\"mainEntityOfPage\":{\"@id\":\"https:\/\/filmotecacantabria.es\/es\/cantabria-acoge-el-primer-encuentro-nacional-de-filmotecas-dedicado-a-abordar-los-retos-de-la-difusion-cinematografica\/\"},\"wordCount\":321,\"publisher\":{\"@id\":\"https:\/\/filmotecacantabria.es\/es\/#organization\"},\"articleSection\":[\"Noticias\"],\"inLanguage\":\"es\"},{\"@type\":\"WebPage\",\"@id\":\"https:\/\/filmotecacantabria.es\/es\/cantabria-acoge-el-primer-encuentro-nacional-de-filmotecas-dedicado-a-abordar-los-retos-de-la-difusion-cinematografica\/\",\"url\":\"https:\/\/filmotecacantabria.es\/es\/cantabria-acoge-el-primer-encuentro-nacional-de-filmotecas-dedicado-a-abordar-los-retos-de-la-difusion-cinematografica\/\",\"name\":\"Cantabria acoge el primer encuentro nacional de programadores de filmotecas dedicado a abordar los retos de la difusi\u00f3n cinematogr\u00e1fica - Filmoteca de Cantabria Mario Camus | Santander | Torrelavega | Regi\u00f3n\",\"isPartOf\":{\"@id\":\"https:\/\/filmotecacantabria.es\/es\/#website\"},\"datePublished\":\"2022-10-04T17:37:13+00:00\",\"dateModified\":\"2022-10-04T19:10:26+00:00\",\"breadcrumb\":{\"@id\":\"https:\/\/filmotecacantabria.es\/es\/cantabria-acoge-el-primer-encuentro-nacional-de-filmotecas-dedicado-a-abordar-los-retos-de-la-difusion-cinematografica\/#breadcrumb\"},\"inLanguage\":\"es\",\"potentialAction\":[{\"@type\":\"ReadAction\",\"target\":[\"https:\/\/filmotecacantabria.es\/es\/cantabria-acoge-el-primer-encuentro-nacional-de-filmotecas-dedicado-a-abordar-los-retos-de-la-difusion-cinematografica\/\"]}]},{\"@type\":\"BreadcrumbList\",\"@id\":\"https:\/\/filmotecacantabria.es\/es\/cantabria-acoge-el-primer-encuentro-nacional-de-filmotecas-dedicado-a-abordar-los-retos-de-la-difusion-cinematografica\/#breadcrumb\",\"itemListElement\":[{\"@type\":\"ListItem\",\"position\":1,\"name\":\"Portada\",\"item\":\"https:\/\/filmotecacantabria.es\/es\/inicio\/\"},{\"@type\":\"ListItem\",\"position\":2,\"name\":\"Cantabria acoge el primer encuentro nacional de programadores de filmotecas dedicado a abordar los retos de la difusi\u00f3n cinematogr\u00e1fica\"}]},{\"@type\":\"WebSite\",\"@id\":\"https:\/\/filmotecacantabria.es\/es\/#website\",\"url\":\"https:\/\/filmotecacantabria.es\/es\/\",\"name\":\"Filmoteca de Cantabria Mario Camus | Santander | Torrelavega | Regi\u00f3n\",\"description\":\"Toda la programaci\u00f3n de las filmotecas de Cantabria Mario Camus.\",\"publisher\":{\"@id\":\"https:\/\/filmotecacantabria.es\/es\/#organization\"},\"potentialAction\":[{\"@type\":\"SearchAction\",\"target\":{\"@type\":\"EntryPoint\",\"urlTemplate\":\"https:\/\/filmotecacantabria.es\/es\/?s={search_term_string}\"},\"query-input\":\"required name=search_term_string\"}],\"inLanguage\":\"es\"},{\"@type\":\"Organization\",\"@id\":\"https:\/\/filmotecacantabria.es\/es\/#organization\",\"name\":\"Filmoteca de Cantabria Mario Camus | Santander | Torrelavega | Regi\u00f3n\",\"url\":\"https:\/\/filmotecacantabria.es\/es\/\",\"sameAs\":[],\"logo\":{\"@type\":\"ImageObject\",\"inLanguage\":\"es\",\"@id\":\"https:\/\/filmotecacantabria.es\/es\/#\/schema\/logo\/image\/\",\"url\":\"https:\/\/filmotecacantabria.es\/es\/wp-content\/uploads\/2021\/12\/logo-filmoteca-cantabria-1-mario-camus.png\",\"contentUrl\":\"https:\/\/filmotecacantabria.es\/es\/wp-content\/uploads\/2021\/12\/logo-filmoteca-cantabria-1-mario-camus.png\",\"width\":170,\"height\":183,\"caption\":\"Filmoteca de Cantabria Mario Camus | Santander | Torrelavega | Regi\u00f3n\"},\"image\":{\"@id\":\"https:\/\/filmotecacantabria.es\/es\/#\/schema\/logo\/image\/\"}},{\"@type\":\"Person\",\"@id\":\"https:\/\/filmotecacantabria.es\/es\/#\/schema\/person\/86205b2ac543405aae888afb3afdb6d8\",\"name\":\"belen.cordoba@srecd.es\",\"image\":{\"@type\":\"ImageObject\",\"inLanguage\":\"es\",\"@id\":\"https:\/\/filmotecacantabria.es\/es\/#\/schema\/person\/image\/\",\"url\":\"https:\/\/secure.gravatar.com\/avatar\/a185108474f14fc94f32f86115d60aeb?s=96&d=mm&r=g\",\"contentUrl\":\"https:\/\/secure.gravatar.com\/avatar\/a185108474f14fc94f32f86115d60aeb?s=96&d=mm&r=g\",\"caption\":\"belen.cordoba@srecd.es\"}}]}<\/script>\n<!-- \/ Yoast SEO plugin. -->","yoast_head_json":{"title":"Cantabria acoge el primer encuentro nacional de programadores de filmotecas dedicado a abordar los retos de la difusi\u00f3n cinematogr\u00e1fica - Filmoteca de Cantabria Mario Camus | Santander | Torrelavega | Regi\u00f3n","robots":{"index":"index","follow":"follow","max-snippet":"max-snippet:-1","max-image-preview":"max-image-preview:large","max-video-preview":"max-video-preview:-1"},"canonical":"https:\/\/filmotecacantabria.es\/es\/cantabria-acoge-el-primer-encuentro-nacional-de-filmotecas-dedicado-a-abordar-los-retos-de-la-difusion-cinematografica\/","og_locale":"es_ES","og_type":"article","og_title":"Cantabria acoge el primer encuentro nacional de programadores de filmotecas dedicado a abordar los retos de la difusi\u00f3n cinematogr\u00e1fica - Filmoteca de Cantabria Mario Camus | Santander | Torrelavega | Regi\u00f3n","og_description":"Santander, 4 de octubre de 2022.- La Filmoteca de Cantabria Mario Camus ha acogido durante los dos \u00faltimos d\u00edas el primer encuentro nacional de programadores de filmotecas, en el que se han abordado los retos de la difusi\u00f3n cinematogr\u00e1fica, entre otros asuntos de inter\u00e9s. Han participado en este encuentro la Filmoteca Espa\u00f1ola, la de Valencia, [&hellip;]","og_url":"https:\/\/filmotecacantabria.es\/es\/cantabria-acoge-el-primer-encuentro-nacional-de-filmotecas-dedicado-a-abordar-los-retos-de-la-difusion-cinematografica\/","og_site_name":"Filmoteca de Cantabria Mario Camus | Santander | Torrelavega | Regi\u00f3n","article_published_time":"2022-10-04T17:37:13+00:00","article_modified_time":"2022-10-04T19:10:26+00:00","og_image":[{"width":1024,"height":698,"url":"https:\/\/filmotecacantabria.es\/es\/wp-content\/uploads\/2022\/10\/encuentro-filmos-oct-2022.jpg","type":"image\/jpeg"}],"author":"belen.cordoba@srecd.es","twitter_card":"summary_large_image","twitter_misc":{"Escrito por":"belen.cordoba@srecd.es","Tiempo de lectura":"2 minutos"},"schema":{"@context":"https:\/\/schema.org","@graph":[{"@type":"Article","@id":"https:\/\/filmotecacantabria.es\/es\/cantabria-acoge-el-primer-encuentro-nacional-de-filmotecas-dedicado-a-abordar-los-retos-de-la-difusion-cinematografica\/#article","isPartOf":{"@id":"https:\/\/filmotecacantabria.es\/es\/cantabria-acoge-el-primer-encuentro-nacional-de-filmotecas-dedicado-a-abordar-los-retos-de-la-difusion-cinematografica\/"},"author":{"name":"belen.cordoba@srecd.es","@id":"https:\/\/filmotecacantabria.es\/es\/#\/schema\/person\/86205b2ac543405aae888afb3afdb6d8"},"headline":"Cantabria acoge el primer encuentro nacional de programadores de filmotecas dedicado a abordar los retos de la difusi\u00f3n cinematogr\u00e1fica","datePublished":"2022-10-04T17:37:13+00:00","dateModified":"2022-10-04T19:10:26+00:00","mainEntityOfPage":{"@id":"https:\/\/filmotecacantabria.es\/es\/cantabria-acoge-el-primer-encuentro-nacional-de-filmotecas-dedicado-a-abordar-los-retos-de-la-difusion-cinematografica\/"},"wordCount":321,"publisher":{"@id":"https:\/\/filmotecacantabria.es\/es\/#organization"},"articleSection":["Noticias"],"inLanguage":"es"},{"@type":"WebPage","@id":"https:\/\/filmotecacantabria.es\/es\/cantabria-acoge-el-primer-encuentro-nacional-de-filmotecas-dedicado-a-abordar-los-retos-de-la-difusion-cinematografica\/","url":"https:\/\/filmotecacantabria.es\/es\/cantabria-acoge-el-primer-encuentro-nacional-de-filmotecas-dedicado-a-abordar-los-retos-de-la-difusion-cinematografica\/","name":"Cantabria acoge el primer encuentro nacional de programadores de filmotecas dedicado a abordar los retos de la difusi\u00f3n cinematogr\u00e1fica - Filmoteca de Cantabria Mario Camus | Santander | Torrelavega | Regi\u00f3n","isPartOf":{"@id":"https:\/\/filmotecacantabria.es\/es\/#website"},"datePublished":"2022-10-04T17:37:13+00:00","dateModified":"2022-10-04T19:10:26+00:00","breadcrumb":{"@id":"https:\/\/filmotecacantabria.es\/es\/cantabria-acoge-el-primer-encuentro-nacional-de-filmotecas-dedicado-a-abordar-los-retos-de-la-difusion-cinematografica\/#breadcrumb"},"inLanguage":"es","potentialAction":[{"@type":"ReadAction","target":["https:\/\/filmotecacantabria.es\/es\/cantabria-acoge-el-primer-encuentro-nacional-de-filmotecas-dedicado-a-abordar-los-retos-de-la-difusion-cinematografica\/"]}]},{"@type":"BreadcrumbList","@id":"https:\/\/filmotecacantabria.es\/es\/cantabria-acoge-el-primer-encuentro-nacional-de-filmotecas-dedicado-a-abordar-los-retos-de-la-difusion-cinematografica\/#breadcrumb","itemListElement":[{"@type":"ListItem","position":1,"name":"Portada","item":"https:\/\/filmotecacantabria.es\/es\/inicio\/"},{"@type":"ListItem","position":2,"name":"Cantabria acoge el primer encuentro nacional de programadores de filmotecas dedicado a abordar los retos de la difusi\u00f3n cinematogr\u00e1fica"}]},{"@type":"WebSite","@id":"https:\/\/filmotecacantabria.es\/es\/#website","url":"https:\/\/filmotecacantabria.es\/es\/","name":"Filmoteca de Cantabria Mario Camus | Santander | Torrelavega | Regi\u00f3n","description":"Toda la programaci\u00f3n de las filmotecas de Cantabria Mario Camus.","publisher":{"@id":"https:\/\/filmotecacantabria.es\/es\/#organization"},"potentialAction":[{"@type":"SearchAction","target":{"@type":"EntryPoint","urlTemplate":"https:\/\/filmotecacantabria.es\/es\/?s={search_term_string}"},"query-input":"required name=search_term_string"}],"inLanguage":"es"},{"@type":"Organization","@id":"https:\/\/filmotecacantabria.es\/es\/#organization","name":"Filmoteca de Cantabria Mario Camus | Santander | Torrelavega | Regi\u00f3n","url":"https:\/\/filmotecacantabria.es\/es\/","sameAs":[],"logo":{"@type":"ImageObject","inLanguage":"es","@id":"https:\/\/filmotecacantabria.es\/es\/#\/schema\/logo\/image\/","url":"https:\/\/filmotecacantabria.es\/es\/wp-content\/uploads\/2021\/12\/logo-filmoteca-cantabria-1-mario-camus.png","contentUrl":"https:\/\/filmotecacantabria.es\/es\/wp-content\/uploads\/2021\/12\/logo-filmoteca-cantabria-1-mario-camus.png","width":170,"height":183,"caption":"Filmoteca de Cantabria Mario Camus | Santander | Torrelavega | Regi\u00f3n"},"image":{"@id":"https:\/\/filmotecacantabria.es\/es\/#\/schema\/logo\/image\/"}},{"@type":"Person","@id":"https:\/\/filmotecacantabria.es\/es\/#\/schema\/person\/86205b2ac543405aae888afb3afdb6d8","name":"belen.cordoba@srecd.es","image":{"@type":"ImageObject","inLanguage":"es","@id":"https:\/\/filmotecacantabria.es\/es\/#\/schema\/person\/image\/","url":"https:\/\/secure.gravatar.com\/avatar\/a185108474f14fc94f32f86115d60aeb?s=96&d=mm&r=g","contentUrl":"https:\/\/secure.gravatar.com\/avatar\/a185108474f14fc94f32f86115d60aeb?s=96&d=mm&r=g","caption":"belen.cordoba@srecd.es"}}]}},"_links":{"self":[{"href":"https:\/\/filmotecacantabria.es\/es\/wp-json\/wp\/v2\/posts\/2875"}],"collection":[{"href":"https:\/\/filmotecacantabria.es\/es\/wp-json\/wp\/v2\/posts"}],"about":[{"href":"https:\/\/filmotecacantabria.es\/es\/wp-json\/wp\/v2\/types\/post"}],"author":[{"embeddable":true,"href":"https:\/\/filmotecacantabria.es\/es\/wp-json\/wp\/v2\/users\/11"}],"replies":[{"embeddable":true,"href":"https:\/\/filmotecacantabria.es\/es\/wp-json\/wp\/v2\/comments?post=2875"}],"version-history":[{"count":3,"href":"https:\/\/filmotecacantabria.es\/es\/wp-json\/wp\/v2\/posts\/2875\/revisions"}],"predecessor-version":[{"id":2883,"href":"https:\/\/filmotecacantabria.es\/es\/wp-json\/wp\/v2\/posts\/2875\/revisions\/2883"}],"wp:featuredmedia":[{"embeddable":true,"href":"https:\/\/filmotecacantabria.es\/es\/wp-json\/wp\/v2\/media\/2876"}],"wp:attachment":[{"href":"https:\/\/filmotecacantabria.es\/es\/wp-json\/wp\/v2\/media?parent=2875"}],"wp:term":[{"taxonomy":"category","embeddable":true,"href":"https:\/\/filmotecacantabria.es\/es\/wp-json\/wp\/v2\/categories?post=2875"},{"taxonomy":"post_tag","embeddable":true,"href":"https:\/\/filmotecacantabria.es\/es\/wp-json\/wp\/v2\/tags?post=2875"}],"curies":[{"name":"wp","href":"https:\/\/api.w.org\/{rel}","templated":true}]}}