{"id":2863,"date":"2022-10-04T11:18:34","date_gmt":"2022-10-04T09:18:34","guid":{"rendered":"https:\/\/filmotecacantabria.es\/es\/?p=2863"},"modified":"2022-10-04T11:18:34","modified_gmt":"2022-10-04T09:18:34","slug":"abierta-la-inscripcion-para-el-dcp15-y-para-el-tercer-taller-de-impulso-de-proyectos-cinematograficos-que-pone-en-marcha-cultura","status":"publish","type":"post","link":"https:\/\/filmotecacantabria.es\/es\/abierta-la-inscripcion-para-el-dcp15-y-para-el-tercer-taller-de-impulso-de-proyectos-cinematograficos-que-pone-en-marcha-cultura\/","title":{"rendered":"Abierta la inscripci\u00f3n para el DCP15 y para el tercer taller de impulso de proyectos cinematogr\u00e1ficos que pone en marcha Cultura"},"content":{"rendered":"<p><img loading=\"lazy\" decoding=\"async\" class=\"alignnone size-medium wp-image-2846\" src=\"https:\/\/filmotecacantabria.es\/es\/wp-content\/uploads\/2022\/10\/tarjeton-dcp15-1-249x300.jpg\" alt=\"\" width=\"249\" height=\"300\" srcset=\"https:\/\/filmotecacantabria.es\/es\/wp-content\/uploads\/2022\/10\/tarjeton-dcp15-1-249x300.jpg 249w, https:\/\/filmotecacantabria.es\/es\/wp-content\/uploads\/2022\/10\/tarjeton-dcp15-1-854x1030.jpg 854w, https:\/\/filmotecacantabria.es\/es\/wp-content\/uploads\/2022\/10\/tarjeton-dcp15-1-166x200.jpg 166w, https:\/\/filmotecacantabria.es\/es\/wp-content\/uploads\/2022\/10\/tarjeton-dcp15-1-768x926.jpg 768w, https:\/\/filmotecacantabria.es\/es\/wp-content\/uploads\/2022\/10\/tarjeton-dcp15-1-1274x1536.jpg 1274w, https:\/\/filmotecacantabria.es\/es\/wp-content\/uploads\/2022\/10\/tarjeton-dcp15-1-1699x2048.jpg 1699w, https:\/\/filmotecacantabria.es\/es\/wp-content\/uploads\/2022\/10\/tarjeton-dcp15-1-1244x1500.jpg 1244w, https:\/\/filmotecacantabria.es\/es\/wp-content\/uploads\/2022\/10\/tarjeton-dcp15-1-585x705.jpg 585w, https:\/\/filmotecacantabria.es\/es\/wp-content\/uploads\/2022\/10\/tarjeton-dcp15-1.jpg 2008w\" sizes=\"(max-width: 249px) 100vw, 249px\" \/>\u00a0 \u00a0 \u00a0 \u00a0 <img loading=\"lazy\" decoding=\"async\" class=\"alignnone size-medium wp-image-2850\" src=\"https:\/\/filmotecacantabria.es\/es\/wp-content\/uploads\/2022\/10\/folleto-dcp-16-1-249x300.jpg\" alt=\"\" width=\"249\" height=\"300\" srcset=\"https:\/\/filmotecacantabria.es\/es\/wp-content\/uploads\/2022\/10\/folleto-dcp-16-1-249x300.jpg 249w, https:\/\/filmotecacantabria.es\/es\/wp-content\/uploads\/2022\/10\/folleto-dcp-16-1-854x1030.jpg 854w, https:\/\/filmotecacantabria.es\/es\/wp-content\/uploads\/2022\/10\/folleto-dcp-16-1-166x200.jpg 166w, https:\/\/filmotecacantabria.es\/es\/wp-content\/uploads\/2022\/10\/folleto-dcp-16-1-768x926.jpg 768w, https:\/\/filmotecacantabria.es\/es\/wp-content\/uploads\/2022\/10\/folleto-dcp-16-1-1274x1536.jpg 1274w, https:\/\/filmotecacantabria.es\/es\/wp-content\/uploads\/2022\/10\/folleto-dcp-16-1-1699x2048.jpg 1699w, https:\/\/filmotecacantabria.es\/es\/wp-content\/uploads\/2022\/10\/folleto-dcp-16-1-1244x1500.jpg 1244w, https:\/\/filmotecacantabria.es\/es\/wp-content\/uploads\/2022\/10\/folleto-dcp-16-1-585x705.jpg 585w, https:\/\/filmotecacantabria.es\/es\/wp-content\/uploads\/2022\/10\/folleto-dcp-16-1.jpg 2008w\" sizes=\"(max-width: 249px) 100vw, 249px\" \/><\/p>\n<p><strong>Manu Calvo protagoniza el 29 de octubre una jornada formativa centrada en el ayudante de direcci\u00f3n e Isona Admetlla volver\u00e1 a dirigir una iniciativa que cuenta con la colaboraci\u00f3n de los festivales de cine de San Sebasti\u00e1n, Albacete y M\u00e1laga<\/strong><\/p>\n<p><strong>Santander, 4 de octubre de 2022.- <\/strong>La Consejer\u00eda de Cultura ha abierto hoy el plazo de inscripci\u00f3n para un nuevo Di\u00e1logo de Cine y Producci\u00f3n (DCP) y para el tercer taller de impulso de proyectos cinematogr\u00e1ficos que organiza el departamento que dirige el vicepresidente y consejero del \u00e1rea, Pablo Zuloaga.<\/p>\n<p>La primera de las iniciativas previstas es el DCP 15, que tendr\u00e1 lugar el 29 de octubre, se centrar\u00e1 en la figura profesional del ayudante de direcci\u00f3n y contar\u00e1 con la participaci\u00f3n de Manu Calvo, que ha trabajado, entre otros, con directores como Pedro Almod\u00f3var, Isabel Coixet, Benicio del Toro, Emilio Est\u00e9vez, Javier Fesser y Fernando Franco.<\/p>\n<p>Entre las 10 y las 14 horas la jornada formativa estar\u00e1 dedicada a hablar del ayudante de direcci\u00f3n cinematogr\u00e1fico, mientras que la tarde se destinar\u00e1 a las tareas de dirigir y producir.<\/p>\n<p>Ya en noviembre, del 18 al 22, tendr\u00e1 lugar el DCP 16 que consistir\u00e1 en el desarrollo del tercer taller de impulso de proyectos cinematogr\u00e1ficos.<\/p>\n<p>Volver\u00e1 a estar impartido por la soci\u00f3loga y gestora cultura Isona Admetlla y esta tercera edici\u00f3n cuenta con la colaboraci\u00f3n y apoyo de los festivales de cine de San Sebasti\u00e1n, de Albacete y de M\u00e1laga.<\/p>\n<p>En concreto, el Festival de Cine de San Sebasti\u00e1n ofrecer\u00e1 acreditaci\u00f3n a las personas seleccionadas; el de Albacete, optar a participar dentro de la zona Lanza del Festival Abycine; y el de M\u00e1laga ofrece una plaza dentro de su campus M\u00e1laga Talent.<\/p>\n<p>Una bolsa de viaje de 1.000 euros para acudir al European Film Market de Berl\u00edn completa los premios que se entregar\u00e1n en este tercer taller de impulso de proyectos cinematogr\u00e1ficos.<\/p>\n<p>Adem\u00e1s, los proyectos seleccionados para participar en el taller tendr\u00e1n acceso a puntuaci\u00f3n dentro de los baremos de las ayudas a largometrajes que convoca la Consejer\u00eda de Cultura y que en 2023 van a incrementar su cuant\u00eda hasta los 200.000 euros, tal y como anunci\u00f3 el pasado 20 de septiembre Pablo Zuloaga en el Festival de Cine de San Sebasti\u00e1n.<\/p>\n<p>Como novedad en esta tercera edici\u00f3n se ofrece una plaza de proyecto invitado a un trabajo en desarrollo del Pa\u00eds Vasco, que no optar\u00e1 a premios, pero s\u00ed recibir\u00e1 toda la formaci\u00f3n. Se busca con ello favorecer el contacto entre productoras y generar ocasiones para que los proyectos de ambas regiones est\u00e9n en contacto.<\/p>\n<p>En el taller de impulso podr\u00e1n participar personas nacidas en Cantabria o residentes en la regi\u00f3n y la actividad comenzar\u00e1 el 18 de noviembre con una sesi\u00f3n de seguimiento de los proyectos seleccionados en a\u00f1os anteriores.<\/p>\n<p>Los d\u00edas 19 y 20 se desarrollar\u00e1 el taller, en el que los asistentes trabajar\u00e1n aspectos como el marketing, distribuci\u00f3n, t\u00e9cnicas de \u2018pitch\u2019 y dise\u00f1o de audiencias.<\/p>\n<p>Para el 21 noviembre se ha previsto la presentaci\u00f3n de los \u2018pitchings\u2019 a un jurado de expertos, que elegir\u00e1 los proyectos ganadores, mientras que el d\u00eda 22 se celebrar\u00e1n las reuniones \u2018one to one\u2019 entre los proyectos y los miembros del jurado.<\/p>\n<p>La inscripci\u00f3n, tanto para el DCP15 como para el DCP16, se puede realizar a trav\u00e9s de la web de la Filmoteca de Cantabria Mario Camus, en la que est\u00e1 publicada toda la informaci\u00f3n, y el plazo para apuntarse al taller de impulso finaliza el 16 de octubre.<\/p>\n","protected":false},"excerpt":{"rendered":"<p>\u00a0 \u00a0 \u00a0 \u00a0 Manu Calvo protagoniza el 29 de octubre una jornada formativa centrada en el ayudante de direcci\u00f3n e Isona Admetlla volver\u00e1 a dirigir una iniciativa que cuenta con la colaboraci\u00f3n de los festivales de cine de San Sebasti\u00e1n, Albacete y M\u00e1laga Santander, 4 de octubre de 2022.- La Consejer\u00eda de Cultura ha [&hellip;]<\/p>\n","protected":false},"author":9,"featured_media":2846,"comment_status":"closed","ping_status":"closed","sticky":false,"template":"","format":"standard","meta":{"inline_featured_image":false,"footnotes":""},"categories":[4],"tags":[],"class_list":["post-2863","post","type-post","status-publish","format-standard","has-post-thumbnail","hentry","category-noticias"],"yoast_head":"<!-- This site is optimized with the Yoast SEO plugin v19.6.1 - https:\/\/yoast.com\/wordpress\/plugins\/seo\/ -->\n<title>Abierta la inscripci\u00f3n para el DCP15 y para el tercer taller de impulso de proyectos cinematogr\u00e1ficos que pone en marcha Cultura - Filmoteca de Cantabria Mario Camus | Santander | Torrelavega | Regi\u00f3n<\/title>\n<meta name=\"robots\" content=\"index, follow, max-snippet:-1, max-image-preview:large, max-video-preview:-1\" \/>\n<link rel=\"canonical\" href=\"https:\/\/filmotecacantabria.es\/es\/abierta-la-inscripcion-para-el-dcp15-y-para-el-tercer-taller-de-impulso-de-proyectos-cinematograficos-que-pone-en-marcha-cultura\/\" \/>\n<meta property=\"og:locale\" content=\"es_ES\" \/>\n<meta property=\"og:type\" content=\"article\" \/>\n<meta property=\"og:title\" content=\"Abierta la inscripci\u00f3n para el DCP15 y para el tercer taller de impulso de proyectos cinematogr\u00e1ficos que pone en marcha Cultura - Filmoteca de Cantabria Mario Camus | Santander | Torrelavega | Regi\u00f3n\" \/>\n<meta property=\"og:description\" content=\"\u00a0 \u00a0 \u00a0 \u00a0 Manu Calvo protagoniza el 29 de octubre una jornada formativa centrada en el ayudante de direcci\u00f3n e Isona Admetlla volver\u00e1 a dirigir una iniciativa que cuenta con la colaboraci\u00f3n de los festivales de cine de San Sebasti\u00e1n, Albacete y M\u00e1laga Santander, 4 de octubre de 2022.- La Consejer\u00eda de Cultura ha [&hellip;]\" \/>\n<meta property=\"og:url\" content=\"https:\/\/filmotecacantabria.es\/es\/abierta-la-inscripcion-para-el-dcp15-y-para-el-tercer-taller-de-impulso-de-proyectos-cinematograficos-que-pone-en-marcha-cultura\/\" \/>\n<meta property=\"og:site_name\" content=\"Filmoteca de Cantabria Mario Camus | Santander | Torrelavega | Regi\u00f3n\" \/>\n<meta property=\"article:published_time\" content=\"2022-10-04T09:18:34+00:00\" \/>\n<meta property=\"og:image\" content=\"https:\/\/filmotecacantabria.es\/es\/wp-content\/uploads\/2022\/10\/tarjeton-dcp15-1.jpg\" \/>\n\t<meta property=\"og:image:width\" content=\"2008\" \/>\n\t<meta property=\"og:image:height\" content=\"2421\" \/>\n\t<meta property=\"og:image:type\" content=\"image\/jpeg\" \/>\n<meta name=\"author\" content=\"JavierRedondo\" \/>\n<meta name=\"twitter:card\" content=\"summary_large_image\" \/>\n<meta name=\"twitter:label1\" content=\"Escrito por\" \/>\n\t<meta name=\"twitter:data1\" content=\"JavierRedondo\" \/>\n\t<meta name=\"twitter:label2\" content=\"Tiempo de lectura\" \/>\n\t<meta name=\"twitter:data2\" content=\"4 minutos\" \/>\n<script type=\"application\/ld+json\" class=\"yoast-schema-graph\">{\"@context\":\"https:\/\/schema.org\",\"@graph\":[{\"@type\":\"Article\",\"@id\":\"https:\/\/filmotecacantabria.es\/es\/abierta-la-inscripcion-para-el-dcp15-y-para-el-tercer-taller-de-impulso-de-proyectos-cinematograficos-que-pone-en-marcha-cultura\/#article\",\"isPartOf\":{\"@id\":\"https:\/\/filmotecacantabria.es\/es\/abierta-la-inscripcion-para-el-dcp15-y-para-el-tercer-taller-de-impulso-de-proyectos-cinematograficos-que-pone-en-marcha-cultura\/\"},\"author\":{\"name\":\"JavierRedondo\",\"@id\":\"https:\/\/filmotecacantabria.es\/es\/#\/schema\/person\/06d6b27576c98088611161a8653de233\"},\"headline\":\"Abierta la inscripci\u00f3n para el DCP15 y para el tercer taller de impulso de proyectos cinematogr\u00e1ficos que pone en marcha Cultura\",\"datePublished\":\"2022-10-04T09:18:34+00:00\",\"dateModified\":\"2022-10-04T09:18:34+00:00\",\"mainEntityOfPage\":{\"@id\":\"https:\/\/filmotecacantabria.es\/es\/abierta-la-inscripcion-para-el-dcp15-y-para-el-tercer-taller-de-impulso-de-proyectos-cinematograficos-que-pone-en-marcha-cultura\/\"},\"wordCount\":634,\"publisher\":{\"@id\":\"https:\/\/filmotecacantabria.es\/es\/#organization\"},\"articleSection\":[\"Noticias\"],\"inLanguage\":\"es\"},{\"@type\":\"WebPage\",\"@id\":\"https:\/\/filmotecacantabria.es\/es\/abierta-la-inscripcion-para-el-dcp15-y-para-el-tercer-taller-de-impulso-de-proyectos-cinematograficos-que-pone-en-marcha-cultura\/\",\"url\":\"https:\/\/filmotecacantabria.es\/es\/abierta-la-inscripcion-para-el-dcp15-y-para-el-tercer-taller-de-impulso-de-proyectos-cinematograficos-que-pone-en-marcha-cultura\/\",\"name\":\"Abierta la inscripci\u00f3n para el DCP15 y para el tercer taller de impulso de proyectos cinematogr\u00e1ficos que pone en marcha Cultura - Filmoteca de Cantabria Mario Camus | Santander | Torrelavega | Regi\u00f3n\",\"isPartOf\":{\"@id\":\"https:\/\/filmotecacantabria.es\/es\/#website\"},\"datePublished\":\"2022-10-04T09:18:34+00:00\",\"dateModified\":\"2022-10-04T09:18:34+00:00\",\"breadcrumb\":{\"@id\":\"https:\/\/filmotecacantabria.es\/es\/abierta-la-inscripcion-para-el-dcp15-y-para-el-tercer-taller-de-impulso-de-proyectos-cinematograficos-que-pone-en-marcha-cultura\/#breadcrumb\"},\"inLanguage\":\"es\",\"potentialAction\":[{\"@type\":\"ReadAction\",\"target\":[\"https:\/\/filmotecacantabria.es\/es\/abierta-la-inscripcion-para-el-dcp15-y-para-el-tercer-taller-de-impulso-de-proyectos-cinematograficos-que-pone-en-marcha-cultura\/\"]}]},{\"@type\":\"BreadcrumbList\",\"@id\":\"https:\/\/filmotecacantabria.es\/es\/abierta-la-inscripcion-para-el-dcp15-y-para-el-tercer-taller-de-impulso-de-proyectos-cinematograficos-que-pone-en-marcha-cultura\/#breadcrumb\",\"itemListElement\":[{\"@type\":\"ListItem\",\"position\":1,\"name\":\"Portada\",\"item\":\"https:\/\/filmotecacantabria.es\/es\/inicio\/\"},{\"@type\":\"ListItem\",\"position\":2,\"name\":\"Abierta la inscripci\u00f3n para el DCP15 y para el tercer taller de impulso de proyectos cinematogr\u00e1ficos que pone en marcha Cultura\"}]},{\"@type\":\"WebSite\",\"@id\":\"https:\/\/filmotecacantabria.es\/es\/#website\",\"url\":\"https:\/\/filmotecacantabria.es\/es\/\",\"name\":\"Filmoteca de Cantabria Mario Camus | Santander | Torrelavega | Regi\u00f3n\",\"description\":\"Toda la programaci\u00f3n de las filmotecas de Cantabria Mario Camus.\",\"publisher\":{\"@id\":\"https:\/\/filmotecacantabria.es\/es\/#organization\"},\"potentialAction\":[{\"@type\":\"SearchAction\",\"target\":{\"@type\":\"EntryPoint\",\"urlTemplate\":\"https:\/\/filmotecacantabria.es\/es\/?s={search_term_string}\"},\"query-input\":\"required name=search_term_string\"}],\"inLanguage\":\"es\"},{\"@type\":\"Organization\",\"@id\":\"https:\/\/filmotecacantabria.es\/es\/#organization\",\"name\":\"Filmoteca de Cantabria Mario Camus | Santander | Torrelavega | Regi\u00f3n\",\"url\":\"https:\/\/filmotecacantabria.es\/es\/\",\"sameAs\":[],\"logo\":{\"@type\":\"ImageObject\",\"inLanguage\":\"es\",\"@id\":\"https:\/\/filmotecacantabria.es\/es\/#\/schema\/logo\/image\/\",\"url\":\"https:\/\/filmotecacantabria.es\/es\/wp-content\/uploads\/2021\/12\/logo-filmoteca-cantabria-1-mario-camus.png\",\"contentUrl\":\"https:\/\/filmotecacantabria.es\/es\/wp-content\/uploads\/2021\/12\/logo-filmoteca-cantabria-1-mario-camus.png\",\"width\":170,\"height\":183,\"caption\":\"Filmoteca de Cantabria Mario Camus | Santander | Torrelavega | Regi\u00f3n\"},\"image\":{\"@id\":\"https:\/\/filmotecacantabria.es\/es\/#\/schema\/logo\/image\/\"}},{\"@type\":\"Person\",\"@id\":\"https:\/\/filmotecacantabria.es\/es\/#\/schema\/person\/06d6b27576c98088611161a8653de233\",\"name\":\"JavierRedondo\",\"image\":{\"@type\":\"ImageObject\",\"inLanguage\":\"es\",\"@id\":\"https:\/\/filmotecacantabria.es\/es\/#\/schema\/person\/image\/\",\"url\":\"https:\/\/secure.gravatar.com\/avatar\/4b2f8666330831637b7358bfcec2185e?s=96&d=mm&r=g\",\"contentUrl\":\"https:\/\/secure.gravatar.com\/avatar\/4b2f8666330831637b7358bfcec2185e?s=96&d=mm&r=g\",\"caption\":\"JavierRedondo\"},\"sameAs\":[\"danae@semarac.com\"]}]}<\/script>\n<!-- \/ Yoast SEO plugin. -->","yoast_head_json":{"title":"Abierta la inscripci\u00f3n para el DCP15 y para el tercer taller de impulso de proyectos cinematogr\u00e1ficos que pone en marcha Cultura - Filmoteca de Cantabria Mario Camus | Santander | Torrelavega | Regi\u00f3n","robots":{"index":"index","follow":"follow","max-snippet":"max-snippet:-1","max-image-preview":"max-image-preview:large","max-video-preview":"max-video-preview:-1"},"canonical":"https:\/\/filmotecacantabria.es\/es\/abierta-la-inscripcion-para-el-dcp15-y-para-el-tercer-taller-de-impulso-de-proyectos-cinematograficos-que-pone-en-marcha-cultura\/","og_locale":"es_ES","og_type":"article","og_title":"Abierta la inscripci\u00f3n para el DCP15 y para el tercer taller de impulso de proyectos cinematogr\u00e1ficos que pone en marcha Cultura - Filmoteca de Cantabria Mario Camus | Santander | Torrelavega | Regi\u00f3n","og_description":"\u00a0 \u00a0 \u00a0 \u00a0 Manu Calvo protagoniza el 29 de octubre una jornada formativa centrada en el ayudante de direcci\u00f3n e Isona Admetlla volver\u00e1 a dirigir una iniciativa que cuenta con la colaboraci\u00f3n de los festivales de cine de San Sebasti\u00e1n, Albacete y M\u00e1laga Santander, 4 de octubre de 2022.- La Consejer\u00eda de Cultura ha [&hellip;]","og_url":"https:\/\/filmotecacantabria.es\/es\/abierta-la-inscripcion-para-el-dcp15-y-para-el-tercer-taller-de-impulso-de-proyectos-cinematograficos-que-pone-en-marcha-cultura\/","og_site_name":"Filmoteca de Cantabria Mario Camus | Santander | Torrelavega | Regi\u00f3n","article_published_time":"2022-10-04T09:18:34+00:00","og_image":[{"width":2008,"height":2421,"url":"https:\/\/filmotecacantabria.es\/es\/wp-content\/uploads\/2022\/10\/tarjeton-dcp15-1.jpg","type":"image\/jpeg"}],"author":"JavierRedondo","twitter_card":"summary_large_image","twitter_misc":{"Escrito por":"JavierRedondo","Tiempo de lectura":"4 minutos"},"schema":{"@context":"https:\/\/schema.org","@graph":[{"@type":"Article","@id":"https:\/\/filmotecacantabria.es\/es\/abierta-la-inscripcion-para-el-dcp15-y-para-el-tercer-taller-de-impulso-de-proyectos-cinematograficos-que-pone-en-marcha-cultura\/#article","isPartOf":{"@id":"https:\/\/filmotecacantabria.es\/es\/abierta-la-inscripcion-para-el-dcp15-y-para-el-tercer-taller-de-impulso-de-proyectos-cinematograficos-que-pone-en-marcha-cultura\/"},"author":{"name":"JavierRedondo","@id":"https:\/\/filmotecacantabria.es\/es\/#\/schema\/person\/06d6b27576c98088611161a8653de233"},"headline":"Abierta la inscripci\u00f3n para el DCP15 y para el tercer taller de impulso de proyectos cinematogr\u00e1ficos que pone en marcha Cultura","datePublished":"2022-10-04T09:18:34+00:00","dateModified":"2022-10-04T09:18:34+00:00","mainEntityOfPage":{"@id":"https:\/\/filmotecacantabria.es\/es\/abierta-la-inscripcion-para-el-dcp15-y-para-el-tercer-taller-de-impulso-de-proyectos-cinematograficos-que-pone-en-marcha-cultura\/"},"wordCount":634,"publisher":{"@id":"https:\/\/filmotecacantabria.es\/es\/#organization"},"articleSection":["Noticias"],"inLanguage":"es"},{"@type":"WebPage","@id":"https:\/\/filmotecacantabria.es\/es\/abierta-la-inscripcion-para-el-dcp15-y-para-el-tercer-taller-de-impulso-de-proyectos-cinematograficos-que-pone-en-marcha-cultura\/","url":"https:\/\/filmotecacantabria.es\/es\/abierta-la-inscripcion-para-el-dcp15-y-para-el-tercer-taller-de-impulso-de-proyectos-cinematograficos-que-pone-en-marcha-cultura\/","name":"Abierta la inscripci\u00f3n para el DCP15 y para el tercer taller de impulso de proyectos cinematogr\u00e1ficos que pone en marcha Cultura - Filmoteca de Cantabria Mario Camus | Santander | Torrelavega | Regi\u00f3n","isPartOf":{"@id":"https:\/\/filmotecacantabria.es\/es\/#website"},"datePublished":"2022-10-04T09:18:34+00:00","dateModified":"2022-10-04T09:18:34+00:00","breadcrumb":{"@id":"https:\/\/filmotecacantabria.es\/es\/abierta-la-inscripcion-para-el-dcp15-y-para-el-tercer-taller-de-impulso-de-proyectos-cinematograficos-que-pone-en-marcha-cultura\/#breadcrumb"},"inLanguage":"es","potentialAction":[{"@type":"ReadAction","target":["https:\/\/filmotecacantabria.es\/es\/abierta-la-inscripcion-para-el-dcp15-y-para-el-tercer-taller-de-impulso-de-proyectos-cinematograficos-que-pone-en-marcha-cultura\/"]}]},{"@type":"BreadcrumbList","@id":"https:\/\/filmotecacantabria.es\/es\/abierta-la-inscripcion-para-el-dcp15-y-para-el-tercer-taller-de-impulso-de-proyectos-cinematograficos-que-pone-en-marcha-cultura\/#breadcrumb","itemListElement":[{"@type":"ListItem","position":1,"name":"Portada","item":"https:\/\/filmotecacantabria.es\/es\/inicio\/"},{"@type":"ListItem","position":2,"name":"Abierta la inscripci\u00f3n para el DCP15 y para el tercer taller de impulso de proyectos cinematogr\u00e1ficos que pone en marcha Cultura"}]},{"@type":"WebSite","@id":"https:\/\/filmotecacantabria.es\/es\/#website","url":"https:\/\/filmotecacantabria.es\/es\/","name":"Filmoteca de Cantabria Mario Camus | Santander | Torrelavega | Regi\u00f3n","description":"Toda la programaci\u00f3n de las filmotecas de Cantabria Mario Camus.","publisher":{"@id":"https:\/\/filmotecacantabria.es\/es\/#organization"},"potentialAction":[{"@type":"SearchAction","target":{"@type":"EntryPoint","urlTemplate":"https:\/\/filmotecacantabria.es\/es\/?s={search_term_string}"},"query-input":"required name=search_term_string"}],"inLanguage":"es"},{"@type":"Organization","@id":"https:\/\/filmotecacantabria.es\/es\/#organization","name":"Filmoteca de Cantabria Mario Camus | Santander | Torrelavega | Regi\u00f3n","url":"https:\/\/filmotecacantabria.es\/es\/","sameAs":[],"logo":{"@type":"ImageObject","inLanguage":"es","@id":"https:\/\/filmotecacantabria.es\/es\/#\/schema\/logo\/image\/","url":"https:\/\/filmotecacantabria.es\/es\/wp-content\/uploads\/2021\/12\/logo-filmoteca-cantabria-1-mario-camus.png","contentUrl":"https:\/\/filmotecacantabria.es\/es\/wp-content\/uploads\/2021\/12\/logo-filmoteca-cantabria-1-mario-camus.png","width":170,"height":183,"caption":"Filmoteca de Cantabria Mario Camus | Santander | Torrelavega | Regi\u00f3n"},"image":{"@id":"https:\/\/filmotecacantabria.es\/es\/#\/schema\/logo\/image\/"}},{"@type":"Person","@id":"https:\/\/filmotecacantabria.es\/es\/#\/schema\/person\/06d6b27576c98088611161a8653de233","name":"JavierRedondo","image":{"@type":"ImageObject","inLanguage":"es","@id":"https:\/\/filmotecacantabria.es\/es\/#\/schema\/person\/image\/","url":"https:\/\/secure.gravatar.com\/avatar\/4b2f8666330831637b7358bfcec2185e?s=96&d=mm&r=g","contentUrl":"https:\/\/secure.gravatar.com\/avatar\/4b2f8666330831637b7358bfcec2185e?s=96&d=mm&r=g","caption":"JavierRedondo"},"sameAs":["danae@semarac.com"]}]}},"_links":{"self":[{"href":"https:\/\/filmotecacantabria.es\/es\/wp-json\/wp\/v2\/posts\/2863"}],"collection":[{"href":"https:\/\/filmotecacantabria.es\/es\/wp-json\/wp\/v2\/posts"}],"about":[{"href":"https:\/\/filmotecacantabria.es\/es\/wp-json\/wp\/v2\/types\/post"}],"author":[{"embeddable":true,"href":"https:\/\/filmotecacantabria.es\/es\/wp-json\/wp\/v2\/users\/9"}],"replies":[{"embeddable":true,"href":"https:\/\/filmotecacantabria.es\/es\/wp-json\/wp\/v2\/comments?post=2863"}],"version-history":[{"count":2,"href":"https:\/\/filmotecacantabria.es\/es\/wp-json\/wp\/v2\/posts\/2863\/revisions"}],"predecessor-version":[{"id":2865,"href":"https:\/\/filmotecacantabria.es\/es\/wp-json\/wp\/v2\/posts\/2863\/revisions\/2865"}],"wp:featuredmedia":[{"embeddable":true,"href":"https:\/\/filmotecacantabria.es\/es\/wp-json\/wp\/v2\/media\/2846"}],"wp:attachment":[{"href":"https:\/\/filmotecacantabria.es\/es\/wp-json\/wp\/v2\/media?parent=2863"}],"wp:term":[{"taxonomy":"category","embeddable":true,"href":"https:\/\/filmotecacantabria.es\/es\/wp-json\/wp\/v2\/categories?post=2863"},{"taxonomy":"post_tag","embeddable":true,"href":"https:\/\/filmotecacantabria.es\/es\/wp-json\/wp\/v2\/tags?post=2863"}],"curies":[{"name":"wp","href":"https:\/\/api.w.org\/{rel}","templated":true}]}}