{"id":2836,"date":"2022-09-30T10:37:50","date_gmt":"2022-09-30T08:37:50","guid":{"rendered":"https:\/\/filmotecacantabria.es\/es\/?p=2836"},"modified":"2022-09-30T10:37:50","modified_gmt":"2022-09-30T08:37:50","slug":"la-filmoteca-de-cantabria-conmemora-en-octubre-el-dia-del-patrimonio-audiovisual-con-la-proyeccion-de-trabajos-iniciales-de-mario-camus","status":"publish","type":"post","link":"https:\/\/filmotecacantabria.es\/es\/la-filmoteca-de-cantabria-conmemora-en-octubre-el-dia-del-patrimonio-audiovisual-con-la-proyeccion-de-trabajos-iniciales-de-mario-camus\/","title":{"rendered":"La Filmoteca de Cantabria conmemora en octubre el D\u00eda del Patrimonio Audiovisual con la proyecci\u00f3n de trabajos iniciales de Mario Camus"},"content":{"rendered":"<p><strong>Tambi\u00e9n continuar\u00e1 el ciclo dedicado a Abbas Kiarostami y regresa el curso \u2018Modernidad y autor\u00eda\u2019, que imparten Nacho Solana y Guillermo Mart\u00ednez<\/strong><\/p>\n<p><strong>Santander, 30 de septiembre de 2022.- <\/strong>La Filmoteca de Cantabria Mario Camus conmemorar\u00e1 el 27 de octubre el D\u00eda del Patrimonio Audiovisual con la proyecci\u00f3n de cuatro trabajos iniciales del realizador c\u00e1ntabro que le da nombre.<\/p>\n<p>En concreto, se trata de cuatro trabajos que la Filmoteca de Cantabria ha restaurado junto a la Filmoteca Espa\u00f1ola dentro de la continua colaboraci\u00f3n que mantienen ambas instituciones y que da cumplimiento a uno de sus fines, el de la conservaci\u00f3n del legado audiovisual.<\/p>\n<p>El director de la Filmoteca de Cantabria, Antonio Navarro, ha explicado que en el caso de la instituci\u00f3n c\u00e1ntabra son los primeros trabajos que afronta en la restauraci\u00f3n de pel\u00edculas de formato profesional en 35mm.<\/p>\n<p>Y ha destacado que \u201ceste a\u00f1o hemos querido dar un paso m\u00e1s\u201d tras la labor de restauraci\u00f3n que ya inici\u00f3 la entidad c\u00e1ntabra hace m\u00e1s de dos a\u00f1os con la recuperaci\u00f3n del material f\u00edlmico familiar y amateur.<\/p>\n<p>As\u00ed, en octubre, \u201cmes especial para las filmotecas\u201d, se proyectar\u00e1n cuatro trabajos cortos, realizados por Mario Camus durante su estancia en la Escuela Oficial de Cinematograf\u00eda y que muestran los primeros pasos y experiencias cinematogr\u00e1ficas de uno de los directores m\u00e1s importantes de la historia del cine espa\u00f1ol.<\/p>\n<p>A esta conmemoraci\u00f3n se le suma, adem\u00e1s, la que desde el a\u00f1o pasado se celebra, la del D\u00eda del Cine Espa\u00f1ol el pr\u00f3ximo 6 de octubre.<\/p>\n<p>Al respecto, Navarro ha se\u00f1alado que un gran n\u00famero de instituciones y actividades se llevar\u00e1n a cabo para festejar \u201cnuestro cine\u201d, a la que la Filmoteca de Cantabria se sumar\u00e1 con la proyecci\u00f3n de \u2018Canciones para despu\u00e9s de una guerra\u2019 (Basilio Mart\u00edn Patino, Espa\u00f1a 1976).<\/p>\n<p>Por otra parte, en octubre las novedades en lo que a ciclos se refiere llegar\u00e1n desde dos perspectivas distintas, pero afines en sus objetivos de difundir la cultura cinematogr\u00e1fica.<\/p>\n<p>Se trata de dos iniciativas que buscan acercar la historia del cine de una forma cercana y did\u00e1ctica a trav\u00e9s de una propuesta comisariada con rigor y voluntad divulgativa.<\/p>\n<p>La primera viene de la mano de la continuidad del curso realizado en el primer trimestre del a\u00f1o, \u2018Modernidad y autor\u00eda\u2019, que imparten Nacho Solana y Guillermo Mart\u00ednez.<\/p>\n<p>Esta actividad incluye las proyecciones de \u2018Yojimbo\u2019 (Akira Kurosawa, Jap\u00f3n 1961), \u2018Por un pu\u00f1ado de d\u00f3lares\u2019 (Sergio Leone, Italia 1964), \u2018Malditos bastardos\u2019 (Quentin Tarantino, EEUU 2009), \u2018Annie Hall\u2019 (Woody Allen, EEUU 1977), \u2018Frances Ha\u2019 (Noah Baumbach, EEUU 2012), \u2018V\u00e9rtigo\u2019 (Alfred Hitchcock, EEUU 1958) y \u2018Fascinaci\u00f3n\u2019 (Brian De Palma, EEUU 1976).<\/p>\n<p>Y la segunda de la novedades en octubre es \u2018Puntos de fuga\u2019, el ciclo dentro de la Muestra Internacional de Cine de Santander en el que se podr\u00e1 ver \u2018Filibus\u2019 (Mario Roncoroni, Italia 1915), \u201820.000 leguas de viaje submarino\u2019 (Stuart Paton, EEUU 1916), \u2018La tumba india: la misi\u00f3n del yogi\u2019 (Joe May, Alemania 1921), \u2018La tumba india: el tigre de Esnapur\u2019 (Joe May, Alemania 1921), \u2018El tigre de Esnapur\u2019 (Fritz Lang, Alemania 1959) y \u2018La tumba india\u2019 (Fritz Lang, Alemania 1959).<\/p>\n<p>En el mes de octubre tambi\u00e9n contin\u00faa el ciclo dedicado al cineasta iran\u00ed Abbas Kiarostami con \u2018A trav\u00e9s de los olivos\u2019 (Abbas Kiarostami, Ir\u00e1n 1994) e \u2018Y la vida contin\u00faa\u2019 (Abbas Kiarostami, Ir\u00e1n 1992).<\/p>\n<p>Como es habitual, el p\u00fablico infantil y juvenil tendr\u00e1 su espacio mensual para ver por primera vez o revisitar algunas pel\u00edculas en familia gracias al ciclo \u2018Filmoteca J\u00fanior\u2019, donde podremos ver \u2018Paddington\u2019 (Paul King, Reino Unido 2014), \u2018El libro de la vida\u2019 (Jorge R. Guti\u00e9rrez, EEUU 2014) y \u2018Coco\u2019 (Lee Unkrich, Adri\u00e1n Molina, EEUU 2017).<\/p>\n<p>Adem\u00e1s, fruto de diversas colaboraciones con diferentes instituciones para continuar siendo una filmoteca abierta a la sociedad, por el D\u00eda de la Mujer Rural y dentro del Ciclo Nacional de Cine y Mujeres Rurales se proyectar\u00e1 \u2018Alcarr\u00e1s\u2019 (Carla Sim\u00f3n, Espa\u00f1a 2022) y el ciclo anual de \u2018Mujeres de cine\u2019 contar\u00e1 este mes con \u2018La voluntaria\u2019 (Nely Reguera, Espa\u00f1a 2022).<\/p>\n<p>En la tambi\u00e9n ya habitual cita con la Asociaci\u00f3n La Llave Azul, que trae a la sala producciones actuales que no logran encontrar su hueco en la cartelera comercial, la Filmoteca de Cantabria proyectar\u00e1 \u2018La ejecuci\u00f3n\u2019 (Lado Kvataniya, Rusia 2021), y en la colaboraci\u00f3n con el Parlamento de Cantabria en la celebraci\u00f3n del 40 aniversario del Estatuto de Autonom\u00eda \u2018Cantabria de cine\u2019 se podr\u00e1 ver \u2018Los cronocr\u00edmenes\u2019 (Nacho Vigalondo, Espa\u00f1a 2007).<\/p>\n<p>Finalmente, la Filmoteca de Cantabria acoger\u00e1 el estreno del largometraje del cineasta c\u00e1ntabro \u00c1lvaro Garc\u00eda \u2018The Winter Hunger\u2019 (Espa\u00f1a 2021), el ciclo \u2018H\u00e1gase la luz\u2019 de Ruido interno traer\u00e1 \u2018Sisters with transistors\u2019 (Lisa Rovner, Reino Unido 2020) y junto a su directora se presentar\u00e1 el documental \u2018El lugar de las fresas\u2019 (Maite Vitoria Daneris, Italia 2013).<\/p>\n","protected":false},"excerpt":{"rendered":"<p>Tambi\u00e9n continuar\u00e1 el ciclo dedicado a Abbas Kiarostami y regresa el curso \u2018Modernidad y autor\u00eda\u2019, que imparten Nacho Solana y Guillermo Mart\u00ednez Santander, 30 de septiembre de 2022.- La Filmoteca de Cantabria Mario Camus conmemorar\u00e1 el 27 de octubre el D\u00eda del Patrimonio Audiovisual con la proyecci\u00f3n de cuatro trabajos iniciales del realizador c\u00e1ntabro que [&hellip;]<\/p>\n","protected":false},"author":11,"featured_media":2837,"comment_status":"closed","ping_status":"closed","sticky":false,"template":"","format":"standard","meta":{"inline_featured_image":false,"footnotes":""},"categories":[4],"tags":[],"class_list":["post-2836","post","type-post","status-publish","format-standard","has-post-thumbnail","hentry","category-noticias"],"yoast_head":"<!-- This site is optimized with the Yoast SEO plugin v19.6.1 - https:\/\/yoast.com\/wordpress\/plugins\/seo\/ -->\n<title>La Filmoteca de Cantabria conmemora en octubre el D\u00eda del Patrimonio Audiovisual con la proyecci\u00f3n de trabajos iniciales de Mario Camus - Filmoteca de Cantabria Mario Camus | Santander | Torrelavega | Regi\u00f3n<\/title>\n<meta name=\"robots\" content=\"index, follow, max-snippet:-1, max-image-preview:large, max-video-preview:-1\" \/>\n<link rel=\"canonical\" href=\"https:\/\/filmotecacantabria.es\/es\/la-filmoteca-de-cantabria-conmemora-en-octubre-el-dia-del-patrimonio-audiovisual-con-la-proyeccion-de-trabajos-iniciales-de-mario-camus\/\" \/>\n<meta property=\"og:locale\" content=\"es_ES\" \/>\n<meta property=\"og:type\" content=\"article\" \/>\n<meta property=\"og:title\" content=\"La Filmoteca de Cantabria conmemora en octubre el D\u00eda del Patrimonio Audiovisual con la proyecci\u00f3n de trabajos iniciales de Mario Camus - Filmoteca de Cantabria Mario Camus | Santander | Torrelavega | Regi\u00f3n\" \/>\n<meta property=\"og:description\" content=\"Tambi\u00e9n continuar\u00e1 el ciclo dedicado a Abbas Kiarostami y regresa el curso \u2018Modernidad y autor\u00eda\u2019, que imparten Nacho Solana y Guillermo Mart\u00ednez Santander, 30 de septiembre de 2022.- La Filmoteca de Cantabria Mario Camus conmemorar\u00e1 el 27 de octubre el D\u00eda del Patrimonio Audiovisual con la proyecci\u00f3n de cuatro trabajos iniciales del realizador c\u00e1ntabro que [&hellip;]\" \/>\n<meta property=\"og:url\" content=\"https:\/\/filmotecacantabria.es\/es\/la-filmoteca-de-cantabria-conmemora-en-octubre-el-dia-del-patrimonio-audiovisual-con-la-proyeccion-de-trabajos-iniciales-de-mario-camus\/\" \/>\n<meta property=\"og:site_name\" content=\"Filmoteca de Cantabria Mario Camus | Santander | Torrelavega | Regi\u00f3n\" \/>\n<meta property=\"article:published_time\" content=\"2022-09-30T08:37:50+00:00\" \/>\n<meta property=\"og:image\" content=\"https:\/\/filmotecacantabria.es\/es\/wp-content\/uploads\/2022\/09\/malditos-bastardos.jpg\" \/>\n\t<meta property=\"og:image:width\" content=\"1600\" \/>\n\t<meta property=\"og:image:height\" content=\"900\" \/>\n\t<meta property=\"og:image:type\" content=\"image\/jpeg\" \/>\n<meta name=\"author\" content=\"belen.cordoba@srecd.es\" \/>\n<meta name=\"twitter:card\" content=\"summary_large_image\" \/>\n<meta name=\"twitter:label1\" content=\"Escrito por\" \/>\n\t<meta name=\"twitter:data1\" content=\"belen.cordoba@srecd.es\" \/>\n\t<meta name=\"twitter:label2\" content=\"Tiempo de lectura\" \/>\n\t<meta name=\"twitter:data2\" content=\"4 minutos\" \/>\n<script type=\"application\/ld+json\" class=\"yoast-schema-graph\">{\"@context\":\"https:\/\/schema.org\",\"@graph\":[{\"@type\":\"Article\",\"@id\":\"https:\/\/filmotecacantabria.es\/es\/la-filmoteca-de-cantabria-conmemora-en-octubre-el-dia-del-patrimonio-audiovisual-con-la-proyeccion-de-trabajos-iniciales-de-mario-camus\/#article\",\"isPartOf\":{\"@id\":\"https:\/\/filmotecacantabria.es\/es\/la-filmoteca-de-cantabria-conmemora-en-octubre-el-dia-del-patrimonio-audiovisual-con-la-proyeccion-de-trabajos-iniciales-de-mario-camus\/\"},\"author\":{\"name\":\"belen.cordoba@srecd.es\",\"@id\":\"https:\/\/filmotecacantabria.es\/es\/#\/schema\/person\/86205b2ac543405aae888afb3afdb6d8\"},\"headline\":\"La Filmoteca de Cantabria conmemora en octubre el D\u00eda del Patrimonio Audiovisual con la proyecci\u00f3n de trabajos iniciales de Mario Camus\",\"datePublished\":\"2022-09-30T08:37:50+00:00\",\"dateModified\":\"2022-09-30T08:37:50+00:00\",\"mainEntityOfPage\":{\"@id\":\"https:\/\/filmotecacantabria.es\/es\/la-filmoteca-de-cantabria-conmemora-en-octubre-el-dia-del-patrimonio-audiovisual-con-la-proyeccion-de-trabajos-iniciales-de-mario-camus\/\"},\"wordCount\":858,\"publisher\":{\"@id\":\"https:\/\/filmotecacantabria.es\/es\/#organization\"},\"articleSection\":[\"Noticias\"],\"inLanguage\":\"es\"},{\"@type\":\"WebPage\",\"@id\":\"https:\/\/filmotecacantabria.es\/es\/la-filmoteca-de-cantabria-conmemora-en-octubre-el-dia-del-patrimonio-audiovisual-con-la-proyeccion-de-trabajos-iniciales-de-mario-camus\/\",\"url\":\"https:\/\/filmotecacantabria.es\/es\/la-filmoteca-de-cantabria-conmemora-en-octubre-el-dia-del-patrimonio-audiovisual-con-la-proyeccion-de-trabajos-iniciales-de-mario-camus\/\",\"name\":\"La Filmoteca de Cantabria conmemora en octubre el D\u00eda del Patrimonio Audiovisual con la proyecci\u00f3n de trabajos iniciales de Mario Camus - Filmoteca de Cantabria Mario Camus | Santander | Torrelavega | Regi\u00f3n\",\"isPartOf\":{\"@id\":\"https:\/\/filmotecacantabria.es\/es\/#website\"},\"datePublished\":\"2022-09-30T08:37:50+00:00\",\"dateModified\":\"2022-09-30T08:37:50+00:00\",\"breadcrumb\":{\"@id\":\"https:\/\/filmotecacantabria.es\/es\/la-filmoteca-de-cantabria-conmemora-en-octubre-el-dia-del-patrimonio-audiovisual-con-la-proyeccion-de-trabajos-iniciales-de-mario-camus\/#breadcrumb\"},\"inLanguage\":\"es\",\"potentialAction\":[{\"@type\":\"ReadAction\",\"target\":[\"https:\/\/filmotecacantabria.es\/es\/la-filmoteca-de-cantabria-conmemora-en-octubre-el-dia-del-patrimonio-audiovisual-con-la-proyeccion-de-trabajos-iniciales-de-mario-camus\/\"]}]},{\"@type\":\"BreadcrumbList\",\"@id\":\"https:\/\/filmotecacantabria.es\/es\/la-filmoteca-de-cantabria-conmemora-en-octubre-el-dia-del-patrimonio-audiovisual-con-la-proyeccion-de-trabajos-iniciales-de-mario-camus\/#breadcrumb\",\"itemListElement\":[{\"@type\":\"ListItem\",\"position\":1,\"name\":\"Portada\",\"item\":\"https:\/\/filmotecacantabria.es\/es\/inicio\/\"},{\"@type\":\"ListItem\",\"position\":2,\"name\":\"La Filmoteca de Cantabria conmemora en octubre el D\u00eda del Patrimonio Audiovisual con la proyecci\u00f3n de trabajos iniciales de Mario Camus\"}]},{\"@type\":\"WebSite\",\"@id\":\"https:\/\/filmotecacantabria.es\/es\/#website\",\"url\":\"https:\/\/filmotecacantabria.es\/es\/\",\"name\":\"Filmoteca de Cantabria Mario Camus | Santander | Torrelavega | Regi\u00f3n\",\"description\":\"Toda la programaci\u00f3n de las filmotecas de Cantabria Mario Camus.\",\"publisher\":{\"@id\":\"https:\/\/filmotecacantabria.es\/es\/#organization\"},\"potentialAction\":[{\"@type\":\"SearchAction\",\"target\":{\"@type\":\"EntryPoint\",\"urlTemplate\":\"https:\/\/filmotecacantabria.es\/es\/?s={search_term_string}\"},\"query-input\":\"required name=search_term_string\"}],\"inLanguage\":\"es\"},{\"@type\":\"Organization\",\"@id\":\"https:\/\/filmotecacantabria.es\/es\/#organization\",\"name\":\"Filmoteca de Cantabria Mario Camus | Santander | Torrelavega | Regi\u00f3n\",\"url\":\"https:\/\/filmotecacantabria.es\/es\/\",\"sameAs\":[],\"logo\":{\"@type\":\"ImageObject\",\"inLanguage\":\"es\",\"@id\":\"https:\/\/filmotecacantabria.es\/es\/#\/schema\/logo\/image\/\",\"url\":\"https:\/\/filmotecacantabria.es\/es\/wp-content\/uploads\/2021\/12\/logo-filmoteca-cantabria-1-mario-camus.png\",\"contentUrl\":\"https:\/\/filmotecacantabria.es\/es\/wp-content\/uploads\/2021\/12\/logo-filmoteca-cantabria-1-mario-camus.png\",\"width\":170,\"height\":183,\"caption\":\"Filmoteca de Cantabria Mario Camus | Santander | Torrelavega | Regi\u00f3n\"},\"image\":{\"@id\":\"https:\/\/filmotecacantabria.es\/es\/#\/schema\/logo\/image\/\"}},{\"@type\":\"Person\",\"@id\":\"https:\/\/filmotecacantabria.es\/es\/#\/schema\/person\/86205b2ac543405aae888afb3afdb6d8\",\"name\":\"belen.cordoba@srecd.es\",\"image\":{\"@type\":\"ImageObject\",\"inLanguage\":\"es\",\"@id\":\"https:\/\/filmotecacantabria.es\/es\/#\/schema\/person\/image\/\",\"url\":\"https:\/\/secure.gravatar.com\/avatar\/a185108474f14fc94f32f86115d60aeb?s=96&d=mm&r=g\",\"contentUrl\":\"https:\/\/secure.gravatar.com\/avatar\/a185108474f14fc94f32f86115d60aeb?s=96&d=mm&r=g\",\"caption\":\"belen.cordoba@srecd.es\"}}]}<\/script>\n<!-- \/ Yoast SEO plugin. -->","yoast_head_json":{"title":"La Filmoteca de Cantabria conmemora en octubre el D\u00eda del Patrimonio Audiovisual con la proyecci\u00f3n de trabajos iniciales de Mario Camus - Filmoteca de Cantabria Mario Camus | Santander | Torrelavega | Regi\u00f3n","robots":{"index":"index","follow":"follow","max-snippet":"max-snippet:-1","max-image-preview":"max-image-preview:large","max-video-preview":"max-video-preview:-1"},"canonical":"https:\/\/filmotecacantabria.es\/es\/la-filmoteca-de-cantabria-conmemora-en-octubre-el-dia-del-patrimonio-audiovisual-con-la-proyeccion-de-trabajos-iniciales-de-mario-camus\/","og_locale":"es_ES","og_type":"article","og_title":"La Filmoteca de Cantabria conmemora en octubre el D\u00eda del Patrimonio Audiovisual con la proyecci\u00f3n de trabajos iniciales de Mario Camus - Filmoteca de Cantabria Mario Camus | Santander | Torrelavega | Regi\u00f3n","og_description":"Tambi\u00e9n continuar\u00e1 el ciclo dedicado a Abbas Kiarostami y regresa el curso \u2018Modernidad y autor\u00eda\u2019, que imparten Nacho Solana y Guillermo Mart\u00ednez Santander, 30 de septiembre de 2022.- La Filmoteca de Cantabria Mario Camus conmemorar\u00e1 el 27 de octubre el D\u00eda del Patrimonio Audiovisual con la proyecci\u00f3n de cuatro trabajos iniciales del realizador c\u00e1ntabro que [&hellip;]","og_url":"https:\/\/filmotecacantabria.es\/es\/la-filmoteca-de-cantabria-conmemora-en-octubre-el-dia-del-patrimonio-audiovisual-con-la-proyeccion-de-trabajos-iniciales-de-mario-camus\/","og_site_name":"Filmoteca de Cantabria Mario Camus | Santander | Torrelavega | Regi\u00f3n","article_published_time":"2022-09-30T08:37:50+00:00","og_image":[{"width":1600,"height":900,"url":"https:\/\/filmotecacantabria.es\/es\/wp-content\/uploads\/2022\/09\/malditos-bastardos.jpg","type":"image\/jpeg"}],"author":"belen.cordoba@srecd.es","twitter_card":"summary_large_image","twitter_misc":{"Escrito por":"belen.cordoba@srecd.es","Tiempo de lectura":"4 minutos"},"schema":{"@context":"https:\/\/schema.org","@graph":[{"@type":"Article","@id":"https:\/\/filmotecacantabria.es\/es\/la-filmoteca-de-cantabria-conmemora-en-octubre-el-dia-del-patrimonio-audiovisual-con-la-proyeccion-de-trabajos-iniciales-de-mario-camus\/#article","isPartOf":{"@id":"https:\/\/filmotecacantabria.es\/es\/la-filmoteca-de-cantabria-conmemora-en-octubre-el-dia-del-patrimonio-audiovisual-con-la-proyeccion-de-trabajos-iniciales-de-mario-camus\/"},"author":{"name":"belen.cordoba@srecd.es","@id":"https:\/\/filmotecacantabria.es\/es\/#\/schema\/person\/86205b2ac543405aae888afb3afdb6d8"},"headline":"La Filmoteca de Cantabria conmemora en octubre el D\u00eda del Patrimonio Audiovisual con la proyecci\u00f3n de trabajos iniciales de Mario Camus","datePublished":"2022-09-30T08:37:50+00:00","dateModified":"2022-09-30T08:37:50+00:00","mainEntityOfPage":{"@id":"https:\/\/filmotecacantabria.es\/es\/la-filmoteca-de-cantabria-conmemora-en-octubre-el-dia-del-patrimonio-audiovisual-con-la-proyeccion-de-trabajos-iniciales-de-mario-camus\/"},"wordCount":858,"publisher":{"@id":"https:\/\/filmotecacantabria.es\/es\/#organization"},"articleSection":["Noticias"],"inLanguage":"es"},{"@type":"WebPage","@id":"https:\/\/filmotecacantabria.es\/es\/la-filmoteca-de-cantabria-conmemora-en-octubre-el-dia-del-patrimonio-audiovisual-con-la-proyeccion-de-trabajos-iniciales-de-mario-camus\/","url":"https:\/\/filmotecacantabria.es\/es\/la-filmoteca-de-cantabria-conmemora-en-octubre-el-dia-del-patrimonio-audiovisual-con-la-proyeccion-de-trabajos-iniciales-de-mario-camus\/","name":"La Filmoteca de Cantabria conmemora en octubre el D\u00eda del Patrimonio Audiovisual con la proyecci\u00f3n de trabajos iniciales de Mario Camus - Filmoteca de Cantabria Mario Camus | Santander | Torrelavega | Regi\u00f3n","isPartOf":{"@id":"https:\/\/filmotecacantabria.es\/es\/#website"},"datePublished":"2022-09-30T08:37:50+00:00","dateModified":"2022-09-30T08:37:50+00:00","breadcrumb":{"@id":"https:\/\/filmotecacantabria.es\/es\/la-filmoteca-de-cantabria-conmemora-en-octubre-el-dia-del-patrimonio-audiovisual-con-la-proyeccion-de-trabajos-iniciales-de-mario-camus\/#breadcrumb"},"inLanguage":"es","potentialAction":[{"@type":"ReadAction","target":["https:\/\/filmotecacantabria.es\/es\/la-filmoteca-de-cantabria-conmemora-en-octubre-el-dia-del-patrimonio-audiovisual-con-la-proyeccion-de-trabajos-iniciales-de-mario-camus\/"]}]},{"@type":"BreadcrumbList","@id":"https:\/\/filmotecacantabria.es\/es\/la-filmoteca-de-cantabria-conmemora-en-octubre-el-dia-del-patrimonio-audiovisual-con-la-proyeccion-de-trabajos-iniciales-de-mario-camus\/#breadcrumb","itemListElement":[{"@type":"ListItem","position":1,"name":"Portada","item":"https:\/\/filmotecacantabria.es\/es\/inicio\/"},{"@type":"ListItem","position":2,"name":"La Filmoteca de Cantabria conmemora en octubre el D\u00eda del Patrimonio Audiovisual con la proyecci\u00f3n de trabajos iniciales de Mario Camus"}]},{"@type":"WebSite","@id":"https:\/\/filmotecacantabria.es\/es\/#website","url":"https:\/\/filmotecacantabria.es\/es\/","name":"Filmoteca de Cantabria Mario Camus | Santander | Torrelavega | Regi\u00f3n","description":"Toda la programaci\u00f3n de las filmotecas de Cantabria Mario Camus.","publisher":{"@id":"https:\/\/filmotecacantabria.es\/es\/#organization"},"potentialAction":[{"@type":"SearchAction","target":{"@type":"EntryPoint","urlTemplate":"https:\/\/filmotecacantabria.es\/es\/?s={search_term_string}"},"query-input":"required name=search_term_string"}],"inLanguage":"es"},{"@type":"Organization","@id":"https:\/\/filmotecacantabria.es\/es\/#organization","name":"Filmoteca de Cantabria Mario Camus | Santander | Torrelavega | Regi\u00f3n","url":"https:\/\/filmotecacantabria.es\/es\/","sameAs":[],"logo":{"@type":"ImageObject","inLanguage":"es","@id":"https:\/\/filmotecacantabria.es\/es\/#\/schema\/logo\/image\/","url":"https:\/\/filmotecacantabria.es\/es\/wp-content\/uploads\/2021\/12\/logo-filmoteca-cantabria-1-mario-camus.png","contentUrl":"https:\/\/filmotecacantabria.es\/es\/wp-content\/uploads\/2021\/12\/logo-filmoteca-cantabria-1-mario-camus.png","width":170,"height":183,"caption":"Filmoteca de Cantabria Mario Camus | Santander | Torrelavega | Regi\u00f3n"},"image":{"@id":"https:\/\/filmotecacantabria.es\/es\/#\/schema\/logo\/image\/"}},{"@type":"Person","@id":"https:\/\/filmotecacantabria.es\/es\/#\/schema\/person\/86205b2ac543405aae888afb3afdb6d8","name":"belen.cordoba@srecd.es","image":{"@type":"ImageObject","inLanguage":"es","@id":"https:\/\/filmotecacantabria.es\/es\/#\/schema\/person\/image\/","url":"https:\/\/secure.gravatar.com\/avatar\/a185108474f14fc94f32f86115d60aeb?s=96&d=mm&r=g","contentUrl":"https:\/\/secure.gravatar.com\/avatar\/a185108474f14fc94f32f86115d60aeb?s=96&d=mm&r=g","caption":"belen.cordoba@srecd.es"}}]}},"_links":{"self":[{"href":"https:\/\/filmotecacantabria.es\/es\/wp-json\/wp\/v2\/posts\/2836"}],"collection":[{"href":"https:\/\/filmotecacantabria.es\/es\/wp-json\/wp\/v2\/posts"}],"about":[{"href":"https:\/\/filmotecacantabria.es\/es\/wp-json\/wp\/v2\/types\/post"}],"author":[{"embeddable":true,"href":"https:\/\/filmotecacantabria.es\/es\/wp-json\/wp\/v2\/users\/11"}],"replies":[{"embeddable":true,"href":"https:\/\/filmotecacantabria.es\/es\/wp-json\/wp\/v2\/comments?post=2836"}],"version-history":[{"count":2,"href":"https:\/\/filmotecacantabria.es\/es\/wp-json\/wp\/v2\/posts\/2836\/revisions"}],"predecessor-version":[{"id":2839,"href":"https:\/\/filmotecacantabria.es\/es\/wp-json\/wp\/v2\/posts\/2836\/revisions\/2839"}],"wp:featuredmedia":[{"embeddable":true,"href":"https:\/\/filmotecacantabria.es\/es\/wp-json\/wp\/v2\/media\/2837"}],"wp:attachment":[{"href":"https:\/\/filmotecacantabria.es\/es\/wp-json\/wp\/v2\/media?parent=2836"}],"wp:term":[{"taxonomy":"category","embeddable":true,"href":"https:\/\/filmotecacantabria.es\/es\/wp-json\/wp\/v2\/categories?post=2836"},{"taxonomy":"post_tag","embeddable":true,"href":"https:\/\/filmotecacantabria.es\/es\/wp-json\/wp\/v2\/tags?post=2836"}],"curies":[{"name":"wp","href":"https:\/\/api.w.org\/{rel}","templated":true}]}}