{"id":2783,"date":"2022-09-20T14:26:36","date_gmt":"2022-09-20T12:26:36","guid":{"rendered":"https:\/\/filmotecacantabria.es\/es\/?p=2783"},"modified":"2022-09-20T18:30:17","modified_gmt":"2022-09-20T16:30:17","slug":"zuloaga-anuncia-un-nuevo-incremento-de-las-ayudas-a-largometrajes-que-llegaran-a-200-000-euros-en-2023","status":"publish","type":"post","link":"https:\/\/filmotecacantabria.es\/es\/zuloaga-anuncia-un-nuevo-incremento-de-las-ayudas-a-largometrajes-que-llegaran-a-200-000-euros-en-2023\/","title":{"rendered":"Zuloaga anuncia un nuevo incremento de las ayudas a largometrajes que llegar\u00e1n a 200.000 euros en 2023"},"content":{"rendered":"<p><strong>El vicepresidente y consejero de Cultura habla de una \u00abgeneraci\u00f3n de creadores y creadoras c\u00e1ntabras\u00bb durante su encuentro, junto a seis realizadores, con el director del Festival Internacional de Cine de San Sebasti\u00e1n<\/strong><\/p>\n<p>Santander, 20 de septiembre de 2022.- El vicepresidente del Gobierno de Cantabria y consejero de Cultura, Pablo Zuloaga, ha anunciado un nuevo incremento de las ayudas destinadas al desarrollo y la producci\u00f3n de largometrajes en Cantabria, que pasar\u00e1 de 150.000 euros de inversi\u00f3n este a\u00f1o a 200.000 euros en los Presupuestos de 2023.<\/p>\n<p>Con este aumento, el Gobierno duplica la partida que tuvo este ayuda cuando se cre\u00f3 en 2020 e intensifica el apoyo del Ejecutivo al sector audiovisual c\u00e1ntabro y a sus creadores.<\/p>\n<p>Zuloaga ha hecho este anuncio tras la jornada de trabajo que ha mantenido esta ma\u00f1ana con el director del Festival de Cine de San Sebasti\u00e1n, Jos\u00e9 Luis Rebordinos, junto a los realizadores Juan Trueba, Ram\u00f3n S\u00e1nchez Orense, Francisco Vald\u00e9s, Pedro Soares Gusm\u00e3o, Jes\u00fas Choya y Nacho Solana, un grupo que, junto a otros creadores y\u00a0 creadoras de la regi\u00f3n componen, seg\u00fan ha destacado el vicepresidente, una generaci\u00f3n a la que ha llamado &#8216;Generaci\u00f3n DCP&#8217; por su consolidaci\u00f3n en torno a los Di\u00e1logos de Cine y Producci\u00f3n (DCP), que comenzaron en 2020 y han sumado 14 citas hasta el momento.<\/p>\n<p>\u00abLa &#8216;Generaci\u00f3n DCP&#8217; es una generaci\u00f3n de c\u00e1ntabros que impulsan proyectos audiovisuales gracias al trabajo que hacemos desde la Cantabria Film Comission y la Filmoteca regional Mario Camus con los Di\u00e1logos de Cine y Producci\u00f3n que el pr\u00f3ximo mes de noviembre alcanzar\u00e1 la d\u00e9cimo quinta cita\u00bb, ha afirmado el vicepresidente y consejero de Cultura.<\/p>\n<p>\u201cSon una generaci\u00f3n que crece, que cuidamos en Cantabria y con la que trabajamos absolutamente ilusionados porque con ellos Cantabria recorre los principales festivales como el de San Sebasti\u00e1n y el de M\u00e1laga, y en 2023 estar\u00e1n en Berl\u00edn buscando posicionar sus proyectos que ver\u00e1n la luz en la gran pantalla o en las plataformas pr\u00f3ximamente\u201d, ha explicado Zuloaga.<\/p>\n<p>Para el director del Festival Internacional de Cine de San Sebasti\u00e1n, desde hace 3 a\u00f1os \u00abCantabria est\u00e1 sonando en el panorama nacional de producciones de cine\u00bb, y ha destacado el apoyo del Gobierno y \u00abel talento y empuje de un grupo de realizadores e integrantes del sector\u00bb.<\/p>\n<p>Adem\u00e1s, Zuloaga y Rebordinos han abordado nuevas v\u00edas de colaboraci\u00f3n con actividades y planes conjuntos, as\u00ed como posibles formas de financiaci\u00f3n para los proyectos c\u00e1ntabros.<\/p>\n<p><strong>Las ayudas se duplican en dos a\u00f1os<\/strong><\/p>\n<p>Pablo Zuloaga ha anunciado un nuevo incremento de las ayudas en 2023 destinadas a la producci\u00f3n y desarrollo de largometrajes hasta alcanzar los 200.000 euros.<\/p>\n<p>De esta forma, el departamento que dirige Zuloaga duplica la inversi\u00f3n que se destin\u00f3 a esta medida en 2021, cuando se crearon estas ayudas por valor de 100.000 euros.<\/p>\n<p>Adem\u00e1s, ha dado a conocer los proyectos seleccionados de manera provisional en la convocatoria de estas ayudas en 2022.<\/p>\n<p>Se trata de \u2018La mujer del barco\u2019 de Burbuja Films, \u2018La carne d\u00f3cil\u2019 de Pedro Soares y \u2018Mi dolores\u2019 de Si Acaso Teatro Producciones en la categor\u00eda de ayudas al desarrollo de largometrajes, dotadas con 10.000 euros cada una.<\/p>\n<p>Adem\u00e1s, \u2018Lobo\u2019 de Montreaux Film Entertainment recibir\u00e1 80.000 euros dentro de la l\u00ednea de ayudas a la producci\u00f3n de largometrajes y \u2018Manuel Guti\u00e9rrez Arag\u00f3n, entre el sue\u00f1o y la vigilia\u2019 de Trueba&amp;Trueba Producciones obtendr\u00e1 40.000 euros de ayudas para su producci\u00f3n.<\/p>\n<p>&nbsp;<\/p>\n<p>&nbsp;<\/p>\n","protected":false},"excerpt":{"rendered":"<p>El vicepresidente y consejero de Cultura habla de una \u00abgeneraci\u00f3n de creadores y creadoras c\u00e1ntabras\u00bb durante su encuentro, junto a seis realizadores, con el director del Festival Internacional de Cine de San Sebasti\u00e1n Santander, 20 de septiembre de 2022.- El vicepresidente del Gobierno de Cantabria y consejero de Cultura, Pablo Zuloaga, ha anunciado un nuevo [&hellip;]<\/p>\n","protected":false},"author":9,"featured_media":2784,"comment_status":"closed","ping_status":"closed","sticky":false,"template":"","format":"standard","meta":{"inline_featured_image":false,"footnotes":""},"categories":[4],"tags":[],"class_list":["post-2783","post","type-post","status-publish","format-standard","has-post-thumbnail","hentry","category-noticias"],"yoast_head":"<!-- This site is optimized with the Yoast SEO plugin v19.6.1 - https:\/\/yoast.com\/wordpress\/plugins\/seo\/ -->\n<title>Zuloaga anuncia un nuevo incremento de las ayudas a largometrajes que llegar\u00e1n a 200.000 euros en 2023 - Filmoteca de Cantabria Mario Camus | Santander | Torrelavega | Regi\u00f3n<\/title>\n<meta name=\"robots\" content=\"index, follow, max-snippet:-1, max-image-preview:large, max-video-preview:-1\" \/>\n<link rel=\"canonical\" href=\"https:\/\/filmotecacantabria.es\/es\/zuloaga-anuncia-un-nuevo-incremento-de-las-ayudas-a-largometrajes-que-llegaran-a-200-000-euros-en-2023\/\" \/>\n<meta property=\"og:locale\" content=\"es_ES\" \/>\n<meta property=\"og:type\" content=\"article\" \/>\n<meta property=\"og:title\" content=\"Zuloaga anuncia un nuevo incremento de las ayudas a largometrajes que llegar\u00e1n a 200.000 euros en 2023 - Filmoteca de Cantabria Mario Camus | Santander | Torrelavega | Regi\u00f3n\" \/>\n<meta property=\"og:description\" content=\"El vicepresidente y consejero de Cultura habla de una \u00abgeneraci\u00f3n de creadores y creadoras c\u00e1ntabras\u00bb durante su encuentro, junto a seis realizadores, con el director del Festival Internacional de Cine de San Sebasti\u00e1n Santander, 20 de septiembre de 2022.- El vicepresidente del Gobierno de Cantabria y consejero de Cultura, Pablo Zuloaga, ha anunciado un nuevo [&hellip;]\" \/>\n<meta property=\"og:url\" content=\"https:\/\/filmotecacantabria.es\/es\/zuloaga-anuncia-un-nuevo-incremento-de-las-ayudas-a-largometrajes-que-llegaran-a-200-000-euros-en-2023\/\" \/>\n<meta property=\"og:site_name\" content=\"Filmoteca de Cantabria Mario Camus | Santander | Torrelavega | Regi\u00f3n\" \/>\n<meta property=\"article:published_time\" content=\"2022-09-20T12:26:36+00:00\" \/>\n<meta property=\"article:modified_time\" content=\"2022-09-20T16:30:17+00:00\" \/>\n<meta property=\"og:image\" content=\"https:\/\/filmotecacantabria.es\/es\/wp-content\/uploads\/2022\/09\/thumbnail-fdgeiurxwaeviqm.jpg\" \/>\n\t<meta property=\"og:image:width\" content=\"1280\" \/>\n\t<meta property=\"og:image:height\" content=\"960\" \/>\n\t<meta property=\"og:image:type\" content=\"image\/jpeg\" \/>\n<meta name=\"author\" content=\"JavierRedondo\" \/>\n<meta name=\"twitter:card\" content=\"summary_large_image\" \/>\n<meta name=\"twitter:label1\" content=\"Escrito por\" \/>\n\t<meta name=\"twitter:data1\" content=\"JavierRedondo\" \/>\n\t<meta name=\"twitter:label2\" content=\"Tiempo de lectura\" \/>\n\t<meta name=\"twitter:data2\" content=\"3 minutos\" \/>\n<script type=\"application\/ld+json\" class=\"yoast-schema-graph\">{\"@context\":\"https:\/\/schema.org\",\"@graph\":[{\"@type\":\"Article\",\"@id\":\"https:\/\/filmotecacantabria.es\/es\/zuloaga-anuncia-un-nuevo-incremento-de-las-ayudas-a-largometrajes-que-llegaran-a-200-000-euros-en-2023\/#article\",\"isPartOf\":{\"@id\":\"https:\/\/filmotecacantabria.es\/es\/zuloaga-anuncia-un-nuevo-incremento-de-las-ayudas-a-largometrajes-que-llegaran-a-200-000-euros-en-2023\/\"},\"author\":{\"name\":\"JavierRedondo\",\"@id\":\"https:\/\/filmotecacantabria.es\/es\/#\/schema\/person\/06d6b27576c98088611161a8653de233\"},\"headline\":\"Zuloaga anuncia un nuevo incremento de las ayudas a largometrajes que llegar\u00e1n a 200.000 euros en 2023\",\"datePublished\":\"2022-09-20T12:26:36+00:00\",\"dateModified\":\"2022-09-20T16:30:17+00:00\",\"mainEntityOfPage\":{\"@id\":\"https:\/\/filmotecacantabria.es\/es\/zuloaga-anuncia-un-nuevo-incremento-de-las-ayudas-a-largometrajes-que-llegaran-a-200-000-euros-en-2023\/\"},\"wordCount\":619,\"publisher\":{\"@id\":\"https:\/\/filmotecacantabria.es\/es\/#organization\"},\"articleSection\":[\"Noticias\"],\"inLanguage\":\"es\"},{\"@type\":\"WebPage\",\"@id\":\"https:\/\/filmotecacantabria.es\/es\/zuloaga-anuncia-un-nuevo-incremento-de-las-ayudas-a-largometrajes-que-llegaran-a-200-000-euros-en-2023\/\",\"url\":\"https:\/\/filmotecacantabria.es\/es\/zuloaga-anuncia-un-nuevo-incremento-de-las-ayudas-a-largometrajes-que-llegaran-a-200-000-euros-en-2023\/\",\"name\":\"Zuloaga anuncia un nuevo incremento de las ayudas a largometrajes que llegar\u00e1n a 200.000 euros en 2023 - Filmoteca de Cantabria Mario Camus | Santander | Torrelavega | Regi\u00f3n\",\"isPartOf\":{\"@id\":\"https:\/\/filmotecacantabria.es\/es\/#website\"},\"datePublished\":\"2022-09-20T12:26:36+00:00\",\"dateModified\":\"2022-09-20T16:30:17+00:00\",\"breadcrumb\":{\"@id\":\"https:\/\/filmotecacantabria.es\/es\/zuloaga-anuncia-un-nuevo-incremento-de-las-ayudas-a-largometrajes-que-llegaran-a-200-000-euros-en-2023\/#breadcrumb\"},\"inLanguage\":\"es\",\"potentialAction\":[{\"@type\":\"ReadAction\",\"target\":[\"https:\/\/filmotecacantabria.es\/es\/zuloaga-anuncia-un-nuevo-incremento-de-las-ayudas-a-largometrajes-que-llegaran-a-200-000-euros-en-2023\/\"]}]},{\"@type\":\"BreadcrumbList\",\"@id\":\"https:\/\/filmotecacantabria.es\/es\/zuloaga-anuncia-un-nuevo-incremento-de-las-ayudas-a-largometrajes-que-llegaran-a-200-000-euros-en-2023\/#breadcrumb\",\"itemListElement\":[{\"@type\":\"ListItem\",\"position\":1,\"name\":\"Portada\",\"item\":\"https:\/\/filmotecacantabria.es\/es\/inicio\/\"},{\"@type\":\"ListItem\",\"position\":2,\"name\":\"Zuloaga anuncia un nuevo incremento de las ayudas a largometrajes que llegar\u00e1n a 200.000 euros en 2023\"}]},{\"@type\":\"WebSite\",\"@id\":\"https:\/\/filmotecacantabria.es\/es\/#website\",\"url\":\"https:\/\/filmotecacantabria.es\/es\/\",\"name\":\"Filmoteca de Cantabria Mario Camus | Santander | Torrelavega | Regi\u00f3n\",\"description\":\"Toda la programaci\u00f3n de las filmotecas de Cantabria Mario Camus.\",\"publisher\":{\"@id\":\"https:\/\/filmotecacantabria.es\/es\/#organization\"},\"potentialAction\":[{\"@type\":\"SearchAction\",\"target\":{\"@type\":\"EntryPoint\",\"urlTemplate\":\"https:\/\/filmotecacantabria.es\/es\/?s={search_term_string}\"},\"query-input\":\"required name=search_term_string\"}],\"inLanguage\":\"es\"},{\"@type\":\"Organization\",\"@id\":\"https:\/\/filmotecacantabria.es\/es\/#organization\",\"name\":\"Filmoteca de Cantabria Mario Camus | Santander | Torrelavega | Regi\u00f3n\",\"url\":\"https:\/\/filmotecacantabria.es\/es\/\",\"sameAs\":[],\"logo\":{\"@type\":\"ImageObject\",\"inLanguage\":\"es\",\"@id\":\"https:\/\/filmotecacantabria.es\/es\/#\/schema\/logo\/image\/\",\"url\":\"https:\/\/filmotecacantabria.es\/es\/wp-content\/uploads\/2021\/12\/logo-filmoteca-cantabria-1-mario-camus.png\",\"contentUrl\":\"https:\/\/filmotecacantabria.es\/es\/wp-content\/uploads\/2021\/12\/logo-filmoteca-cantabria-1-mario-camus.png\",\"width\":170,\"height\":183,\"caption\":\"Filmoteca de Cantabria Mario Camus | Santander | Torrelavega | Regi\u00f3n\"},\"image\":{\"@id\":\"https:\/\/filmotecacantabria.es\/es\/#\/schema\/logo\/image\/\"}},{\"@type\":\"Person\",\"@id\":\"https:\/\/filmotecacantabria.es\/es\/#\/schema\/person\/06d6b27576c98088611161a8653de233\",\"name\":\"JavierRedondo\",\"image\":{\"@type\":\"ImageObject\",\"inLanguage\":\"es\",\"@id\":\"https:\/\/filmotecacantabria.es\/es\/#\/schema\/person\/image\/\",\"url\":\"https:\/\/secure.gravatar.com\/avatar\/4b2f8666330831637b7358bfcec2185e?s=96&d=mm&r=g\",\"contentUrl\":\"https:\/\/secure.gravatar.com\/avatar\/4b2f8666330831637b7358bfcec2185e?s=96&d=mm&r=g\",\"caption\":\"JavierRedondo\"},\"sameAs\":[\"danae@semarac.com\"]}]}<\/script>\n<!-- \/ Yoast SEO plugin. -->","yoast_head_json":{"title":"Zuloaga anuncia un nuevo incremento de las ayudas a largometrajes que llegar\u00e1n a 200.000 euros en 2023 - Filmoteca de Cantabria Mario Camus | Santander | Torrelavega | Regi\u00f3n","robots":{"index":"index","follow":"follow","max-snippet":"max-snippet:-1","max-image-preview":"max-image-preview:large","max-video-preview":"max-video-preview:-1"},"canonical":"https:\/\/filmotecacantabria.es\/es\/zuloaga-anuncia-un-nuevo-incremento-de-las-ayudas-a-largometrajes-que-llegaran-a-200-000-euros-en-2023\/","og_locale":"es_ES","og_type":"article","og_title":"Zuloaga anuncia un nuevo incremento de las ayudas a largometrajes que llegar\u00e1n a 200.000 euros en 2023 - Filmoteca de Cantabria Mario Camus | Santander | Torrelavega | Regi\u00f3n","og_description":"El vicepresidente y consejero de Cultura habla de una \u00abgeneraci\u00f3n de creadores y creadoras c\u00e1ntabras\u00bb durante su encuentro, junto a seis realizadores, con el director del Festival Internacional de Cine de San Sebasti\u00e1n Santander, 20 de septiembre de 2022.- El vicepresidente del Gobierno de Cantabria y consejero de Cultura, Pablo Zuloaga, ha anunciado un nuevo [&hellip;]","og_url":"https:\/\/filmotecacantabria.es\/es\/zuloaga-anuncia-un-nuevo-incremento-de-las-ayudas-a-largometrajes-que-llegaran-a-200-000-euros-en-2023\/","og_site_name":"Filmoteca de Cantabria Mario Camus | Santander | Torrelavega | Regi\u00f3n","article_published_time":"2022-09-20T12:26:36+00:00","article_modified_time":"2022-09-20T16:30:17+00:00","og_image":[{"width":1280,"height":960,"url":"https:\/\/filmotecacantabria.es\/es\/wp-content\/uploads\/2022\/09\/thumbnail-fdgeiurxwaeviqm.jpg","type":"image\/jpeg"}],"author":"JavierRedondo","twitter_card":"summary_large_image","twitter_misc":{"Escrito por":"JavierRedondo","Tiempo de lectura":"3 minutos"},"schema":{"@context":"https:\/\/schema.org","@graph":[{"@type":"Article","@id":"https:\/\/filmotecacantabria.es\/es\/zuloaga-anuncia-un-nuevo-incremento-de-las-ayudas-a-largometrajes-que-llegaran-a-200-000-euros-en-2023\/#article","isPartOf":{"@id":"https:\/\/filmotecacantabria.es\/es\/zuloaga-anuncia-un-nuevo-incremento-de-las-ayudas-a-largometrajes-que-llegaran-a-200-000-euros-en-2023\/"},"author":{"name":"JavierRedondo","@id":"https:\/\/filmotecacantabria.es\/es\/#\/schema\/person\/06d6b27576c98088611161a8653de233"},"headline":"Zuloaga anuncia un nuevo incremento de las ayudas a largometrajes que llegar\u00e1n a 200.000 euros en 2023","datePublished":"2022-09-20T12:26:36+00:00","dateModified":"2022-09-20T16:30:17+00:00","mainEntityOfPage":{"@id":"https:\/\/filmotecacantabria.es\/es\/zuloaga-anuncia-un-nuevo-incremento-de-las-ayudas-a-largometrajes-que-llegaran-a-200-000-euros-en-2023\/"},"wordCount":619,"publisher":{"@id":"https:\/\/filmotecacantabria.es\/es\/#organization"},"articleSection":["Noticias"],"inLanguage":"es"},{"@type":"WebPage","@id":"https:\/\/filmotecacantabria.es\/es\/zuloaga-anuncia-un-nuevo-incremento-de-las-ayudas-a-largometrajes-que-llegaran-a-200-000-euros-en-2023\/","url":"https:\/\/filmotecacantabria.es\/es\/zuloaga-anuncia-un-nuevo-incremento-de-las-ayudas-a-largometrajes-que-llegaran-a-200-000-euros-en-2023\/","name":"Zuloaga anuncia un nuevo incremento de las ayudas a largometrajes que llegar\u00e1n a 200.000 euros en 2023 - Filmoteca de Cantabria Mario Camus | Santander | Torrelavega | Regi\u00f3n","isPartOf":{"@id":"https:\/\/filmotecacantabria.es\/es\/#website"},"datePublished":"2022-09-20T12:26:36+00:00","dateModified":"2022-09-20T16:30:17+00:00","breadcrumb":{"@id":"https:\/\/filmotecacantabria.es\/es\/zuloaga-anuncia-un-nuevo-incremento-de-las-ayudas-a-largometrajes-que-llegaran-a-200-000-euros-en-2023\/#breadcrumb"},"inLanguage":"es","potentialAction":[{"@type":"ReadAction","target":["https:\/\/filmotecacantabria.es\/es\/zuloaga-anuncia-un-nuevo-incremento-de-las-ayudas-a-largometrajes-que-llegaran-a-200-000-euros-en-2023\/"]}]},{"@type":"BreadcrumbList","@id":"https:\/\/filmotecacantabria.es\/es\/zuloaga-anuncia-un-nuevo-incremento-de-las-ayudas-a-largometrajes-que-llegaran-a-200-000-euros-en-2023\/#breadcrumb","itemListElement":[{"@type":"ListItem","position":1,"name":"Portada","item":"https:\/\/filmotecacantabria.es\/es\/inicio\/"},{"@type":"ListItem","position":2,"name":"Zuloaga anuncia un nuevo incremento de las ayudas a largometrajes que llegar\u00e1n a 200.000 euros en 2023"}]},{"@type":"WebSite","@id":"https:\/\/filmotecacantabria.es\/es\/#website","url":"https:\/\/filmotecacantabria.es\/es\/","name":"Filmoteca de Cantabria Mario Camus | Santander | Torrelavega | Regi\u00f3n","description":"Toda la programaci\u00f3n de las filmotecas de Cantabria Mario Camus.","publisher":{"@id":"https:\/\/filmotecacantabria.es\/es\/#organization"},"potentialAction":[{"@type":"SearchAction","target":{"@type":"EntryPoint","urlTemplate":"https:\/\/filmotecacantabria.es\/es\/?s={search_term_string}"},"query-input":"required name=search_term_string"}],"inLanguage":"es"},{"@type":"Organization","@id":"https:\/\/filmotecacantabria.es\/es\/#organization","name":"Filmoteca de Cantabria Mario Camus | Santander | Torrelavega | Regi\u00f3n","url":"https:\/\/filmotecacantabria.es\/es\/","sameAs":[],"logo":{"@type":"ImageObject","inLanguage":"es","@id":"https:\/\/filmotecacantabria.es\/es\/#\/schema\/logo\/image\/","url":"https:\/\/filmotecacantabria.es\/es\/wp-content\/uploads\/2021\/12\/logo-filmoteca-cantabria-1-mario-camus.png","contentUrl":"https:\/\/filmotecacantabria.es\/es\/wp-content\/uploads\/2021\/12\/logo-filmoteca-cantabria-1-mario-camus.png","width":170,"height":183,"caption":"Filmoteca de Cantabria Mario Camus | Santander | Torrelavega | Regi\u00f3n"},"image":{"@id":"https:\/\/filmotecacantabria.es\/es\/#\/schema\/logo\/image\/"}},{"@type":"Person","@id":"https:\/\/filmotecacantabria.es\/es\/#\/schema\/person\/06d6b27576c98088611161a8653de233","name":"JavierRedondo","image":{"@type":"ImageObject","inLanguage":"es","@id":"https:\/\/filmotecacantabria.es\/es\/#\/schema\/person\/image\/","url":"https:\/\/secure.gravatar.com\/avatar\/4b2f8666330831637b7358bfcec2185e?s=96&d=mm&r=g","contentUrl":"https:\/\/secure.gravatar.com\/avatar\/4b2f8666330831637b7358bfcec2185e?s=96&d=mm&r=g","caption":"JavierRedondo"},"sameAs":["danae@semarac.com"]}]}},"_links":{"self":[{"href":"https:\/\/filmotecacantabria.es\/es\/wp-json\/wp\/v2\/posts\/2783"}],"collection":[{"href":"https:\/\/filmotecacantabria.es\/es\/wp-json\/wp\/v2\/posts"}],"about":[{"href":"https:\/\/filmotecacantabria.es\/es\/wp-json\/wp\/v2\/types\/post"}],"author":[{"embeddable":true,"href":"https:\/\/filmotecacantabria.es\/es\/wp-json\/wp\/v2\/users\/9"}],"replies":[{"embeddable":true,"href":"https:\/\/filmotecacantabria.es\/es\/wp-json\/wp\/v2\/comments?post=2783"}],"version-history":[{"count":5,"href":"https:\/\/filmotecacantabria.es\/es\/wp-json\/wp\/v2\/posts\/2783\/revisions"}],"predecessor-version":[{"id":2815,"href":"https:\/\/filmotecacantabria.es\/es\/wp-json\/wp\/v2\/posts\/2783\/revisions\/2815"}],"wp:featuredmedia":[{"embeddable":true,"href":"https:\/\/filmotecacantabria.es\/es\/wp-json\/wp\/v2\/media\/2784"}],"wp:attachment":[{"href":"https:\/\/filmotecacantabria.es\/es\/wp-json\/wp\/v2\/media?parent=2783"}],"wp:term":[{"taxonomy":"category","embeddable":true,"href":"https:\/\/filmotecacantabria.es\/es\/wp-json\/wp\/v2\/categories?post=2783"},{"taxonomy":"post_tag","embeddable":true,"href":"https:\/\/filmotecacantabria.es\/es\/wp-json\/wp\/v2\/tags?post=2783"}],"curies":[{"name":"wp","href":"https:\/\/api.w.org\/{rel}","templated":true}]}}