{"id":2719,"date":"2022-08-31T12:20:30","date_gmt":"2022-08-31T10:20:30","guid":{"rendered":"https:\/\/filmotecacantabria.es\/es\/?p=2719"},"modified":"2022-09-19T12:46:48","modified_gmt":"2022-09-19T10:46:48","slug":"la-filmoteca-acoge-en-septiembre-el-ciclo-junto-al-mar-para-celebrar-el-150-aniversario-del-puerto-de-santander","status":"publish","type":"post","link":"https:\/\/filmotecacantabria.es\/es\/la-filmoteca-acoge-en-septiembre-el-ciclo-junto-al-mar-para-celebrar-el-150-aniversario-del-puerto-de-santander\/","title":{"rendered":"La Filmoteca acoge en septiembre el ciclo \u2018Junto al mar\u2019 para celebrar el 150 aniversario del Puerto de Santander"},"content":{"rendered":"<p>Santander, 31 ago (Agencia EFE).- La Filmoteca de Cantabria acoger\u00e1 cuatro jueves de septiembre una pel\u00edcula con tem\u00e1tica portuaria, dentro del ciclo \u00abJunto al mar\u00bb, para celebrar el 150 aniversario del Puerto de Santander.<br aria-hidden=\"true\" \/><br aria-hidden=\"true\" \/>As\u00ed lo han anunciado este mi\u00e9rcoles en rueda de prensa la directora general de Acci\u00f3n Cultural, Gema Agudo, el director del Puerto de Santander, Santiago D\u00edaz, y el director de la Filmoteca de Cantabria, Antonio Navarro.<br aria-hidden=\"true\" \/><br aria-hidden=\"true\" \/>El ciclo arrancar\u00e1 ma\u00f1ana, jueves, con la pel\u00edcula \u00abPosada Jamaica\u00bb, dirigida por Alfred Hitchcock, y seguir\u00e1 el jueves 15 con \u00abLa ley del silencio\u00bb, dirigida por Elia Kazan y protagonizada por Marlon Brando.<br aria-hidden=\"true\" \/><br aria-hidden=\"true\" \/>El 22 de septiembre se proyectar\u00e1 la pel\u00edcula Fernando Le\u00f3n de Aranoa \u00abLos lunes al sol\u00bb, que protagonizan Javier Bardem y Luis Tosar, y el ciclo acabar\u00e1 el d\u00eda 29 con \u00abEl Havre\u00bb, del director finland\u00e9s Aki Kaurism\u00e4ki.<br aria-hidden=\"true\" \/><br aria-hidden=\"true\" \/>La directora general de Acci\u00f3n Cultural, Gema Agudo, ha subrayado que el Puerto de Santander es una instalaci\u00f3n \u00abfundamental\u00bb para el desarrollo de la ciudad y la regi\u00f3n.<br aria-hidden=\"true\" \/><br aria-hidden=\"true\" \/>Por su parte, el director del Puerto de Santander ha afirmado que las pel\u00edculas, aunque sean cl\u00e1sicas, se \u00abajustan perfectamente\u00bb a los que es el puerto.<br aria-hidden=\"true\" \/><br aria-hidden=\"true\" \/>Finalmente, Navarro ha asegurado que con estas pel\u00edculas se busca \u00abmezclar cl\u00e1sicos con pel\u00edculas del siglo 21\u00bb, que comenzar\u00e1n a las 20.30 horas y que su entrada tendr\u00e1 un coste de 3 euros si son sueltas, o 2,50 si se compra un abono. Agencia EFE<\/p>\n","protected":false},"excerpt":{"rendered":"<p>Santander, 31 ago (Agencia EFE).- La Filmoteca de Cantabria acoger\u00e1 cuatro jueves de septiembre una pel\u00edcula con tem\u00e1tica portuaria, dentro del ciclo \u00abJunto al mar\u00bb, para celebrar el 150 aniversario del Puerto de Santander.As\u00ed lo han anunciado este mi\u00e9rcoles en rueda de prensa la directora general de Acci\u00f3n Cultural, Gema Agudo, el director del Puerto [&hellip;]<\/p>\n","protected":false},"author":9,"featured_media":2720,"comment_status":"closed","ping_status":"closed","sticky":false,"template":"","format":"standard","meta":{"inline_featured_image":false,"footnotes":""},"categories":[4],"tags":[],"class_list":["post-2719","post","type-post","status-publish","format-standard","has-post-thumbnail","hentry","category-noticias"],"yoast_head":"<!-- This site is optimized with the Yoast SEO plugin v19.6.1 - https:\/\/yoast.com\/wordpress\/plugins\/seo\/ -->\n<title>La Filmoteca acoge en septiembre el ciclo \u2018Junto al mar\u2019 para celebrar el 150 aniversario del Puerto de Santander - Filmoteca de Cantabria Mario Camus | Santander | Torrelavega | Regi\u00f3n<\/title>\n<meta name=\"robots\" content=\"index, follow, max-snippet:-1, max-image-preview:large, max-video-preview:-1\" \/>\n<link rel=\"canonical\" href=\"https:\/\/filmotecacantabria.es\/es\/la-filmoteca-acoge-en-septiembre-el-ciclo-junto-al-mar-para-celebrar-el-150-aniversario-del-puerto-de-santander\/\" \/>\n<meta property=\"og:locale\" content=\"es_ES\" \/>\n<meta property=\"og:type\" content=\"article\" \/>\n<meta property=\"og:title\" content=\"La Filmoteca acoge en septiembre el ciclo \u2018Junto al mar\u2019 para celebrar el 150 aniversario del Puerto de Santander - Filmoteca de Cantabria Mario Camus | Santander | Torrelavega | Regi\u00f3n\" \/>\n<meta property=\"og:description\" content=\"Santander, 31 ago (Agencia EFE).- La Filmoteca de Cantabria acoger\u00e1 cuatro jueves de septiembre una pel\u00edcula con tem\u00e1tica portuaria, dentro del ciclo \u00abJunto al mar\u00bb, para celebrar el 150 aniversario del Puerto de Santander.As\u00ed lo han anunciado este mi\u00e9rcoles en rueda de prensa la directora general de Acci\u00f3n Cultural, Gema Agudo, el director del Puerto [&hellip;]\" \/>\n<meta property=\"og:url\" content=\"https:\/\/filmotecacantabria.es\/es\/la-filmoteca-acoge-en-septiembre-el-ciclo-junto-al-mar-para-celebrar-el-150-aniversario-del-puerto-de-santander\/\" \/>\n<meta property=\"og:site_name\" content=\"Filmoteca de Cantabria Mario Camus | Santander | Torrelavega | Regi\u00f3n\" \/>\n<meta property=\"article:published_time\" content=\"2022-08-31T10:20:30+00:00\" \/>\n<meta property=\"article:modified_time\" content=\"2022-09-19T10:46:48+00:00\" \/>\n<meta property=\"og:image\" content=\"https:\/\/filmotecacantabria.es\/es\/wp-content\/uploads\/2022\/08\/img-0511-1030x738.jpg\" \/>\n\t<meta property=\"og:image:width\" content=\"1030\" \/>\n\t<meta property=\"og:image:height\" content=\"738\" \/>\n\t<meta property=\"og:image:type\" content=\"image\/jpeg\" \/>\n<meta name=\"author\" content=\"JavierRedondo\" \/>\n<meta name=\"twitter:card\" content=\"summary_large_image\" \/>\n<meta name=\"twitter:label1\" content=\"Escrito por\" \/>\n\t<meta name=\"twitter:data1\" content=\"JavierRedondo\" \/>\n\t<meta name=\"twitter:label2\" content=\"Tiempo de lectura\" \/>\n\t<meta name=\"twitter:data2\" content=\"2 minutos\" \/>\n<script type=\"application\/ld+json\" class=\"yoast-schema-graph\">{\"@context\":\"https:\/\/schema.org\",\"@graph\":[{\"@type\":\"Article\",\"@id\":\"https:\/\/filmotecacantabria.es\/es\/la-filmoteca-acoge-en-septiembre-el-ciclo-junto-al-mar-para-celebrar-el-150-aniversario-del-puerto-de-santander\/#article\",\"isPartOf\":{\"@id\":\"https:\/\/filmotecacantabria.es\/es\/la-filmoteca-acoge-en-septiembre-el-ciclo-junto-al-mar-para-celebrar-el-150-aniversario-del-puerto-de-santander\/\"},\"author\":{\"name\":\"JavierRedondo\",\"@id\":\"https:\/\/filmotecacantabria.es\/es\/#\/schema\/person\/06d6b27576c98088611161a8653de233\"},\"headline\":\"La Filmoteca acoge en septiembre el ciclo \u2018Junto al mar\u2019 para celebrar el 150 aniversario del Puerto de Santander\",\"datePublished\":\"2022-08-31T10:20:30+00:00\",\"dateModified\":\"2022-09-19T10:46:48+00:00\",\"mainEntityOfPage\":{\"@id\":\"https:\/\/filmotecacantabria.es\/es\/la-filmoteca-acoge-en-septiembre-el-ciclo-junto-al-mar-para-celebrar-el-150-aniversario-del-puerto-de-santander\/\"},\"wordCount\":271,\"publisher\":{\"@id\":\"https:\/\/filmotecacantabria.es\/es\/#organization\"},\"articleSection\":[\"Noticias\"],\"inLanguage\":\"es\"},{\"@type\":\"WebPage\",\"@id\":\"https:\/\/filmotecacantabria.es\/es\/la-filmoteca-acoge-en-septiembre-el-ciclo-junto-al-mar-para-celebrar-el-150-aniversario-del-puerto-de-santander\/\",\"url\":\"https:\/\/filmotecacantabria.es\/es\/la-filmoteca-acoge-en-septiembre-el-ciclo-junto-al-mar-para-celebrar-el-150-aniversario-del-puerto-de-santander\/\",\"name\":\"La Filmoteca acoge en septiembre el ciclo \u2018Junto al mar\u2019 para celebrar el 150 aniversario del Puerto de Santander - Filmoteca de Cantabria Mario Camus | Santander | Torrelavega | Regi\u00f3n\",\"isPartOf\":{\"@id\":\"https:\/\/filmotecacantabria.es\/es\/#website\"},\"datePublished\":\"2022-08-31T10:20:30+00:00\",\"dateModified\":\"2022-09-19T10:46:48+00:00\",\"breadcrumb\":{\"@id\":\"https:\/\/filmotecacantabria.es\/es\/la-filmoteca-acoge-en-septiembre-el-ciclo-junto-al-mar-para-celebrar-el-150-aniversario-del-puerto-de-santander\/#breadcrumb\"},\"inLanguage\":\"es\",\"potentialAction\":[{\"@type\":\"ReadAction\",\"target\":[\"https:\/\/filmotecacantabria.es\/es\/la-filmoteca-acoge-en-septiembre-el-ciclo-junto-al-mar-para-celebrar-el-150-aniversario-del-puerto-de-santander\/\"]}]},{\"@type\":\"BreadcrumbList\",\"@id\":\"https:\/\/filmotecacantabria.es\/es\/la-filmoteca-acoge-en-septiembre-el-ciclo-junto-al-mar-para-celebrar-el-150-aniversario-del-puerto-de-santander\/#breadcrumb\",\"itemListElement\":[{\"@type\":\"ListItem\",\"position\":1,\"name\":\"Portada\",\"item\":\"https:\/\/filmotecacantabria.es\/es\/inicio\/\"},{\"@type\":\"ListItem\",\"position\":2,\"name\":\"La Filmoteca acoge en septiembre el ciclo \u2018Junto al mar\u2019 para celebrar el 150 aniversario del Puerto de Santander\"}]},{\"@type\":\"WebSite\",\"@id\":\"https:\/\/filmotecacantabria.es\/es\/#website\",\"url\":\"https:\/\/filmotecacantabria.es\/es\/\",\"name\":\"Filmoteca de Cantabria Mario Camus | Santander | Torrelavega | Regi\u00f3n\",\"description\":\"Toda la programaci\u00f3n de las filmotecas de Cantabria Mario Camus.\",\"publisher\":{\"@id\":\"https:\/\/filmotecacantabria.es\/es\/#organization\"},\"potentialAction\":[{\"@type\":\"SearchAction\",\"target\":{\"@type\":\"EntryPoint\",\"urlTemplate\":\"https:\/\/filmotecacantabria.es\/es\/?s={search_term_string}\"},\"query-input\":\"required name=search_term_string\"}],\"inLanguage\":\"es\"},{\"@type\":\"Organization\",\"@id\":\"https:\/\/filmotecacantabria.es\/es\/#organization\",\"name\":\"Filmoteca de Cantabria Mario Camus | Santander | Torrelavega | Regi\u00f3n\",\"url\":\"https:\/\/filmotecacantabria.es\/es\/\",\"sameAs\":[],\"logo\":{\"@type\":\"ImageObject\",\"inLanguage\":\"es\",\"@id\":\"https:\/\/filmotecacantabria.es\/es\/#\/schema\/logo\/image\/\",\"url\":\"https:\/\/filmotecacantabria.es\/es\/wp-content\/uploads\/2021\/12\/logo-filmoteca-cantabria-1-mario-camus.png\",\"contentUrl\":\"https:\/\/filmotecacantabria.es\/es\/wp-content\/uploads\/2021\/12\/logo-filmoteca-cantabria-1-mario-camus.png\",\"width\":170,\"height\":183,\"caption\":\"Filmoteca de Cantabria Mario Camus | Santander | Torrelavega | Regi\u00f3n\"},\"image\":{\"@id\":\"https:\/\/filmotecacantabria.es\/es\/#\/schema\/logo\/image\/\"}},{\"@type\":\"Person\",\"@id\":\"https:\/\/filmotecacantabria.es\/es\/#\/schema\/person\/06d6b27576c98088611161a8653de233\",\"name\":\"JavierRedondo\",\"image\":{\"@type\":\"ImageObject\",\"inLanguage\":\"es\",\"@id\":\"https:\/\/filmotecacantabria.es\/es\/#\/schema\/person\/image\/\",\"url\":\"https:\/\/secure.gravatar.com\/avatar\/4b2f8666330831637b7358bfcec2185e?s=96&d=mm&r=g\",\"contentUrl\":\"https:\/\/secure.gravatar.com\/avatar\/4b2f8666330831637b7358bfcec2185e?s=96&d=mm&r=g\",\"caption\":\"JavierRedondo\"},\"sameAs\":[\"danae@semarac.com\"]}]}<\/script>\n<!-- \/ Yoast SEO plugin. -->","yoast_head_json":{"title":"La Filmoteca acoge en septiembre el ciclo \u2018Junto al mar\u2019 para celebrar el 150 aniversario del Puerto de Santander - Filmoteca de Cantabria Mario Camus | Santander | Torrelavega | Regi\u00f3n","robots":{"index":"index","follow":"follow","max-snippet":"max-snippet:-1","max-image-preview":"max-image-preview:large","max-video-preview":"max-video-preview:-1"},"canonical":"https:\/\/filmotecacantabria.es\/es\/la-filmoteca-acoge-en-septiembre-el-ciclo-junto-al-mar-para-celebrar-el-150-aniversario-del-puerto-de-santander\/","og_locale":"es_ES","og_type":"article","og_title":"La Filmoteca acoge en septiembre el ciclo \u2018Junto al mar\u2019 para celebrar el 150 aniversario del Puerto de Santander - Filmoteca de Cantabria Mario Camus | Santander | Torrelavega | Regi\u00f3n","og_description":"Santander, 31 ago (Agencia EFE).- La Filmoteca de Cantabria acoger\u00e1 cuatro jueves de septiembre una pel\u00edcula con tem\u00e1tica portuaria, dentro del ciclo \u00abJunto al mar\u00bb, para celebrar el 150 aniversario del Puerto de Santander.As\u00ed lo han anunciado este mi\u00e9rcoles en rueda de prensa la directora general de Acci\u00f3n Cultural, Gema Agudo, el director del Puerto [&hellip;]","og_url":"https:\/\/filmotecacantabria.es\/es\/la-filmoteca-acoge-en-septiembre-el-ciclo-junto-al-mar-para-celebrar-el-150-aniversario-del-puerto-de-santander\/","og_site_name":"Filmoteca de Cantabria Mario Camus | Santander | Torrelavega | Regi\u00f3n","article_published_time":"2022-08-31T10:20:30+00:00","article_modified_time":"2022-09-19T10:46:48+00:00","og_image":[{"width":1030,"height":738,"url":"https:\/\/filmotecacantabria.es\/es\/wp-content\/uploads\/2022\/08\/img-0511-1030x738.jpg","type":"image\/jpeg"}],"author":"JavierRedondo","twitter_card":"summary_large_image","twitter_misc":{"Escrito por":"JavierRedondo","Tiempo de lectura":"2 minutos"},"schema":{"@context":"https:\/\/schema.org","@graph":[{"@type":"Article","@id":"https:\/\/filmotecacantabria.es\/es\/la-filmoteca-acoge-en-septiembre-el-ciclo-junto-al-mar-para-celebrar-el-150-aniversario-del-puerto-de-santander\/#article","isPartOf":{"@id":"https:\/\/filmotecacantabria.es\/es\/la-filmoteca-acoge-en-septiembre-el-ciclo-junto-al-mar-para-celebrar-el-150-aniversario-del-puerto-de-santander\/"},"author":{"name":"JavierRedondo","@id":"https:\/\/filmotecacantabria.es\/es\/#\/schema\/person\/06d6b27576c98088611161a8653de233"},"headline":"La Filmoteca acoge en septiembre el ciclo \u2018Junto al mar\u2019 para celebrar el 150 aniversario del Puerto de Santander","datePublished":"2022-08-31T10:20:30+00:00","dateModified":"2022-09-19T10:46:48+00:00","mainEntityOfPage":{"@id":"https:\/\/filmotecacantabria.es\/es\/la-filmoteca-acoge-en-septiembre-el-ciclo-junto-al-mar-para-celebrar-el-150-aniversario-del-puerto-de-santander\/"},"wordCount":271,"publisher":{"@id":"https:\/\/filmotecacantabria.es\/es\/#organization"},"articleSection":["Noticias"],"inLanguage":"es"},{"@type":"WebPage","@id":"https:\/\/filmotecacantabria.es\/es\/la-filmoteca-acoge-en-septiembre-el-ciclo-junto-al-mar-para-celebrar-el-150-aniversario-del-puerto-de-santander\/","url":"https:\/\/filmotecacantabria.es\/es\/la-filmoteca-acoge-en-septiembre-el-ciclo-junto-al-mar-para-celebrar-el-150-aniversario-del-puerto-de-santander\/","name":"La Filmoteca acoge en septiembre el ciclo \u2018Junto al mar\u2019 para celebrar el 150 aniversario del Puerto de Santander - Filmoteca de Cantabria Mario Camus | Santander | Torrelavega | Regi\u00f3n","isPartOf":{"@id":"https:\/\/filmotecacantabria.es\/es\/#website"},"datePublished":"2022-08-31T10:20:30+00:00","dateModified":"2022-09-19T10:46:48+00:00","breadcrumb":{"@id":"https:\/\/filmotecacantabria.es\/es\/la-filmoteca-acoge-en-septiembre-el-ciclo-junto-al-mar-para-celebrar-el-150-aniversario-del-puerto-de-santander\/#breadcrumb"},"inLanguage":"es","potentialAction":[{"@type":"ReadAction","target":["https:\/\/filmotecacantabria.es\/es\/la-filmoteca-acoge-en-septiembre-el-ciclo-junto-al-mar-para-celebrar-el-150-aniversario-del-puerto-de-santander\/"]}]},{"@type":"BreadcrumbList","@id":"https:\/\/filmotecacantabria.es\/es\/la-filmoteca-acoge-en-septiembre-el-ciclo-junto-al-mar-para-celebrar-el-150-aniversario-del-puerto-de-santander\/#breadcrumb","itemListElement":[{"@type":"ListItem","position":1,"name":"Portada","item":"https:\/\/filmotecacantabria.es\/es\/inicio\/"},{"@type":"ListItem","position":2,"name":"La Filmoteca acoge en septiembre el ciclo \u2018Junto al mar\u2019 para celebrar el 150 aniversario del Puerto de Santander"}]},{"@type":"WebSite","@id":"https:\/\/filmotecacantabria.es\/es\/#website","url":"https:\/\/filmotecacantabria.es\/es\/","name":"Filmoteca de Cantabria Mario Camus | Santander | Torrelavega | Regi\u00f3n","description":"Toda la programaci\u00f3n de las filmotecas de Cantabria Mario Camus.","publisher":{"@id":"https:\/\/filmotecacantabria.es\/es\/#organization"},"potentialAction":[{"@type":"SearchAction","target":{"@type":"EntryPoint","urlTemplate":"https:\/\/filmotecacantabria.es\/es\/?s={search_term_string}"},"query-input":"required name=search_term_string"}],"inLanguage":"es"},{"@type":"Organization","@id":"https:\/\/filmotecacantabria.es\/es\/#organization","name":"Filmoteca de Cantabria Mario Camus | Santander | Torrelavega | Regi\u00f3n","url":"https:\/\/filmotecacantabria.es\/es\/","sameAs":[],"logo":{"@type":"ImageObject","inLanguage":"es","@id":"https:\/\/filmotecacantabria.es\/es\/#\/schema\/logo\/image\/","url":"https:\/\/filmotecacantabria.es\/es\/wp-content\/uploads\/2021\/12\/logo-filmoteca-cantabria-1-mario-camus.png","contentUrl":"https:\/\/filmotecacantabria.es\/es\/wp-content\/uploads\/2021\/12\/logo-filmoteca-cantabria-1-mario-camus.png","width":170,"height":183,"caption":"Filmoteca de Cantabria Mario Camus | Santander | Torrelavega | Regi\u00f3n"},"image":{"@id":"https:\/\/filmotecacantabria.es\/es\/#\/schema\/logo\/image\/"}},{"@type":"Person","@id":"https:\/\/filmotecacantabria.es\/es\/#\/schema\/person\/06d6b27576c98088611161a8653de233","name":"JavierRedondo","image":{"@type":"ImageObject","inLanguage":"es","@id":"https:\/\/filmotecacantabria.es\/es\/#\/schema\/person\/image\/","url":"https:\/\/secure.gravatar.com\/avatar\/4b2f8666330831637b7358bfcec2185e?s=96&d=mm&r=g","contentUrl":"https:\/\/secure.gravatar.com\/avatar\/4b2f8666330831637b7358bfcec2185e?s=96&d=mm&r=g","caption":"JavierRedondo"},"sameAs":["danae@semarac.com"]}]}},"_links":{"self":[{"href":"https:\/\/filmotecacantabria.es\/es\/wp-json\/wp\/v2\/posts\/2719"}],"collection":[{"href":"https:\/\/filmotecacantabria.es\/es\/wp-json\/wp\/v2\/posts"}],"about":[{"href":"https:\/\/filmotecacantabria.es\/es\/wp-json\/wp\/v2\/types\/post"}],"author":[{"embeddable":true,"href":"https:\/\/filmotecacantabria.es\/es\/wp-json\/wp\/v2\/users\/9"}],"replies":[{"embeddable":true,"href":"https:\/\/filmotecacantabria.es\/es\/wp-json\/wp\/v2\/comments?post=2719"}],"version-history":[{"count":2,"href":"https:\/\/filmotecacantabria.es\/es\/wp-json\/wp\/v2\/posts\/2719\/revisions"}],"predecessor-version":[{"id":2766,"href":"https:\/\/filmotecacantabria.es\/es\/wp-json\/wp\/v2\/posts\/2719\/revisions\/2766"}],"wp:featuredmedia":[{"embeddable":true,"href":"https:\/\/filmotecacantabria.es\/es\/wp-json\/wp\/v2\/media\/2720"}],"wp:attachment":[{"href":"https:\/\/filmotecacantabria.es\/es\/wp-json\/wp\/v2\/media?parent=2719"}],"wp:term":[{"taxonomy":"category","embeddable":true,"href":"https:\/\/filmotecacantabria.es\/es\/wp-json\/wp\/v2\/categories?post=2719"},{"taxonomy":"post_tag","embeddable":true,"href":"https:\/\/filmotecacantabria.es\/es\/wp-json\/wp\/v2\/tags?post=2719"}],"curies":[{"name":"wp","href":"https:\/\/api.w.org\/{rel}","templated":true}]}}