{"id":2714,"date":"2022-08-29T11:05:43","date_gmt":"2022-08-29T09:05:43","guid":{"rendered":"https:\/\/filmotecacantabria.es\/es\/?p=2714"},"modified":"2022-08-29T11:05:43","modified_gmt":"2022-08-29T09:05:43","slug":"la-filmoteca-de-cantabria-inicio-el-curso-con-un-nuevo-ciclo-dedicado-al-cineasta-abbas-kiarostami","status":"publish","type":"post","link":"https:\/\/filmotecacantabria.es\/es\/la-filmoteca-de-cantabria-inicio-el-curso-con-un-nuevo-ciclo-dedicado-al-cineasta-abbas-kiarostami\/","title":{"rendered":"La Filmoteca de Cantabria inicio el curso con un nuevo ciclo dedicado al cineasta Abbas Kiarostami"},"content":{"rendered":"<p><strong>En septiembre habr\u00e1 m\u00e1s nombres propios como el de Mario Camus, del que se cumple un a\u00f1o de su fallecimiento, o el de Jos\u00e9 Luis L\u00f3pez V\u00e1zquez, cuyo ciclo destinado a recorrer su trayectoria cinematogr\u00e1fica termina este mes<\/strong><\/p>\n<p><strong>Santander, 29 de agosto de 2022.- <\/strong>La Filmoteca de Cantabria Mario Camus iniciar\u00e1 el nuevo curso en el mes de septiembre estrenando un ciclo dedicado a un cineasta que ha protagonizado una de las carreras cinematogr\u00e1ficas m\u00e1s importantes de finales del siglo pasado e inicios del actual.<\/p>\n<p>Se trata del cineasta iran\u00ed Abbas Kiarostami, seg\u00fan ha destacado el director de la Filmoteca, Antonio Navarro, quien ha se\u00f1alado que este director \u201cnos acompa\u00f1ar\u00e1 de forma pausada, pero constante, a trav\u00e9s de una filmograf\u00eda repleta de obras maestras y hallazgos f\u00edlmicos que forjaron una personalidad de marcado car\u00e1cter\u201d.<\/p>\n<p>As\u00ed, en septiembre se han programado \u2018Y la vida contin\u00faa\u2019 (1992) y \u2018\u00bfD\u00f3nde est\u00e1 la casa de mi amigo?\u2019 (1987).<\/p>\n<p>Navarro ha resaltado que, cuando se va a cumplir un a\u00f1o del fallecimiento de Mario Camus, la Filmoteca \u201cno pod\u00eda dejar de recordar, como realiza mensualmente, la figura y obra del extraordinario cineasta c\u00e1ntabro\u201d. En esta ocasi\u00f3n se proyectar\u00e1 su debut en la direcci\u00f3n de un largometraje: \u2018Los farsantes\u2019 (1963).<\/p>\n<p>Otro de los nombres propios de la programaci\u00f3n de septiembre es el de Jos\u00e9 Luis L\u00f3pez V\u00e1zquez, el sensacional actor espa\u00f1ol que ha contado con un ciclo para repasar su trayectoria cinematogr\u00e1fica en los \u00faltimos meses y que termina este mes con la proyecci\u00f3n de \u2018La verdad sobre el caso Savolta\u2019 (Antonio Drove, Espa\u00f1a 1979) y \u2018Luna de Avellaneda\u2019 (Juan Jos\u00e9 Campanella, Argentina 2004).<\/p>\n<p>Antonio Navarro ha afirmado que el objetivo de la Filmoteca es seguir avanzando en la l\u00ednea de ofrecer \u201cuna mirada plural y reflexiva sobre los caminos transitados por el cine desde sus inicios\u201d.<\/p>\n<p>Una tarea que, ha remarcado, \u201crealizamos de forma abierta a la sociedad c\u00e1ntabra, por lo que no solo entablamos un di\u00e1logo sincero con nuestros espectadores, sino tambi\u00e9n con instituciones y asociaciones con las que enriquecer los puntos de vista desde los que abordamos nuestro trabajo\u201d.<\/p>\n<p>En esta l\u00ednea es en la que Navarro ha situado el ciclo \u2018Junto al mar\u2019 para celebrar el 150 Aniversario del Puerto de Santander en colaboraci\u00f3n con la Autoridad Portuaria de Santander. Se trata de una oportunidad para acercar al p\u00fablico pel\u00edculas que han retratado los m\u00e1rgenes mar\u00edtimos de forma diversa a lo largo de los a\u00f1os.<\/p>\n<p>As\u00ed, se han programado cl\u00e1sicos como \u2018Posada Jamaica\u2019 (Alfred Hitchcock, Reino Unido 1939) y \u2018La ley del silencio\u2019 (Elia Kazan, EEUU 1954), pero tambi\u00e9n pel\u00edculas del siglo XXI en las que se reflejan problem\u00e1ticas sociales a\u00fan vigentes como \u2018Los lunes al sol\u2019 (Fernando Le\u00f3n de Aranoa, Espa\u00f1a 2022) y \u2018El Havre\u2019 (Aki Kaurism\u00e4ki, Finlandia 2011).<\/p>\n<p>La Filmoteca de Cantabria Mario Camus continuar\u00e1 en septiembre con la colaboraci\u00f3n con el Parlamento de Cantabria con motivo del 40 aniversario del Estatuto de Autonom\u00eda, en el que se repasan algunas de las pel\u00edculas m\u00e1s interesantes rodadas en la comunidad aut\u00f3noma c\u00e1ntabra.<\/p>\n<p>Para este mes la propuesta es una de las obras mayores de uno de los cineastas m\u00e1s importantes de Espa\u00f1a, el c\u00e1ntabro Manuel Guti\u00e9rrez Arag\u00f3n, con el visionado de \u2018La vida que te espera\u2019 (Manuel Guti\u00e9rrez Arag\u00f3n, Espa\u00f1a 2004).<\/p>\n<p>La tercera colaboraci\u00f3n del mes ser\u00e1 la habitual cita con La Llave Azul, que trae a la sala de proyecci\u00f3n producciones actuales que no logran encontrar su hueco en la cartelera comercial, pero cuya relevancia y vigor art\u00edstico y cultural merecen obtener una ventana desde la que poder mostrarse. En esta ocasi\u00f3n, se podr\u00e1 ver \u2018Las gentiles\u2019 (Santi Amodeo, Espa\u00f1a 2021).<\/p>\n<p>Esta iniciativa comparte objetivo con el ciclo \u2018In\u00e9ditos\u2019, el compromiso de la Filmoteca con los espectadores de ofrecer t\u00edtulos que no han tenido la oportunidad de disfrutarse en pantalla grande. \u2018Costa Brava. L\u00edbano\u2019 (Mounia Akl, L\u00edbano\/Espa\u00f1a 2021) y \u2018\u00c1mame\u2019 (Leonardo Brzezicki, Argentina 2021) ser\u00e1n las producciones que podr\u00e1n verse en septiembre.<\/p>\n<p>Adem\u00e1s, la programaci\u00f3n se completa con el ciclo \u2018Filmoteca Junior\u2019 que incluir\u00e1 la proyecci\u00f3n de la \u00faltima ganadora del Goya a la Mejor Pel\u00edcula de Animaci\u00f3n, \u2018Valentina\u2019 (Chelo Loureiro, Espa\u00f1a 2021), y una de las \u00faltimas producciones de Disney, \u2018Raya y el \u00faltimo drag\u00f3n\u2019 (Don Hall, Carlos L\u00f3pez Estrada, Paul Briggs, John Ripa, EEUU 2021).<\/p>\n","protected":false},"excerpt":{"rendered":"<p>En septiembre habr\u00e1 m\u00e1s nombres propios como el de Mario Camus, del que se cumple un a\u00f1o de su fallecimiento, o el de Jos\u00e9 Luis L\u00f3pez V\u00e1zquez, cuyo ciclo destinado a recorrer su trayectoria cinematogr\u00e1fica termina este mes Santander, 29 de agosto de 2022.- La Filmoteca de Cantabria Mario Camus iniciar\u00e1 el nuevo curso en [&hellip;]<\/p>\n","protected":false},"author":11,"featured_media":2715,"comment_status":"closed","ping_status":"closed","sticky":false,"template":"","format":"standard","meta":{"inline_featured_image":false,"footnotes":""},"categories":[4],"tags":[],"class_list":["post-2714","post","type-post","status-publish","format-standard","has-post-thumbnail","hentry","category-noticias"],"yoast_head":"<!-- This site is optimized with the Yoast SEO plugin v19.6.1 - https:\/\/yoast.com\/wordpress\/plugins\/seo\/ -->\n<title>La Filmoteca de Cantabria inicio el curso con un nuevo ciclo dedicado al cineasta Abbas Kiarostami - Filmoteca de Cantabria Mario Camus | Santander | Torrelavega | Regi\u00f3n<\/title>\n<meta name=\"robots\" content=\"index, follow, max-snippet:-1, max-image-preview:large, max-video-preview:-1\" \/>\n<link rel=\"canonical\" href=\"https:\/\/filmotecacantabria.es\/es\/la-filmoteca-de-cantabria-inicio-el-curso-con-un-nuevo-ciclo-dedicado-al-cineasta-abbas-kiarostami\/\" \/>\n<meta property=\"og:locale\" content=\"es_ES\" \/>\n<meta property=\"og:type\" content=\"article\" \/>\n<meta property=\"og:title\" content=\"La Filmoteca de Cantabria inicio el curso con un nuevo ciclo dedicado al cineasta Abbas Kiarostami - Filmoteca de Cantabria Mario Camus | Santander | Torrelavega | Regi\u00f3n\" \/>\n<meta property=\"og:description\" content=\"En septiembre habr\u00e1 m\u00e1s nombres propios como el de Mario Camus, del que se cumple un a\u00f1o de su fallecimiento, o el de Jos\u00e9 Luis L\u00f3pez V\u00e1zquez, cuyo ciclo destinado a recorrer su trayectoria cinematogr\u00e1fica termina este mes Santander, 29 de agosto de 2022.- La Filmoteca de Cantabria Mario Camus iniciar\u00e1 el nuevo curso en [&hellip;]\" \/>\n<meta property=\"og:url\" content=\"https:\/\/filmotecacantabria.es\/es\/la-filmoteca-de-cantabria-inicio-el-curso-con-un-nuevo-ciclo-dedicado-al-cineasta-abbas-kiarostami\/\" \/>\n<meta property=\"og:site_name\" content=\"Filmoteca de Cantabria Mario Camus | Santander | Torrelavega | Regi\u00f3n\" \/>\n<meta property=\"article:published_time\" content=\"2022-08-29T09:05:43+00:00\" \/>\n<meta property=\"og:image\" content=\"https:\/\/filmotecacantabria.es\/es\/wp-content\/uploads\/2022\/08\/abbas.jpg\" \/>\n\t<meta property=\"og:image:width\" content=\"650\" \/>\n\t<meta property=\"og:image:height\" content=\"365\" \/>\n\t<meta property=\"og:image:type\" content=\"image\/jpeg\" \/>\n<meta name=\"author\" content=\"belen.cordoba@srecd.es\" \/>\n<meta name=\"twitter:card\" content=\"summary_large_image\" \/>\n<meta name=\"twitter:label1\" content=\"Escrito por\" \/>\n\t<meta name=\"twitter:data1\" content=\"belen.cordoba@srecd.es\" \/>\n\t<meta name=\"twitter:label2\" content=\"Tiempo de lectura\" \/>\n\t<meta name=\"twitter:data2\" content=\"4 minutos\" \/>\n<script type=\"application\/ld+json\" class=\"yoast-schema-graph\">{\"@context\":\"https:\/\/schema.org\",\"@graph\":[{\"@type\":\"Article\",\"@id\":\"https:\/\/filmotecacantabria.es\/es\/la-filmoteca-de-cantabria-inicio-el-curso-con-un-nuevo-ciclo-dedicado-al-cineasta-abbas-kiarostami\/#article\",\"isPartOf\":{\"@id\":\"https:\/\/filmotecacantabria.es\/es\/la-filmoteca-de-cantabria-inicio-el-curso-con-un-nuevo-ciclo-dedicado-al-cineasta-abbas-kiarostami\/\"},\"author\":{\"name\":\"belen.cordoba@srecd.es\",\"@id\":\"https:\/\/filmotecacantabria.es\/es\/#\/schema\/person\/86205b2ac543405aae888afb3afdb6d8\"},\"headline\":\"La Filmoteca de Cantabria inicio el curso con un nuevo ciclo dedicado al cineasta Abbas Kiarostami\",\"datePublished\":\"2022-08-29T09:05:43+00:00\",\"dateModified\":\"2022-08-29T09:05:43+00:00\",\"mainEntityOfPage\":{\"@id\":\"https:\/\/filmotecacantabria.es\/es\/la-filmoteca-de-cantabria-inicio-el-curso-con-un-nuevo-ciclo-dedicado-al-cineasta-abbas-kiarostami\/\"},\"wordCount\":787,\"publisher\":{\"@id\":\"https:\/\/filmotecacantabria.es\/es\/#organization\"},\"articleSection\":[\"Noticias\"],\"inLanguage\":\"es\"},{\"@type\":\"WebPage\",\"@id\":\"https:\/\/filmotecacantabria.es\/es\/la-filmoteca-de-cantabria-inicio-el-curso-con-un-nuevo-ciclo-dedicado-al-cineasta-abbas-kiarostami\/\",\"url\":\"https:\/\/filmotecacantabria.es\/es\/la-filmoteca-de-cantabria-inicio-el-curso-con-un-nuevo-ciclo-dedicado-al-cineasta-abbas-kiarostami\/\",\"name\":\"La Filmoteca de Cantabria inicio el curso con un nuevo ciclo dedicado al cineasta Abbas Kiarostami - Filmoteca de Cantabria Mario Camus | Santander | Torrelavega | Regi\u00f3n\",\"isPartOf\":{\"@id\":\"https:\/\/filmotecacantabria.es\/es\/#website\"},\"datePublished\":\"2022-08-29T09:05:43+00:00\",\"dateModified\":\"2022-08-29T09:05:43+00:00\",\"breadcrumb\":{\"@id\":\"https:\/\/filmotecacantabria.es\/es\/la-filmoteca-de-cantabria-inicio-el-curso-con-un-nuevo-ciclo-dedicado-al-cineasta-abbas-kiarostami\/#breadcrumb\"},\"inLanguage\":\"es\",\"potentialAction\":[{\"@type\":\"ReadAction\",\"target\":[\"https:\/\/filmotecacantabria.es\/es\/la-filmoteca-de-cantabria-inicio-el-curso-con-un-nuevo-ciclo-dedicado-al-cineasta-abbas-kiarostami\/\"]}]},{\"@type\":\"BreadcrumbList\",\"@id\":\"https:\/\/filmotecacantabria.es\/es\/la-filmoteca-de-cantabria-inicio-el-curso-con-un-nuevo-ciclo-dedicado-al-cineasta-abbas-kiarostami\/#breadcrumb\",\"itemListElement\":[{\"@type\":\"ListItem\",\"position\":1,\"name\":\"Portada\",\"item\":\"https:\/\/filmotecacantabria.es\/es\/inicio\/\"},{\"@type\":\"ListItem\",\"position\":2,\"name\":\"La Filmoteca de Cantabria inicio el curso con un nuevo ciclo dedicado al cineasta Abbas Kiarostami\"}]},{\"@type\":\"WebSite\",\"@id\":\"https:\/\/filmotecacantabria.es\/es\/#website\",\"url\":\"https:\/\/filmotecacantabria.es\/es\/\",\"name\":\"Filmoteca de Cantabria Mario Camus | Santander | Torrelavega | Regi\u00f3n\",\"description\":\"Toda la programaci\u00f3n de las filmotecas de Cantabria Mario Camus.\",\"publisher\":{\"@id\":\"https:\/\/filmotecacantabria.es\/es\/#organization\"},\"potentialAction\":[{\"@type\":\"SearchAction\",\"target\":{\"@type\":\"EntryPoint\",\"urlTemplate\":\"https:\/\/filmotecacantabria.es\/es\/?s={search_term_string}\"},\"query-input\":\"required name=search_term_string\"}],\"inLanguage\":\"es\"},{\"@type\":\"Organization\",\"@id\":\"https:\/\/filmotecacantabria.es\/es\/#organization\",\"name\":\"Filmoteca de Cantabria Mario Camus | Santander | Torrelavega | Regi\u00f3n\",\"url\":\"https:\/\/filmotecacantabria.es\/es\/\",\"sameAs\":[],\"logo\":{\"@type\":\"ImageObject\",\"inLanguage\":\"es\",\"@id\":\"https:\/\/filmotecacantabria.es\/es\/#\/schema\/logo\/image\/\",\"url\":\"https:\/\/filmotecacantabria.es\/es\/wp-content\/uploads\/2021\/12\/logo-filmoteca-cantabria-1-mario-camus.png\",\"contentUrl\":\"https:\/\/filmotecacantabria.es\/es\/wp-content\/uploads\/2021\/12\/logo-filmoteca-cantabria-1-mario-camus.png\",\"width\":170,\"height\":183,\"caption\":\"Filmoteca de Cantabria Mario Camus | Santander | Torrelavega | Regi\u00f3n\"},\"image\":{\"@id\":\"https:\/\/filmotecacantabria.es\/es\/#\/schema\/logo\/image\/\"}},{\"@type\":\"Person\",\"@id\":\"https:\/\/filmotecacantabria.es\/es\/#\/schema\/person\/86205b2ac543405aae888afb3afdb6d8\",\"name\":\"belen.cordoba@srecd.es\",\"image\":{\"@type\":\"ImageObject\",\"inLanguage\":\"es\",\"@id\":\"https:\/\/filmotecacantabria.es\/es\/#\/schema\/person\/image\/\",\"url\":\"https:\/\/secure.gravatar.com\/avatar\/a185108474f14fc94f32f86115d60aeb?s=96&d=mm&r=g\",\"contentUrl\":\"https:\/\/secure.gravatar.com\/avatar\/a185108474f14fc94f32f86115d60aeb?s=96&d=mm&r=g\",\"caption\":\"belen.cordoba@srecd.es\"}}]}<\/script>\n<!-- \/ Yoast SEO plugin. -->","yoast_head_json":{"title":"La Filmoteca de Cantabria inicio el curso con un nuevo ciclo dedicado al cineasta Abbas Kiarostami - Filmoteca de Cantabria Mario Camus | Santander | Torrelavega | Regi\u00f3n","robots":{"index":"index","follow":"follow","max-snippet":"max-snippet:-1","max-image-preview":"max-image-preview:large","max-video-preview":"max-video-preview:-1"},"canonical":"https:\/\/filmotecacantabria.es\/es\/la-filmoteca-de-cantabria-inicio-el-curso-con-un-nuevo-ciclo-dedicado-al-cineasta-abbas-kiarostami\/","og_locale":"es_ES","og_type":"article","og_title":"La Filmoteca de Cantabria inicio el curso con un nuevo ciclo dedicado al cineasta Abbas Kiarostami - Filmoteca de Cantabria Mario Camus | Santander | Torrelavega | Regi\u00f3n","og_description":"En septiembre habr\u00e1 m\u00e1s nombres propios como el de Mario Camus, del que se cumple un a\u00f1o de su fallecimiento, o el de Jos\u00e9 Luis L\u00f3pez V\u00e1zquez, cuyo ciclo destinado a recorrer su trayectoria cinematogr\u00e1fica termina este mes Santander, 29 de agosto de 2022.- La Filmoteca de Cantabria Mario Camus iniciar\u00e1 el nuevo curso en [&hellip;]","og_url":"https:\/\/filmotecacantabria.es\/es\/la-filmoteca-de-cantabria-inicio-el-curso-con-un-nuevo-ciclo-dedicado-al-cineasta-abbas-kiarostami\/","og_site_name":"Filmoteca de Cantabria Mario Camus | Santander | Torrelavega | Regi\u00f3n","article_published_time":"2022-08-29T09:05:43+00:00","og_image":[{"width":650,"height":365,"url":"https:\/\/filmotecacantabria.es\/es\/wp-content\/uploads\/2022\/08\/abbas.jpg","type":"image\/jpeg"}],"author":"belen.cordoba@srecd.es","twitter_card":"summary_large_image","twitter_misc":{"Escrito por":"belen.cordoba@srecd.es","Tiempo de lectura":"4 minutos"},"schema":{"@context":"https:\/\/schema.org","@graph":[{"@type":"Article","@id":"https:\/\/filmotecacantabria.es\/es\/la-filmoteca-de-cantabria-inicio-el-curso-con-un-nuevo-ciclo-dedicado-al-cineasta-abbas-kiarostami\/#article","isPartOf":{"@id":"https:\/\/filmotecacantabria.es\/es\/la-filmoteca-de-cantabria-inicio-el-curso-con-un-nuevo-ciclo-dedicado-al-cineasta-abbas-kiarostami\/"},"author":{"name":"belen.cordoba@srecd.es","@id":"https:\/\/filmotecacantabria.es\/es\/#\/schema\/person\/86205b2ac543405aae888afb3afdb6d8"},"headline":"La Filmoteca de Cantabria inicio el curso con un nuevo ciclo dedicado al cineasta Abbas Kiarostami","datePublished":"2022-08-29T09:05:43+00:00","dateModified":"2022-08-29T09:05:43+00:00","mainEntityOfPage":{"@id":"https:\/\/filmotecacantabria.es\/es\/la-filmoteca-de-cantabria-inicio-el-curso-con-un-nuevo-ciclo-dedicado-al-cineasta-abbas-kiarostami\/"},"wordCount":787,"publisher":{"@id":"https:\/\/filmotecacantabria.es\/es\/#organization"},"articleSection":["Noticias"],"inLanguage":"es"},{"@type":"WebPage","@id":"https:\/\/filmotecacantabria.es\/es\/la-filmoteca-de-cantabria-inicio-el-curso-con-un-nuevo-ciclo-dedicado-al-cineasta-abbas-kiarostami\/","url":"https:\/\/filmotecacantabria.es\/es\/la-filmoteca-de-cantabria-inicio-el-curso-con-un-nuevo-ciclo-dedicado-al-cineasta-abbas-kiarostami\/","name":"La Filmoteca de Cantabria inicio el curso con un nuevo ciclo dedicado al cineasta Abbas Kiarostami - Filmoteca de Cantabria Mario Camus | Santander | Torrelavega | Regi\u00f3n","isPartOf":{"@id":"https:\/\/filmotecacantabria.es\/es\/#website"},"datePublished":"2022-08-29T09:05:43+00:00","dateModified":"2022-08-29T09:05:43+00:00","breadcrumb":{"@id":"https:\/\/filmotecacantabria.es\/es\/la-filmoteca-de-cantabria-inicio-el-curso-con-un-nuevo-ciclo-dedicado-al-cineasta-abbas-kiarostami\/#breadcrumb"},"inLanguage":"es","potentialAction":[{"@type":"ReadAction","target":["https:\/\/filmotecacantabria.es\/es\/la-filmoteca-de-cantabria-inicio-el-curso-con-un-nuevo-ciclo-dedicado-al-cineasta-abbas-kiarostami\/"]}]},{"@type":"BreadcrumbList","@id":"https:\/\/filmotecacantabria.es\/es\/la-filmoteca-de-cantabria-inicio-el-curso-con-un-nuevo-ciclo-dedicado-al-cineasta-abbas-kiarostami\/#breadcrumb","itemListElement":[{"@type":"ListItem","position":1,"name":"Portada","item":"https:\/\/filmotecacantabria.es\/es\/inicio\/"},{"@type":"ListItem","position":2,"name":"La Filmoteca de Cantabria inicio el curso con un nuevo ciclo dedicado al cineasta Abbas Kiarostami"}]},{"@type":"WebSite","@id":"https:\/\/filmotecacantabria.es\/es\/#website","url":"https:\/\/filmotecacantabria.es\/es\/","name":"Filmoteca de Cantabria Mario Camus | Santander | Torrelavega | Regi\u00f3n","description":"Toda la programaci\u00f3n de las filmotecas de Cantabria Mario Camus.","publisher":{"@id":"https:\/\/filmotecacantabria.es\/es\/#organization"},"potentialAction":[{"@type":"SearchAction","target":{"@type":"EntryPoint","urlTemplate":"https:\/\/filmotecacantabria.es\/es\/?s={search_term_string}"},"query-input":"required name=search_term_string"}],"inLanguage":"es"},{"@type":"Organization","@id":"https:\/\/filmotecacantabria.es\/es\/#organization","name":"Filmoteca de Cantabria Mario Camus | Santander | Torrelavega | Regi\u00f3n","url":"https:\/\/filmotecacantabria.es\/es\/","sameAs":[],"logo":{"@type":"ImageObject","inLanguage":"es","@id":"https:\/\/filmotecacantabria.es\/es\/#\/schema\/logo\/image\/","url":"https:\/\/filmotecacantabria.es\/es\/wp-content\/uploads\/2021\/12\/logo-filmoteca-cantabria-1-mario-camus.png","contentUrl":"https:\/\/filmotecacantabria.es\/es\/wp-content\/uploads\/2021\/12\/logo-filmoteca-cantabria-1-mario-camus.png","width":170,"height":183,"caption":"Filmoteca de Cantabria Mario Camus | Santander | Torrelavega | Regi\u00f3n"},"image":{"@id":"https:\/\/filmotecacantabria.es\/es\/#\/schema\/logo\/image\/"}},{"@type":"Person","@id":"https:\/\/filmotecacantabria.es\/es\/#\/schema\/person\/86205b2ac543405aae888afb3afdb6d8","name":"belen.cordoba@srecd.es","image":{"@type":"ImageObject","inLanguage":"es","@id":"https:\/\/filmotecacantabria.es\/es\/#\/schema\/person\/image\/","url":"https:\/\/secure.gravatar.com\/avatar\/a185108474f14fc94f32f86115d60aeb?s=96&d=mm&r=g","contentUrl":"https:\/\/secure.gravatar.com\/avatar\/a185108474f14fc94f32f86115d60aeb?s=96&d=mm&r=g","caption":"belen.cordoba@srecd.es"}}]}},"_links":{"self":[{"href":"https:\/\/filmotecacantabria.es\/es\/wp-json\/wp\/v2\/posts\/2714"}],"collection":[{"href":"https:\/\/filmotecacantabria.es\/es\/wp-json\/wp\/v2\/posts"}],"about":[{"href":"https:\/\/filmotecacantabria.es\/es\/wp-json\/wp\/v2\/types\/post"}],"author":[{"embeddable":true,"href":"https:\/\/filmotecacantabria.es\/es\/wp-json\/wp\/v2\/users\/11"}],"replies":[{"embeddable":true,"href":"https:\/\/filmotecacantabria.es\/es\/wp-json\/wp\/v2\/comments?post=2714"}],"version-history":[{"count":2,"href":"https:\/\/filmotecacantabria.es\/es\/wp-json\/wp\/v2\/posts\/2714\/revisions"}],"predecessor-version":[{"id":2717,"href":"https:\/\/filmotecacantabria.es\/es\/wp-json\/wp\/v2\/posts\/2714\/revisions\/2717"}],"wp:featuredmedia":[{"embeddable":true,"href":"https:\/\/filmotecacantabria.es\/es\/wp-json\/wp\/v2\/media\/2715"}],"wp:attachment":[{"href":"https:\/\/filmotecacantabria.es\/es\/wp-json\/wp\/v2\/media?parent=2714"}],"wp:term":[{"taxonomy":"category","embeddable":true,"href":"https:\/\/filmotecacantabria.es\/es\/wp-json\/wp\/v2\/categories?post=2714"},{"taxonomy":"post_tag","embeddable":true,"href":"https:\/\/filmotecacantabria.es\/es\/wp-json\/wp\/v2\/tags?post=2714"}],"curies":[{"name":"wp","href":"https:\/\/api.w.org\/{rel}","templated":true}]}}