{"id":2049,"date":"2021-10-01T13:29:36","date_gmt":"2021-10-01T11:29:36","guid":{"rendered":"https:\/\/filmotecacantabria.es\/es\/?p=2049"},"modified":"2021-10-02T08:35:40","modified_gmt":"2021-10-02T06:35:40","slug":"cantabria-acuerda-con-el-festival-de-malaga-la-participacion-en-malaga-talent-de-una-joven-promesa-del-audiovisual-cantabro","status":"publish","type":"post","link":"https:\/\/filmotecacantabria.es\/es\/cantabria-acuerda-con-el-festival-de-malaga-la-participacion-en-malaga-talent-de-una-joven-promesa-del-audiovisual-cantabro\/","title":{"rendered":"Cantabria acuerda con el Festival de M\u00e1laga la participaci\u00f3n en \u2018M\u00e1laga Talent\u2019 de una joven promesa del audiovisual c\u00e1ntabro"},"content":{"rendered":"<p><strong>Zuloaga destaca que este campus re\u00fane a 20 j\u00f3venes talentos durante diez d\u00edas para fomentar la colaboraci\u00f3n profesional entre ellos<\/strong><\/p>\n<p><strong>Santander, 1 de octubre de 2021.-<\/strong> La Consejer\u00eda de Cultura del Gobierno de Cantabria ha llegado a un acuerdo con el Festival de M\u00e1laga que permitir\u00e1 a una joven promesa del audiovisual c\u00e1ntabro participar en el campus \u2018M\u00e1laga Talent\u2019, impulsado por Antonio Banderas, actor, productor, director y presidente de honor de este festival.<\/p>\n<p>Seg\u00fan ha explicado el vicepresidente y consejero de Cultura, Pablo Zuloaga, este campus re\u00fane durante diez d\u00edas a 20 j\u00f3venes promesas del audiovisual latinoamericano y europeo para fomentar la colaboraci\u00f3n entre ellos y desarrolla un programa basado en la capacitaci\u00f3n de los participantes y el networking y su integraci\u00f3n en las actividades de la zona de industria del festival (Mafiz).<\/p>\n<p>Para Zuloaga, es \u201cfundamental\u201d ofrecer a los j\u00f3venes talentos del sector audiovisual de Cantabria la oportunidad de \u201cvivir desde dentro uno de los festivales de cine m\u00e1s prestigiosos\u201d, adem\u00e1s de tener acceso a formaci\u00f3n de la mano de destacados profesionales y a las futuras alianzas que puedan surgir del trabajo conjunto que desarrollar\u00e1n durante diez d\u00edas.<\/p>\n<p>\u201cEs tambi\u00e9n una oportunidad ideal para que estos j\u00f3venes talentos y promesas del audiovisual desarrollen v\u00ednculos creativos y relaciones profesionales de las que pueden salir interesantes proyectos y colaboraciones\u201d, ha apuntado el vicepresidente de Cantabria y consejero de Cultura.<\/p>\n<p>Pablo Zuloaga ha agradecido al director del Festival de M\u00e1laga, Juan Antonio Vigar, el apoyo de este certamen \u201creferencia\u201d a las jornadas DCP, en marcha desde 2020, que, a juicio del consejero de Cultura, est\u00e1n siendo \u201cun aut\u00e9ntico revulsivo\u201d para el sector audiovisual de Cantabria.<\/p>\n<p>A ello ha sumado las primeras ayudas al desarrollo y a la producci\u00f3n de largometrajes que ha convocado por primera vez en Cantabria el departamento que dirige, lo que supone \u201cun hito\u201d en torno al apoyo al sector desde el Gobierno c\u00e1ntabro y que el a\u00f1o contar\u00e1 con mayor presupuesto.<\/p>\n<p>Este acuerdo con el Festival de M\u00e1laga comenz\u00f3 a gestarse a trav\u00e9s de Cantabria Film Commission y la Filmoteca de Cantabria durante la celebraci\u00f3n de la quinta edici\u00f3n de los Di\u00e1logos de Cine y Producci\u00f3n (DCP) del pasado mes de marzo, a la que asisti\u00f3 el director del certamen, Juan Antonio Vigar.<\/p>\n<p>Este DCP tuvo como tem\u00e1tica principal los festivales de cine y en \u00e9l participaron tambi\u00e9n los directores del Festival Internacional de Cine de San Sebasti\u00e1n, Jos\u00e9 Luis Rebordinos, del Festival de Albacete (Abycine), Jos\u00e9 Manuel Zamora, y del Festival M\u00e1rgenes, Diego Rodr\u00edguez.<\/p>\n<p>&nbsp;<\/p>\n<p>La persona que acudir\u00e1 a \u2018M\u00e1laga Talent\u2019 ser\u00e1 seleccionada por el equipo del festival entre los elegidos en el taller de impulso de proyectos cinematogr\u00e1ficos, que se desarrollan en el marco de los DCP, y que cumplan los requisitos: tener un m\u00e1ximo 28 a\u00f1os, nivel medio-alto de ingl\u00e9s y experiencia en el sector audiovisual.<\/p>\n<p>Actualmente, Cantabria mantiene acuerdos de colaboraci\u00f3n con tres de los festivales m\u00e1s importantes del pa\u00eds, como el Festival de San Sebasti\u00e1n, en el que los seleccionados en el taller de impulso tienen acreditaci\u00f3n para su zona de industria.<\/p>\n<p>Asimismo, hay un acuerdo de colaboraci\u00f3n con el Festival Abycine, en cuya zona de industria \u2018Lanza\u2019 habr\u00e1 cada a\u00f1o proyectos seleccionados de entre los que participen en el taller de impulso que organizan los DCP.<\/p>\n<p>A estas colaboraciones se suma ahora el Festival de M\u00e1laga, que celebrar\u00e1 su edici\u00f3n n\u00famero 25 del 18 al 27 de marzo de 2022.<\/p>\n<p><strong>\u2018M\u00e1laga Talent\u2019<\/strong><\/p>\n<p>El campus \u2018M\u00e1laga Talent\u2019 est\u00e1 impulsado por Antonio Banderas, presidente de honor del Festival de M\u00e1laga, y re\u00fane a 20 j\u00f3venes promesas del audiovisual latinoamericano y europeo con el objetivo de facilitar herramientas que derriben fronteras creativas y fomentar la colaboraci\u00f3n profesional entre ellos.<\/p>\n<p>Para ello desarrolla un programa basado en la capacitaci\u00f3n de los participantes, para lo que se cuenta con la presencia de destacados profesionales, y en el networking mediante la integraci\u00f3n de estos j\u00f3venes talentos del audiovisual en las actividades de la zona de industria (Mafiz) y del Festival de M\u00e1laga.<\/p>\n<p>Se trata de diez jornadas de formaci\u00f3n intensa para que este grupo de j\u00f3venes promesas desarrolle v\u00ednculos creativos y relaciones profesionales mientras trabajan en \u00e1reas como la creaci\u00f3n y producci\u00f3n audiovisual, t\u00e9cnicas narrativas, pautas para buscar financiaci\u00f3n, distribuci\u00f3n, marketing y promoci\u00f3n o difusi\u00f3n, entre otros aspectos.<\/p>\n","protected":false},"excerpt":{"rendered":"<p>Zuloaga destaca que este campus re\u00fane a 20 j\u00f3venes talentos durante diez d\u00edas para fomentar la colaboraci\u00f3n profesional entre ellos Santander, 1 de octubre de 2021.- La Consejer\u00eda de Cultura del Gobierno de Cantabria ha llegado a un acuerdo con el Festival de M\u00e1laga que permitir\u00e1 a una joven promesa del audiovisual c\u00e1ntabro participar en [&hellip;]<\/p>\n","protected":false},"author":7,"featured_media":2050,"comment_status":"closed","ping_status":"closed","sticky":false,"template":"","format":"standard","meta":{"inline_featured_image":false,"footnotes":""},"categories":[1],"tags":[],"class_list":["post-2049","post","type-post","status-publish","format-standard","has-post-thumbnail","hentry","category-sin-categoria"],"yoast_head":"<!-- This site is optimized with the Yoast SEO plugin v19.6.1 - https:\/\/yoast.com\/wordpress\/plugins\/seo\/ -->\n<title>Cantabria acuerda con el Festival de M\u00e1laga la participaci\u00f3n en \u2018M\u00e1laga Talent\u2019 de una joven promesa del audiovisual c\u00e1ntabro - Filmoteca de Cantabria Mario Camus | Santander | Torrelavega | Regi\u00f3n<\/title>\n<meta name=\"robots\" content=\"index, follow, max-snippet:-1, max-image-preview:large, max-video-preview:-1\" \/>\n<link rel=\"canonical\" href=\"https:\/\/filmotecacantabria.es\/es\/cantabria-acuerda-con-el-festival-de-malaga-la-participacion-en-malaga-talent-de-una-joven-promesa-del-audiovisual-cantabro\/\" \/>\n<meta property=\"og:locale\" content=\"es_ES\" \/>\n<meta property=\"og:type\" content=\"article\" \/>\n<meta property=\"og:title\" content=\"Cantabria acuerda con el Festival de M\u00e1laga la participaci\u00f3n en \u2018M\u00e1laga Talent\u2019 de una joven promesa del audiovisual c\u00e1ntabro - Filmoteca de Cantabria Mario Camus | Santander | Torrelavega | Regi\u00f3n\" \/>\n<meta property=\"og:description\" content=\"Zuloaga destaca que este campus re\u00fane a 20 j\u00f3venes talentos durante diez d\u00edas para fomentar la colaboraci\u00f3n profesional entre ellos Santander, 1 de octubre de 2021.- La Consejer\u00eda de Cultura del Gobierno de Cantabria ha llegado a un acuerdo con el Festival de M\u00e1laga que permitir\u00e1 a una joven promesa del audiovisual c\u00e1ntabro participar en [&hellip;]\" \/>\n<meta property=\"og:url\" content=\"https:\/\/filmotecacantabria.es\/es\/cantabria-acuerda-con-el-festival-de-malaga-la-participacion-en-malaga-talent-de-una-joven-promesa-del-audiovisual-cantabro\/\" \/>\n<meta property=\"og:site_name\" content=\"Filmoteca de Cantabria Mario Camus | Santander | Torrelavega | Regi\u00f3n\" \/>\n<meta property=\"article:published_time\" content=\"2021-10-01T11:29:36+00:00\" \/>\n<meta property=\"article:modified_time\" content=\"2021-10-02T06:35:40+00:00\" \/>\n<meta property=\"og:image\" content=\"https:\/\/filmotecacantabria.es\/es\/wp-content\/uploads\/2021\/10\/vicepresidente-largometrajes-lara-revilla-mayo-2021-1030x730.jpg\" \/>\n\t<meta property=\"og:image:width\" content=\"1030\" \/>\n\t<meta property=\"og:image:height\" content=\"730\" \/>\n\t<meta property=\"og:image:type\" content=\"image\/jpeg\" \/>\n<meta name=\"author\" content=\"redes@srecd.es\" \/>\n<meta name=\"twitter:card\" content=\"summary_large_image\" \/>\n<meta name=\"twitter:label1\" content=\"Escrito por\" \/>\n\t<meta name=\"twitter:data1\" content=\"redes@srecd.es\" \/>\n\t<meta name=\"twitter:label2\" content=\"Tiempo de lectura\" \/>\n\t<meta name=\"twitter:data2\" content=\"4 minutos\" \/>\n<script type=\"application\/ld+json\" class=\"yoast-schema-graph\">{\"@context\":\"https:\/\/schema.org\",\"@graph\":[{\"@type\":\"Article\",\"@id\":\"https:\/\/filmotecacantabria.es\/es\/cantabria-acuerda-con-el-festival-de-malaga-la-participacion-en-malaga-talent-de-una-joven-promesa-del-audiovisual-cantabro\/#article\",\"isPartOf\":{\"@id\":\"https:\/\/filmotecacantabria.es\/es\/cantabria-acuerda-con-el-festival-de-malaga-la-participacion-en-malaga-talent-de-una-joven-promesa-del-audiovisual-cantabro\/\"},\"author\":{\"name\":\"redes@srecd.es\",\"@id\":\"https:\/\/filmotecacantabria.es\/es\/#\/schema\/person\/4adbc08463db931b9fea64307175e87b\"},\"headline\":\"Cantabria acuerda con el Festival de M\u00e1laga la participaci\u00f3n en \u2018M\u00e1laga Talent\u2019 de una joven promesa del audiovisual c\u00e1ntabro\",\"datePublished\":\"2021-10-01T11:29:36+00:00\",\"dateModified\":\"2021-10-02T06:35:40+00:00\",\"mainEntityOfPage\":{\"@id\":\"https:\/\/filmotecacantabria.es\/es\/cantabria-acuerda-con-el-festival-de-malaga-la-participacion-en-malaga-talent-de-una-joven-promesa-del-audiovisual-cantabro\/\"},\"wordCount\":800,\"publisher\":{\"@id\":\"https:\/\/filmotecacantabria.es\/es\/#organization\"},\"inLanguage\":\"es\"},{\"@type\":\"WebPage\",\"@id\":\"https:\/\/filmotecacantabria.es\/es\/cantabria-acuerda-con-el-festival-de-malaga-la-participacion-en-malaga-talent-de-una-joven-promesa-del-audiovisual-cantabro\/\",\"url\":\"https:\/\/filmotecacantabria.es\/es\/cantabria-acuerda-con-el-festival-de-malaga-la-participacion-en-malaga-talent-de-una-joven-promesa-del-audiovisual-cantabro\/\",\"name\":\"Cantabria acuerda con el Festival de M\u00e1laga la participaci\u00f3n en \u2018M\u00e1laga Talent\u2019 de una joven promesa del audiovisual c\u00e1ntabro - Filmoteca de Cantabria Mario Camus | Santander | Torrelavega | Regi\u00f3n\",\"isPartOf\":{\"@id\":\"https:\/\/filmotecacantabria.es\/es\/#website\"},\"datePublished\":\"2021-10-01T11:29:36+00:00\",\"dateModified\":\"2021-10-02T06:35:40+00:00\",\"breadcrumb\":{\"@id\":\"https:\/\/filmotecacantabria.es\/es\/cantabria-acuerda-con-el-festival-de-malaga-la-participacion-en-malaga-talent-de-una-joven-promesa-del-audiovisual-cantabro\/#breadcrumb\"},\"inLanguage\":\"es\",\"potentialAction\":[{\"@type\":\"ReadAction\",\"target\":[\"https:\/\/filmotecacantabria.es\/es\/cantabria-acuerda-con-el-festival-de-malaga-la-participacion-en-malaga-talent-de-una-joven-promesa-del-audiovisual-cantabro\/\"]}]},{\"@type\":\"BreadcrumbList\",\"@id\":\"https:\/\/filmotecacantabria.es\/es\/cantabria-acuerda-con-el-festival-de-malaga-la-participacion-en-malaga-talent-de-una-joven-promesa-del-audiovisual-cantabro\/#breadcrumb\",\"itemListElement\":[{\"@type\":\"ListItem\",\"position\":1,\"name\":\"Portada\",\"item\":\"https:\/\/filmotecacantabria.es\/es\/inicio\/\"},{\"@type\":\"ListItem\",\"position\":2,\"name\":\"Cantabria acuerda con el Festival de M\u00e1laga la participaci\u00f3n en \u2018M\u00e1laga Talent\u2019 de una joven promesa del audiovisual c\u00e1ntabro\"}]},{\"@type\":\"WebSite\",\"@id\":\"https:\/\/filmotecacantabria.es\/es\/#website\",\"url\":\"https:\/\/filmotecacantabria.es\/es\/\",\"name\":\"Filmoteca de Cantabria Mario Camus | Santander | Torrelavega | Regi\u00f3n\",\"description\":\"Toda la programaci\u00f3n de las filmotecas de Cantabria Mario Camus.\",\"publisher\":{\"@id\":\"https:\/\/filmotecacantabria.es\/es\/#organization\"},\"potentialAction\":[{\"@type\":\"SearchAction\",\"target\":{\"@type\":\"EntryPoint\",\"urlTemplate\":\"https:\/\/filmotecacantabria.es\/es\/?s={search_term_string}\"},\"query-input\":\"required name=search_term_string\"}],\"inLanguage\":\"es\"},{\"@type\":\"Organization\",\"@id\":\"https:\/\/filmotecacantabria.es\/es\/#organization\",\"name\":\"Filmoteca de Cantabria Mario Camus | Santander | Torrelavega | Regi\u00f3n\",\"url\":\"https:\/\/filmotecacantabria.es\/es\/\",\"sameAs\":[],\"logo\":{\"@type\":\"ImageObject\",\"inLanguage\":\"es\",\"@id\":\"https:\/\/filmotecacantabria.es\/es\/#\/schema\/logo\/image\/\",\"url\":\"https:\/\/filmotecacantabria.es\/es\/wp-content\/uploads\/2021\/12\/logo-filmoteca-cantabria-1-mario-camus.png\",\"contentUrl\":\"https:\/\/filmotecacantabria.es\/es\/wp-content\/uploads\/2021\/12\/logo-filmoteca-cantabria-1-mario-camus.png\",\"width\":170,\"height\":183,\"caption\":\"Filmoteca de Cantabria Mario Camus | Santander | Torrelavega | Regi\u00f3n\"},\"image\":{\"@id\":\"https:\/\/filmotecacantabria.es\/es\/#\/schema\/logo\/image\/\"}},{\"@type\":\"Person\",\"@id\":\"https:\/\/filmotecacantabria.es\/es\/#\/schema\/person\/4adbc08463db931b9fea64307175e87b\",\"name\":\"redes@srecd.es\",\"image\":{\"@type\":\"ImageObject\",\"inLanguage\":\"es\",\"@id\":\"https:\/\/filmotecacantabria.es\/es\/#\/schema\/person\/image\/\",\"url\":\"https:\/\/secure.gravatar.com\/avatar\/370cd7587da3a4852600691b493c142e?s=96&d=mm&r=g\",\"contentUrl\":\"https:\/\/secure.gravatar.com\/avatar\/370cd7587da3a4852600691b493c142e?s=96&d=mm&r=g\",\"caption\":\"redes@srecd.es\"}}]}<\/script>\n<!-- \/ Yoast SEO plugin. -->","yoast_head_json":{"title":"Cantabria acuerda con el Festival de M\u00e1laga la participaci\u00f3n en \u2018M\u00e1laga Talent\u2019 de una joven promesa del audiovisual c\u00e1ntabro - Filmoteca de Cantabria Mario Camus | Santander | Torrelavega | Regi\u00f3n","robots":{"index":"index","follow":"follow","max-snippet":"max-snippet:-1","max-image-preview":"max-image-preview:large","max-video-preview":"max-video-preview:-1"},"canonical":"https:\/\/filmotecacantabria.es\/es\/cantabria-acuerda-con-el-festival-de-malaga-la-participacion-en-malaga-talent-de-una-joven-promesa-del-audiovisual-cantabro\/","og_locale":"es_ES","og_type":"article","og_title":"Cantabria acuerda con el Festival de M\u00e1laga la participaci\u00f3n en \u2018M\u00e1laga Talent\u2019 de una joven promesa del audiovisual c\u00e1ntabro - Filmoteca de Cantabria Mario Camus | Santander | Torrelavega | Regi\u00f3n","og_description":"Zuloaga destaca que este campus re\u00fane a 20 j\u00f3venes talentos durante diez d\u00edas para fomentar la colaboraci\u00f3n profesional entre ellos Santander, 1 de octubre de 2021.- La Consejer\u00eda de Cultura del Gobierno de Cantabria ha llegado a un acuerdo con el Festival de M\u00e1laga que permitir\u00e1 a una joven promesa del audiovisual c\u00e1ntabro participar en [&hellip;]","og_url":"https:\/\/filmotecacantabria.es\/es\/cantabria-acuerda-con-el-festival-de-malaga-la-participacion-en-malaga-talent-de-una-joven-promesa-del-audiovisual-cantabro\/","og_site_name":"Filmoteca de Cantabria Mario Camus | Santander | Torrelavega | Regi\u00f3n","article_published_time":"2021-10-01T11:29:36+00:00","article_modified_time":"2021-10-02T06:35:40+00:00","og_image":[{"width":1030,"height":730,"url":"https:\/\/filmotecacantabria.es\/es\/wp-content\/uploads\/2021\/10\/vicepresidente-largometrajes-lara-revilla-mayo-2021-1030x730.jpg","type":"image\/jpeg"}],"author":"redes@srecd.es","twitter_card":"summary_large_image","twitter_misc":{"Escrito por":"redes@srecd.es","Tiempo de lectura":"4 minutos"},"schema":{"@context":"https:\/\/schema.org","@graph":[{"@type":"Article","@id":"https:\/\/filmotecacantabria.es\/es\/cantabria-acuerda-con-el-festival-de-malaga-la-participacion-en-malaga-talent-de-una-joven-promesa-del-audiovisual-cantabro\/#article","isPartOf":{"@id":"https:\/\/filmotecacantabria.es\/es\/cantabria-acuerda-con-el-festival-de-malaga-la-participacion-en-malaga-talent-de-una-joven-promesa-del-audiovisual-cantabro\/"},"author":{"name":"redes@srecd.es","@id":"https:\/\/filmotecacantabria.es\/es\/#\/schema\/person\/4adbc08463db931b9fea64307175e87b"},"headline":"Cantabria acuerda con el Festival de M\u00e1laga la participaci\u00f3n en \u2018M\u00e1laga Talent\u2019 de una joven promesa del audiovisual c\u00e1ntabro","datePublished":"2021-10-01T11:29:36+00:00","dateModified":"2021-10-02T06:35:40+00:00","mainEntityOfPage":{"@id":"https:\/\/filmotecacantabria.es\/es\/cantabria-acuerda-con-el-festival-de-malaga-la-participacion-en-malaga-talent-de-una-joven-promesa-del-audiovisual-cantabro\/"},"wordCount":800,"publisher":{"@id":"https:\/\/filmotecacantabria.es\/es\/#organization"},"inLanguage":"es"},{"@type":"WebPage","@id":"https:\/\/filmotecacantabria.es\/es\/cantabria-acuerda-con-el-festival-de-malaga-la-participacion-en-malaga-talent-de-una-joven-promesa-del-audiovisual-cantabro\/","url":"https:\/\/filmotecacantabria.es\/es\/cantabria-acuerda-con-el-festival-de-malaga-la-participacion-en-malaga-talent-de-una-joven-promesa-del-audiovisual-cantabro\/","name":"Cantabria acuerda con el Festival de M\u00e1laga la participaci\u00f3n en \u2018M\u00e1laga Talent\u2019 de una joven promesa del audiovisual c\u00e1ntabro - Filmoteca de Cantabria Mario Camus | Santander | Torrelavega | Regi\u00f3n","isPartOf":{"@id":"https:\/\/filmotecacantabria.es\/es\/#website"},"datePublished":"2021-10-01T11:29:36+00:00","dateModified":"2021-10-02T06:35:40+00:00","breadcrumb":{"@id":"https:\/\/filmotecacantabria.es\/es\/cantabria-acuerda-con-el-festival-de-malaga-la-participacion-en-malaga-talent-de-una-joven-promesa-del-audiovisual-cantabro\/#breadcrumb"},"inLanguage":"es","potentialAction":[{"@type":"ReadAction","target":["https:\/\/filmotecacantabria.es\/es\/cantabria-acuerda-con-el-festival-de-malaga-la-participacion-en-malaga-talent-de-una-joven-promesa-del-audiovisual-cantabro\/"]}]},{"@type":"BreadcrumbList","@id":"https:\/\/filmotecacantabria.es\/es\/cantabria-acuerda-con-el-festival-de-malaga-la-participacion-en-malaga-talent-de-una-joven-promesa-del-audiovisual-cantabro\/#breadcrumb","itemListElement":[{"@type":"ListItem","position":1,"name":"Portada","item":"https:\/\/filmotecacantabria.es\/es\/inicio\/"},{"@type":"ListItem","position":2,"name":"Cantabria acuerda con el Festival de M\u00e1laga la participaci\u00f3n en \u2018M\u00e1laga Talent\u2019 de una joven promesa del audiovisual c\u00e1ntabro"}]},{"@type":"WebSite","@id":"https:\/\/filmotecacantabria.es\/es\/#website","url":"https:\/\/filmotecacantabria.es\/es\/","name":"Filmoteca de Cantabria Mario Camus | Santander | Torrelavega | Regi\u00f3n","description":"Toda la programaci\u00f3n de las filmotecas de Cantabria Mario Camus.","publisher":{"@id":"https:\/\/filmotecacantabria.es\/es\/#organization"},"potentialAction":[{"@type":"SearchAction","target":{"@type":"EntryPoint","urlTemplate":"https:\/\/filmotecacantabria.es\/es\/?s={search_term_string}"},"query-input":"required name=search_term_string"}],"inLanguage":"es"},{"@type":"Organization","@id":"https:\/\/filmotecacantabria.es\/es\/#organization","name":"Filmoteca de Cantabria Mario Camus | Santander | Torrelavega | Regi\u00f3n","url":"https:\/\/filmotecacantabria.es\/es\/","sameAs":[],"logo":{"@type":"ImageObject","inLanguage":"es","@id":"https:\/\/filmotecacantabria.es\/es\/#\/schema\/logo\/image\/","url":"https:\/\/filmotecacantabria.es\/es\/wp-content\/uploads\/2021\/12\/logo-filmoteca-cantabria-1-mario-camus.png","contentUrl":"https:\/\/filmotecacantabria.es\/es\/wp-content\/uploads\/2021\/12\/logo-filmoteca-cantabria-1-mario-camus.png","width":170,"height":183,"caption":"Filmoteca de Cantabria Mario Camus | Santander | Torrelavega | Regi\u00f3n"},"image":{"@id":"https:\/\/filmotecacantabria.es\/es\/#\/schema\/logo\/image\/"}},{"@type":"Person","@id":"https:\/\/filmotecacantabria.es\/es\/#\/schema\/person\/4adbc08463db931b9fea64307175e87b","name":"redes@srecd.es","image":{"@type":"ImageObject","inLanguage":"es","@id":"https:\/\/filmotecacantabria.es\/es\/#\/schema\/person\/image\/","url":"https:\/\/secure.gravatar.com\/avatar\/370cd7587da3a4852600691b493c142e?s=96&d=mm&r=g","contentUrl":"https:\/\/secure.gravatar.com\/avatar\/370cd7587da3a4852600691b493c142e?s=96&d=mm&r=g","caption":"redes@srecd.es"}}]}},"_links":{"self":[{"href":"https:\/\/filmotecacantabria.es\/es\/wp-json\/wp\/v2\/posts\/2049"}],"collection":[{"href":"https:\/\/filmotecacantabria.es\/es\/wp-json\/wp\/v2\/posts"}],"about":[{"href":"https:\/\/filmotecacantabria.es\/es\/wp-json\/wp\/v2\/types\/post"}],"author":[{"embeddable":true,"href":"https:\/\/filmotecacantabria.es\/es\/wp-json\/wp\/v2\/users\/7"}],"replies":[{"embeddable":true,"href":"https:\/\/filmotecacantabria.es\/es\/wp-json\/wp\/v2\/comments?post=2049"}],"version-history":[{"count":2,"href":"https:\/\/filmotecacantabria.es\/es\/wp-json\/wp\/v2\/posts\/2049\/revisions"}],"predecessor-version":[{"id":2052,"href":"https:\/\/filmotecacantabria.es\/es\/wp-json\/wp\/v2\/posts\/2049\/revisions\/2052"}],"wp:featuredmedia":[{"embeddable":true,"href":"https:\/\/filmotecacantabria.es\/es\/wp-json\/wp\/v2\/media\/2050"}],"wp:attachment":[{"href":"https:\/\/filmotecacantabria.es\/es\/wp-json\/wp\/v2\/media?parent=2049"}],"wp:term":[{"taxonomy":"category","embeddable":true,"href":"https:\/\/filmotecacantabria.es\/es\/wp-json\/wp\/v2\/categories?post=2049"},{"taxonomy":"post_tag","embeddable":true,"href":"https:\/\/filmotecacantabria.es\/es\/wp-json\/wp\/v2\/tags?post=2049"}],"curies":[{"name":"wp","href":"https:\/\/api.w.org\/{rel}","templated":true}]}}