{"id":1923,"date":"2021-07-02T13:14:28","date_gmt":"2021-07-02T11:14:28","guid":{"rendered":"https:\/\/filmotecacantabria.es\/es\/?p=1923"},"modified":"2021-07-02T13:16:24","modified_gmt":"2021-07-02T11:16:24","slug":"cultura-pone-en-marcha-la-primera-convocatoria-de-ayudas-a-la-produccion-y-desarrollo-de-largometrajes-y-series-audiovisuales","status":"publish","type":"post","link":"https:\/\/filmotecacantabria.es\/es\/cultura-pone-en-marcha-la-primera-convocatoria-de-ayudas-a-la-produccion-y-desarrollo-de-largometrajes-y-series-audiovisuales\/","title":{"rendered":"Cultura pone en marcha la primera convocatoria de ayudas a la producci\u00f3n y desarrollo de largometrajes y series audiovisuales"},"content":{"rendered":"<p><strong>Un comit\u00e9 externo de expertos y profesionales del sector valorar\u00e1 las solicitudes de ayudas, que se pueden presentar desde el pr\u00f3ximo lunes y que cuentan con una partida total de 100.000 euros <\/strong><\/p>\n<p><strong>Santander, 2 de julio de 2021.- <\/strong>La Sociedad Regional de Cultura y Deporte ha publicado hoy en el Bolet\u00edn Oficial de Cantabria (BOC) las convocatorias de las ayudas a la producci\u00f3n y al desarrollo de largometrajes y series audiovisuales que, por primera vez, ha puesto en marcha la Consejer\u00eda de Universidades, Igualdad, Cultura y Deporte del Gobierno de Cantabria.<\/p>\n<p>Se trata de dos convocatorias de ayudas a las que se destina una partida total de 100.000 euros y que el vicepresidente regional y consejero de Cultura, Pablo Zuloaga, present\u00f3 en rueda en prensa el pasado 11 de mayo junto a representantes de la Asociaci\u00f3n Audiovisual de Cantabria (ACuCa) y de las Productoras Asociadas de Cantabria de Cine y Audiovisuales (PACCA).<\/p>\n<p>Para Zuloaga, esta nueva l\u00ednea de ayudas al desarrollo y producci\u00f3n de largometrajes concreta el apoyo del Ejecutivo c\u00e1ntabro y de la Consejer\u00eda que dirige al materializar un compromiso con el sector audiovisual de la comunidad aut\u00f3noma, que ahora podr\u00e1 competir en mejores condiciones con el resto de producciones que s\u00ed contaban con ayudas auton\u00f3micas.<\/p>\n<p>Tambi\u00e9n considera que este impulso al sector va a permitir que el talento creador de Cantabria crezca, que las empresas audiovisuales c\u00e1ntabras se desarrollen y que la comunidad aut\u00f3noma se de a conocer a trav\u00e9s de una plataforma universal como el cine.<\/p>\n<p>A ambas convocatorias de ayudas, que se conceder\u00e1n en r\u00e9gimen de concurrencia competitiva, podr\u00e1n optar personas f\u00edsicas o jur\u00eddicas constituidas como productoras audiovisuales independientes que acrediten contar con establecimiento permanente en Cantabria desde, al menos, un a\u00f1o antes de la fecha de publicaci\u00f3n de esta convocatoria en el BOC.<\/p>\n<p>Respecto a las ayudas a la producci\u00f3n de largometrajes y series audiovisuales, la convocatoria est\u00e1 dotada con una partida total de 80.000 euros y la cuant\u00eda m\u00e1xima de ayuda a conceder por proyecto no podr\u00e1 exceder de 40.000 euros.<\/p>\n<p>En lo que se refiere a la convocatoria de ayudas al desarrollo de largometrajes y series audiovisuales, la partida total asciende a 20.000 euros y la cuant\u00eda m\u00e1xima de ayuda no podr\u00e1 superar los 10.000 euros.<\/p>\n<p>Un comit\u00e9 externo, compuesto por expertos y profesionales del sector audiovisual, ser\u00e1 el encargado de valorar las solicitudes presentadas. Este comit\u00e9 estar\u00e1 formado por la cineasta y montadora Diana Toucedo, por la directora del Festival de Cine Documental Musical \u2018Dock of the bay\u2019, Eva Rivera, y por el productor ejecutivo y docente en diversas \u00e1reas de las industrias cinematogr\u00e1fica y televisiva Luis \u00c1ngel Ram\u00edrez.<\/p>\n<p>El plazo de solicitud en ambas convocatorias se abrir\u00e1 el pr\u00f3ximo lunes, d\u00eda 5 de julio, y estar\u00e1 abierto hasta el 23 de julio incluido. Las solicitudes deben presentarse a trav\u00e9s de la plataforma de ayudas p\u00fablicas a la que se accede a trav\u00e9s de la p\u00e1gina web de la Sociedad Regional de Cultura y Deporte.<\/p>\n","protected":false},"excerpt":{"rendered":"<p>Un comit\u00e9 externo de expertos y profesionales del sector valorar\u00e1 las solicitudes de ayudas, que se pueden presentar desde el pr\u00f3ximo lunes y que cuentan con una partida total de 100.000 euros Santander, 2 de julio de 2021.- La Sociedad Regional de Cultura y Deporte ha publicado hoy en el Bolet\u00edn Oficial de Cantabria (BOC) [&hellip;]<\/p>\n","protected":false},"author":7,"featured_media":1924,"comment_status":"closed","ping_status":"closed","sticky":false,"template":"","format":"standard","meta":{"inline_featured_image":false,"footnotes":""},"categories":[4],"tags":[],"class_list":["post-1923","post","type-post","status-publish","format-standard","has-post-thumbnail","hentry","category-noticias"],"yoast_head":"<!-- This site is optimized with the Yoast SEO plugin v19.6.1 - https:\/\/yoast.com\/wordpress\/plugins\/seo\/ -->\n<title>Cultura pone en marcha la primera convocatoria de ayudas a la producci\u00f3n y desarrollo de largometrajes y series audiovisuales - Filmoteca de Cantabria Mario Camus | Santander | Torrelavega | Regi\u00f3n<\/title>\n<meta name=\"robots\" content=\"index, follow, max-snippet:-1, max-image-preview:large, max-video-preview:-1\" \/>\n<link rel=\"canonical\" href=\"https:\/\/filmotecacantabria.es\/es\/cultura-pone-en-marcha-la-primera-convocatoria-de-ayudas-a-la-produccion-y-desarrollo-de-largometrajes-y-series-audiovisuales\/\" \/>\n<meta property=\"og:locale\" content=\"es_ES\" \/>\n<meta property=\"og:type\" content=\"article\" \/>\n<meta property=\"og:title\" content=\"Cultura pone en marcha la primera convocatoria de ayudas a la producci\u00f3n y desarrollo de largometrajes y series audiovisuales - Filmoteca de Cantabria Mario Camus | Santander | Torrelavega | Regi\u00f3n\" \/>\n<meta property=\"og:description\" content=\"Un comit\u00e9 externo de expertos y profesionales del sector valorar\u00e1 las solicitudes de ayudas, que se pueden presentar desde el pr\u00f3ximo lunes y que cuentan con una partida total de 100.000 euros Santander, 2 de julio de 2021.- La Sociedad Regional de Cultura y Deporte ha publicado hoy en el Bolet\u00edn Oficial de Cantabria (BOC) [&hellip;]\" \/>\n<meta property=\"og:url\" content=\"https:\/\/filmotecacantabria.es\/es\/cultura-pone-en-marcha-la-primera-convocatoria-de-ayudas-a-la-produccion-y-desarrollo-de-largometrajes-y-series-audiovisuales\/\" \/>\n<meta property=\"og:site_name\" content=\"Filmoteca de Cantabria Mario Camus | Santander | Torrelavega | Regi\u00f3n\" \/>\n<meta property=\"article:published_time\" content=\"2021-07-02T11:14:28+00:00\" \/>\n<meta property=\"article:modified_time\" content=\"2021-07-02T11:16:24+00:00\" \/>\n<meta property=\"og:image\" content=\"https:\/\/filmotecacantabria.es\/es\/wp-content\/uploads\/2021\/07\/vicepresidente-largometrajes-lara-revilla-mayo-2021-1030x730.jpg\" \/>\n\t<meta property=\"og:image:width\" content=\"1030\" \/>\n\t<meta property=\"og:image:height\" content=\"730\" \/>\n\t<meta property=\"og:image:type\" content=\"image\/jpeg\" \/>\n<meta name=\"author\" content=\"redes@srecd.es\" \/>\n<meta name=\"twitter:card\" content=\"summary_large_image\" \/>\n<meta name=\"twitter:label1\" content=\"Escrito por\" \/>\n\t<meta name=\"twitter:data1\" content=\"redes@srecd.es\" \/>\n\t<meta name=\"twitter:label2\" content=\"Tiempo de lectura\" \/>\n\t<meta name=\"twitter:data2\" content=\"3 minutos\" \/>\n<script type=\"application\/ld+json\" class=\"yoast-schema-graph\">{\"@context\":\"https:\/\/schema.org\",\"@graph\":[{\"@type\":\"Article\",\"@id\":\"https:\/\/filmotecacantabria.es\/es\/cultura-pone-en-marcha-la-primera-convocatoria-de-ayudas-a-la-produccion-y-desarrollo-de-largometrajes-y-series-audiovisuales\/#article\",\"isPartOf\":{\"@id\":\"https:\/\/filmotecacantabria.es\/es\/cultura-pone-en-marcha-la-primera-convocatoria-de-ayudas-a-la-produccion-y-desarrollo-de-largometrajes-y-series-audiovisuales\/\"},\"author\":{\"name\":\"redes@srecd.es\",\"@id\":\"https:\/\/filmotecacantabria.es\/es\/#\/schema\/person\/4adbc08463db931b9fea64307175e87b\"},\"headline\":\"Cultura pone en marcha la primera convocatoria de ayudas a la producci\u00f3n y desarrollo de largometrajes y series audiovisuales\",\"datePublished\":\"2021-07-02T11:14:28+00:00\",\"dateModified\":\"2021-07-02T11:16:24+00:00\",\"mainEntityOfPage\":{\"@id\":\"https:\/\/filmotecacantabria.es\/es\/cultura-pone-en-marcha-la-primera-convocatoria-de-ayudas-a-la-produccion-y-desarrollo-de-largometrajes-y-series-audiovisuales\/\"},\"wordCount\":538,\"publisher\":{\"@id\":\"https:\/\/filmotecacantabria.es\/es\/#organization\"},\"articleSection\":[\"Noticias\"],\"inLanguage\":\"es\"},{\"@type\":\"WebPage\",\"@id\":\"https:\/\/filmotecacantabria.es\/es\/cultura-pone-en-marcha-la-primera-convocatoria-de-ayudas-a-la-produccion-y-desarrollo-de-largometrajes-y-series-audiovisuales\/\",\"url\":\"https:\/\/filmotecacantabria.es\/es\/cultura-pone-en-marcha-la-primera-convocatoria-de-ayudas-a-la-produccion-y-desarrollo-de-largometrajes-y-series-audiovisuales\/\",\"name\":\"Cultura pone en marcha la primera convocatoria de ayudas a la producci\u00f3n y desarrollo de largometrajes y series audiovisuales - Filmoteca de Cantabria Mario Camus | Santander | Torrelavega | Regi\u00f3n\",\"isPartOf\":{\"@id\":\"https:\/\/filmotecacantabria.es\/es\/#website\"},\"datePublished\":\"2021-07-02T11:14:28+00:00\",\"dateModified\":\"2021-07-02T11:16:24+00:00\",\"breadcrumb\":{\"@id\":\"https:\/\/filmotecacantabria.es\/es\/cultura-pone-en-marcha-la-primera-convocatoria-de-ayudas-a-la-produccion-y-desarrollo-de-largometrajes-y-series-audiovisuales\/#breadcrumb\"},\"inLanguage\":\"es\",\"potentialAction\":[{\"@type\":\"ReadAction\",\"target\":[\"https:\/\/filmotecacantabria.es\/es\/cultura-pone-en-marcha-la-primera-convocatoria-de-ayudas-a-la-produccion-y-desarrollo-de-largometrajes-y-series-audiovisuales\/\"]}]},{\"@type\":\"BreadcrumbList\",\"@id\":\"https:\/\/filmotecacantabria.es\/es\/cultura-pone-en-marcha-la-primera-convocatoria-de-ayudas-a-la-produccion-y-desarrollo-de-largometrajes-y-series-audiovisuales\/#breadcrumb\",\"itemListElement\":[{\"@type\":\"ListItem\",\"position\":1,\"name\":\"Portada\",\"item\":\"https:\/\/filmotecacantabria.es\/es\/inicio\/\"},{\"@type\":\"ListItem\",\"position\":2,\"name\":\"Cultura pone en marcha la primera convocatoria de ayudas a la producci\u00f3n y desarrollo de largometrajes y series audiovisuales\"}]},{\"@type\":\"WebSite\",\"@id\":\"https:\/\/filmotecacantabria.es\/es\/#website\",\"url\":\"https:\/\/filmotecacantabria.es\/es\/\",\"name\":\"Filmoteca de Cantabria Mario Camus | Santander | Torrelavega | Regi\u00f3n\",\"description\":\"Toda la programaci\u00f3n de las filmotecas de Cantabria Mario Camus.\",\"publisher\":{\"@id\":\"https:\/\/filmotecacantabria.es\/es\/#organization\"},\"potentialAction\":[{\"@type\":\"SearchAction\",\"target\":{\"@type\":\"EntryPoint\",\"urlTemplate\":\"https:\/\/filmotecacantabria.es\/es\/?s={search_term_string}\"},\"query-input\":\"required name=search_term_string\"}],\"inLanguage\":\"es\"},{\"@type\":\"Organization\",\"@id\":\"https:\/\/filmotecacantabria.es\/es\/#organization\",\"name\":\"Filmoteca de Cantabria Mario Camus | Santander | Torrelavega | Regi\u00f3n\",\"url\":\"https:\/\/filmotecacantabria.es\/es\/\",\"sameAs\":[],\"logo\":{\"@type\":\"ImageObject\",\"inLanguage\":\"es\",\"@id\":\"https:\/\/filmotecacantabria.es\/es\/#\/schema\/logo\/image\/\",\"url\":\"https:\/\/filmotecacantabria.es\/es\/wp-content\/uploads\/2021\/12\/logo-filmoteca-cantabria-1-mario-camus.png\",\"contentUrl\":\"https:\/\/filmotecacantabria.es\/es\/wp-content\/uploads\/2021\/12\/logo-filmoteca-cantabria-1-mario-camus.png\",\"width\":170,\"height\":183,\"caption\":\"Filmoteca de Cantabria Mario Camus | Santander | Torrelavega | Regi\u00f3n\"},\"image\":{\"@id\":\"https:\/\/filmotecacantabria.es\/es\/#\/schema\/logo\/image\/\"}},{\"@type\":\"Person\",\"@id\":\"https:\/\/filmotecacantabria.es\/es\/#\/schema\/person\/4adbc08463db931b9fea64307175e87b\",\"name\":\"redes@srecd.es\",\"image\":{\"@type\":\"ImageObject\",\"inLanguage\":\"es\",\"@id\":\"https:\/\/filmotecacantabria.es\/es\/#\/schema\/person\/image\/\",\"url\":\"https:\/\/secure.gravatar.com\/avatar\/370cd7587da3a4852600691b493c142e?s=96&d=mm&r=g\",\"contentUrl\":\"https:\/\/secure.gravatar.com\/avatar\/370cd7587da3a4852600691b493c142e?s=96&d=mm&r=g\",\"caption\":\"redes@srecd.es\"}}]}<\/script>\n<!-- \/ Yoast SEO plugin. -->","yoast_head_json":{"title":"Cultura pone en marcha la primera convocatoria de ayudas a la producci\u00f3n y desarrollo de largometrajes y series audiovisuales - Filmoteca de Cantabria Mario Camus | Santander | Torrelavega | Regi\u00f3n","robots":{"index":"index","follow":"follow","max-snippet":"max-snippet:-1","max-image-preview":"max-image-preview:large","max-video-preview":"max-video-preview:-1"},"canonical":"https:\/\/filmotecacantabria.es\/es\/cultura-pone-en-marcha-la-primera-convocatoria-de-ayudas-a-la-produccion-y-desarrollo-de-largometrajes-y-series-audiovisuales\/","og_locale":"es_ES","og_type":"article","og_title":"Cultura pone en marcha la primera convocatoria de ayudas a la producci\u00f3n y desarrollo de largometrajes y series audiovisuales - Filmoteca de Cantabria Mario Camus | Santander | Torrelavega | Regi\u00f3n","og_description":"Un comit\u00e9 externo de expertos y profesionales del sector valorar\u00e1 las solicitudes de ayudas, que se pueden presentar desde el pr\u00f3ximo lunes y que cuentan con una partida total de 100.000 euros Santander, 2 de julio de 2021.- La Sociedad Regional de Cultura y Deporte ha publicado hoy en el Bolet\u00edn Oficial de Cantabria (BOC) [&hellip;]","og_url":"https:\/\/filmotecacantabria.es\/es\/cultura-pone-en-marcha-la-primera-convocatoria-de-ayudas-a-la-produccion-y-desarrollo-de-largometrajes-y-series-audiovisuales\/","og_site_name":"Filmoteca de Cantabria Mario Camus | Santander | Torrelavega | Regi\u00f3n","article_published_time":"2021-07-02T11:14:28+00:00","article_modified_time":"2021-07-02T11:16:24+00:00","og_image":[{"width":1030,"height":730,"url":"https:\/\/filmotecacantabria.es\/es\/wp-content\/uploads\/2021\/07\/vicepresidente-largometrajes-lara-revilla-mayo-2021-1030x730.jpg","type":"image\/jpeg"}],"author":"redes@srecd.es","twitter_card":"summary_large_image","twitter_misc":{"Escrito por":"redes@srecd.es","Tiempo de lectura":"3 minutos"},"schema":{"@context":"https:\/\/schema.org","@graph":[{"@type":"Article","@id":"https:\/\/filmotecacantabria.es\/es\/cultura-pone-en-marcha-la-primera-convocatoria-de-ayudas-a-la-produccion-y-desarrollo-de-largometrajes-y-series-audiovisuales\/#article","isPartOf":{"@id":"https:\/\/filmotecacantabria.es\/es\/cultura-pone-en-marcha-la-primera-convocatoria-de-ayudas-a-la-produccion-y-desarrollo-de-largometrajes-y-series-audiovisuales\/"},"author":{"name":"redes@srecd.es","@id":"https:\/\/filmotecacantabria.es\/es\/#\/schema\/person\/4adbc08463db931b9fea64307175e87b"},"headline":"Cultura pone en marcha la primera convocatoria de ayudas a la producci\u00f3n y desarrollo de largometrajes y series audiovisuales","datePublished":"2021-07-02T11:14:28+00:00","dateModified":"2021-07-02T11:16:24+00:00","mainEntityOfPage":{"@id":"https:\/\/filmotecacantabria.es\/es\/cultura-pone-en-marcha-la-primera-convocatoria-de-ayudas-a-la-produccion-y-desarrollo-de-largometrajes-y-series-audiovisuales\/"},"wordCount":538,"publisher":{"@id":"https:\/\/filmotecacantabria.es\/es\/#organization"},"articleSection":["Noticias"],"inLanguage":"es"},{"@type":"WebPage","@id":"https:\/\/filmotecacantabria.es\/es\/cultura-pone-en-marcha-la-primera-convocatoria-de-ayudas-a-la-produccion-y-desarrollo-de-largometrajes-y-series-audiovisuales\/","url":"https:\/\/filmotecacantabria.es\/es\/cultura-pone-en-marcha-la-primera-convocatoria-de-ayudas-a-la-produccion-y-desarrollo-de-largometrajes-y-series-audiovisuales\/","name":"Cultura pone en marcha la primera convocatoria de ayudas a la producci\u00f3n y desarrollo de largometrajes y series audiovisuales - Filmoteca de Cantabria Mario Camus | Santander | Torrelavega | Regi\u00f3n","isPartOf":{"@id":"https:\/\/filmotecacantabria.es\/es\/#website"},"datePublished":"2021-07-02T11:14:28+00:00","dateModified":"2021-07-02T11:16:24+00:00","breadcrumb":{"@id":"https:\/\/filmotecacantabria.es\/es\/cultura-pone-en-marcha-la-primera-convocatoria-de-ayudas-a-la-produccion-y-desarrollo-de-largometrajes-y-series-audiovisuales\/#breadcrumb"},"inLanguage":"es","potentialAction":[{"@type":"ReadAction","target":["https:\/\/filmotecacantabria.es\/es\/cultura-pone-en-marcha-la-primera-convocatoria-de-ayudas-a-la-produccion-y-desarrollo-de-largometrajes-y-series-audiovisuales\/"]}]},{"@type":"BreadcrumbList","@id":"https:\/\/filmotecacantabria.es\/es\/cultura-pone-en-marcha-la-primera-convocatoria-de-ayudas-a-la-produccion-y-desarrollo-de-largometrajes-y-series-audiovisuales\/#breadcrumb","itemListElement":[{"@type":"ListItem","position":1,"name":"Portada","item":"https:\/\/filmotecacantabria.es\/es\/inicio\/"},{"@type":"ListItem","position":2,"name":"Cultura pone en marcha la primera convocatoria de ayudas a la producci\u00f3n y desarrollo de largometrajes y series audiovisuales"}]},{"@type":"WebSite","@id":"https:\/\/filmotecacantabria.es\/es\/#website","url":"https:\/\/filmotecacantabria.es\/es\/","name":"Filmoteca de Cantabria Mario Camus | Santander | Torrelavega | Regi\u00f3n","description":"Toda la programaci\u00f3n de las filmotecas de Cantabria Mario Camus.","publisher":{"@id":"https:\/\/filmotecacantabria.es\/es\/#organization"},"potentialAction":[{"@type":"SearchAction","target":{"@type":"EntryPoint","urlTemplate":"https:\/\/filmotecacantabria.es\/es\/?s={search_term_string}"},"query-input":"required name=search_term_string"}],"inLanguage":"es"},{"@type":"Organization","@id":"https:\/\/filmotecacantabria.es\/es\/#organization","name":"Filmoteca de Cantabria Mario Camus | Santander | Torrelavega | Regi\u00f3n","url":"https:\/\/filmotecacantabria.es\/es\/","sameAs":[],"logo":{"@type":"ImageObject","inLanguage":"es","@id":"https:\/\/filmotecacantabria.es\/es\/#\/schema\/logo\/image\/","url":"https:\/\/filmotecacantabria.es\/es\/wp-content\/uploads\/2021\/12\/logo-filmoteca-cantabria-1-mario-camus.png","contentUrl":"https:\/\/filmotecacantabria.es\/es\/wp-content\/uploads\/2021\/12\/logo-filmoteca-cantabria-1-mario-camus.png","width":170,"height":183,"caption":"Filmoteca de Cantabria Mario Camus | Santander | Torrelavega | Regi\u00f3n"},"image":{"@id":"https:\/\/filmotecacantabria.es\/es\/#\/schema\/logo\/image\/"}},{"@type":"Person","@id":"https:\/\/filmotecacantabria.es\/es\/#\/schema\/person\/4adbc08463db931b9fea64307175e87b","name":"redes@srecd.es","image":{"@type":"ImageObject","inLanguage":"es","@id":"https:\/\/filmotecacantabria.es\/es\/#\/schema\/person\/image\/","url":"https:\/\/secure.gravatar.com\/avatar\/370cd7587da3a4852600691b493c142e?s=96&d=mm&r=g","contentUrl":"https:\/\/secure.gravatar.com\/avatar\/370cd7587da3a4852600691b493c142e?s=96&d=mm&r=g","caption":"redes@srecd.es"}}]}},"_links":{"self":[{"href":"https:\/\/filmotecacantabria.es\/es\/wp-json\/wp\/v2\/posts\/1923"}],"collection":[{"href":"https:\/\/filmotecacantabria.es\/es\/wp-json\/wp\/v2\/posts"}],"about":[{"href":"https:\/\/filmotecacantabria.es\/es\/wp-json\/wp\/v2\/types\/post"}],"author":[{"embeddable":true,"href":"https:\/\/filmotecacantabria.es\/es\/wp-json\/wp\/v2\/users\/7"}],"replies":[{"embeddable":true,"href":"https:\/\/filmotecacantabria.es\/es\/wp-json\/wp\/v2\/comments?post=1923"}],"version-history":[{"count":1,"href":"https:\/\/filmotecacantabria.es\/es\/wp-json\/wp\/v2\/posts\/1923\/revisions"}],"predecessor-version":[{"id":1925,"href":"https:\/\/filmotecacantabria.es\/es\/wp-json\/wp\/v2\/posts\/1923\/revisions\/1925"}],"wp:featuredmedia":[{"embeddable":true,"href":"https:\/\/filmotecacantabria.es\/es\/wp-json\/wp\/v2\/media\/1924"}],"wp:attachment":[{"href":"https:\/\/filmotecacantabria.es\/es\/wp-json\/wp\/v2\/media?parent=1923"}],"wp:term":[{"taxonomy":"category","embeddable":true,"href":"https:\/\/filmotecacantabria.es\/es\/wp-json\/wp\/v2\/categories?post=1923"},{"taxonomy":"post_tag","embeddable":true,"href":"https:\/\/filmotecacantabria.es\/es\/wp-json\/wp\/v2\/tags?post=1923"}],"curies":[{"name":"wp","href":"https:\/\/api.w.org\/{rel}","templated":true}]}}