{"id":1912,"date":"2021-06-28T13:05:44","date_gmt":"2021-06-28T11:05:44","guid":{"rendered":"https:\/\/filmotecacantabria.es\/es\/?p=1912"},"modified":"2021-06-28T13:05:44","modified_gmt":"2021-06-28T11:05:44","slug":"la-filmoteca-inicia-en-julio-un-ciclo-sobre-david-lynch","status":"publish","type":"post","link":"https:\/\/filmotecacantabria.es\/es\/la-filmoteca-inicia-en-julio-un-ciclo-sobre-david-lynch\/","title":{"rendered":"La Filmoteca inicia en julio un ciclo sobre David Lynch"},"content":{"rendered":"<p><strong>\u2018Universo Lynch\u2019 recuperar\u00e1 buena parte de la filmograf\u00eda del cineasta norteamericano, un nuevo ciclo al que se suma \u2018Jam Session\u2019 para realizar un recorrido por algunos nombres propios de la m\u00fasica mundial<\/strong><\/p>\n<p><strong>\u00a0<\/strong><\/p>\n<p><strong>Santander, 25 de junio de 2021.- <\/strong>La Filmoteca de Cantabria iniciar\u00e1 en el mes de julio un ciclo dedicado al cineasta norteamericano David Lynch con la proyecci\u00f3n de algunos de sus m\u00e1s conocidos t\u00edtulos como \u2018El hombre elefante\u2019 (1980), \u2018Terciopelo azul\u2019 (1986) o \u2018Coraz\u00f3n salvaje\u2019 (1990).<\/p>\n<p>El director de la Filmoteca, Antonio Navarro, ha destacado que la programaci\u00f3n de julio renueva su oferta con nuevos ciclos para afrontar un verano en el que el misterio, la extra\u00f1eza y lo on\u00edrico est\u00e9n presentes de la mano de David Lynch.<\/p>\n<p>Asimismo, tambi\u00e9n ha se\u00f1alado que la melod\u00eda y el ritmo ser\u00e1n las protagonistas en unas sesiones repletas de m\u00fasica y que habr\u00e1 propuestas cinematogr\u00e1ficas actuales interesantes que a\u00fan no se han estrenado en Cantabria para dar forma a una programaci\u00f3n que \u201cnos devuelva el deseo de fascinaci\u00f3n del cine\u201d.<\/p>\n<p>La primera novedad de la programaci\u00f3n del mes de julio en el Filmoteca es el ciclo \u2018Universo Lynch\u2019, que continuar\u00e1 tambi\u00e9n en agosto y que proyectar\u00e1 buena parte de la filmograf\u00eda del cineasta norteamericano.<\/p>\n<p>Navarro ha explicado que ante las dificultades que han tenido que afrontar en los \u00faltimos meses, algunas distribuidoras han apostado por rescatar las obras de algunos autores para llevarlas de nuevo a los cines y que es el caso de David Lynch, del que la Filmoteca ofrecer\u00e1 copias digitalizadas para volver a disfrutar de \u201cuna de las obras m\u00e1s interesantes y singulares del cine de los \u00faltimos 50 a\u00f1os\u201d.<\/p>\n<p>\u201cEl artista estadounidense se ha caracterizado por la esquiva narraci\u00f3n de sus pel\u00edculas, donde convergen diferentes mundos y tiempos y en la que muestra la extra\u00f1eza que se esconde tras la cotidianidad de la vida\u201d, ha resaltado.<\/p>\n<p>Los t\u00edtulos que se proyectar\u00e1 en julio son \u2018Cabeza borradora\u2019 (1977), \u2018El hombre elefante\u2019 (1980), \u2018Terciopelo azul\u2019 (1986), \u2018Coraz\u00f3n salvaje\u2019 (1990) y \u2018Twin Peaks: fuego camina conmigo\u2019 (1992), a lo que sumar\u00e1 una sesi\u00f3n con cortometrajes y presentaciones in\u00e9ditas.<\/p>\n<p>La segunda novedad de la programaci\u00f3n de julio es el ciclo \u2018Jam Session\u2019, en el que se unen cine y m\u00fasica, una relaci\u00f3n que ha dado magn\u00edficos frutos a lo largo de la historia del cine desde que a comienzos de los a\u00f1os 30 se incorporara el sonido.<\/p>\n<p>Durante este mes de julio la Filmoteca realizar\u00e1 un recorrido por algunos nombres propios de la m\u00fasica mundial a trav\u00e9s de una serie de t\u00edtulos que son fundamentales para entender el cine musical y a los propios m\u00fasicos protagonistas. Adem\u00e1s, en la sesi\u00f3n de los viernes, las proyecciones de las 20.30 horas se completar\u00e1n con un concierto.<\/p>\n<p>El ciclo incluye las proyecciones de \u2018Calle 54\u2019 (Fernando Trueba, Espa\u00f1a 2000), \u2018Pink Floyd. El muro\u2019 (Alan Parker, Reino Unido 1982), \u2018El barrio contra m\u00ed\u2019 (Michael Curtiz, EEUU 1958) y \u2018Qu\u00e9 noche la de aquel d\u00eda\u2019 (Richard Lester, Reino Unido 1964).<\/p>\n<p>&nbsp;<\/p>\n<p>Asimismo, la cita habitual con el ciclo de \u2018In\u00e9ditos\u2019, en el que se repasan t\u00edtulos relevantes que no han podido verse en Cantabria, contar\u00e1 este mes con t\u00edtulos espa\u00f1oles de j\u00f3venes cineastas, como \u2018La \u00faltima primavera\u2019 (Isabel Lamberti, Espa\u00f1a 2020) y \u2018Tierra de leche y miel\u2019 (H\u00e9ctor Dom\u00ednguez-Viguera, Carlos Mora, Gonzalo Recio, Espa\u00f1a 2020). Esta proyecci\u00f3n contar\u00e1 con la presencia de uno de los directores, con Carlos Mora, para presentarla y debatir tras la proyecci\u00f3n.<\/p>\n<p>Adem\u00e1s, este ciclo incluye la proyecci\u00f3n de dos pel\u00edculas de dos de los autores asi\u00e1ticos m\u00e1s importantes y personales del siglo XX, que han logrado conformar una obra homog\u00e9nea y coherente a lo largo de su trayectoria art\u00edstica: \u2018Rizi\u2019 (Tsai Ming-liang, Taiw\u00e1n 2020) y \u2018La mujer que escap\u00f3\u2019 (Hong Sang-soo, Corea del Sur 2020).<\/p>\n<p>La programaci\u00f3n de la Filmoteca durante el mes de julio se complementa con varias \u2018Sesiones especiales\u2019. En primer lugar, la que viene de la mano una vez m\u00e1s del colectivo La Llave Azul y que es una de las propuestas m\u00e1s arriesgadas y singulares del cine espa\u00f1ol, galardonada en la \u00faltima edici\u00f3n del Festival de Cine Espa\u00f1ol de M\u00e1laga con el Premio Especial del Jurado y el Mejor Montaje: \u2018Destello brav\u00edo\u2019 (Ainhoa Rodr\u00edguez, Espa\u00f1a 2021).<\/p>\n<p>Tambi\u00e9n se mantiene la cita con el p\u00fablico infantil a trav\u00e9s de \u2018Filmoteca J\u00fanior\u2019, que proyectar\u00e1 \u2018El tesoro de Morg\u00e4a\u2019 (Nicola Lemay, Canad\u00e1 2021) y el director David P. Sa\u00f1udo presentar\u00e1 la proyecci\u00f3n de su pel\u00edcula \u2018Ane\u2019 (2020), ganadora en los \u00faltimos Premios Goya de Mejor Actriz Principal, Mejor Actriz Revelaci\u00f3n y Mejor Guion Adaptado.<\/p>\n","protected":false},"excerpt":{"rendered":"<p>\u2018Universo Lynch\u2019 recuperar\u00e1 buena parte de la filmograf\u00eda del cineasta norteamericano, un nuevo ciclo al que se suma \u2018Jam Session\u2019 para realizar un recorrido por algunos nombres propios de la m\u00fasica mundial \u00a0 Santander, 25 de junio de 2021.- La Filmoteca de Cantabria iniciar\u00e1 en el mes de julio un ciclo dedicado al cineasta norteamericano [&hellip;]<\/p>\n","protected":false},"author":7,"featured_media":1913,"comment_status":"closed","ping_status":"closed","sticky":false,"template":"","format":"standard","meta":{"inline_featured_image":false,"footnotes":""},"categories":[4],"tags":[],"class_list":["post-1912","post","type-post","status-publish","format-standard","has-post-thumbnail","hentry","category-noticias"],"yoast_head":"<!-- This site is optimized with the Yoast SEO plugin v19.6.1 - https:\/\/yoast.com\/wordpress\/plugins\/seo\/ -->\n<title>La Filmoteca inicia en julio un ciclo sobre David Lynch - Filmoteca de Cantabria Mario Camus | Santander | Torrelavega | Regi\u00f3n<\/title>\n<meta name=\"robots\" content=\"index, follow, max-snippet:-1, max-image-preview:large, max-video-preview:-1\" \/>\n<link rel=\"canonical\" href=\"https:\/\/filmotecacantabria.es\/es\/la-filmoteca-inicia-en-julio-un-ciclo-sobre-david-lynch\/\" \/>\n<meta property=\"og:locale\" content=\"es_ES\" \/>\n<meta property=\"og:type\" content=\"article\" \/>\n<meta property=\"og:title\" content=\"La Filmoteca inicia en julio un ciclo sobre David Lynch - Filmoteca de Cantabria Mario Camus | Santander | Torrelavega | Regi\u00f3n\" \/>\n<meta property=\"og:description\" content=\"\u2018Universo Lynch\u2019 recuperar\u00e1 buena parte de la filmograf\u00eda del cineasta norteamericano, un nuevo ciclo al que se suma \u2018Jam Session\u2019 para realizar un recorrido por algunos nombres propios de la m\u00fasica mundial \u00a0 Santander, 25 de junio de 2021.- La Filmoteca de Cantabria iniciar\u00e1 en el mes de julio un ciclo dedicado al cineasta norteamericano [&hellip;]\" \/>\n<meta property=\"og:url\" content=\"https:\/\/filmotecacantabria.es\/es\/la-filmoteca-inicia-en-julio-un-ciclo-sobre-david-lynch\/\" \/>\n<meta property=\"og:site_name\" content=\"Filmoteca de Cantabria Mario Camus | Santander | Torrelavega | Regi\u00f3n\" \/>\n<meta property=\"article:published_time\" content=\"2021-06-28T11:05:44+00:00\" \/>\n<meta property=\"og:image\" content=\"https:\/\/filmotecacantabria.es\/es\/wp-content\/uploads\/2021\/06\/img-david-lynch-01-184117216071-750x1000jpgportrait.jpg\" \/>\n\t<meta property=\"og:image:width\" content=\"300\" \/>\n\t<meta property=\"og:image:height\" content=\"400\" \/>\n\t<meta property=\"og:image:type\" content=\"image\/jpeg\" \/>\n<meta name=\"author\" content=\"redes@srecd.es\" \/>\n<meta name=\"twitter:card\" content=\"summary_large_image\" \/>\n<meta name=\"twitter:label1\" content=\"Escrito por\" \/>\n\t<meta name=\"twitter:data1\" content=\"redes@srecd.es\" \/>\n\t<meta name=\"twitter:label2\" content=\"Tiempo de lectura\" \/>\n\t<meta name=\"twitter:data2\" content=\"4 minutos\" \/>\n<script type=\"application\/ld+json\" class=\"yoast-schema-graph\">{\"@context\":\"https:\/\/schema.org\",\"@graph\":[{\"@type\":\"Article\",\"@id\":\"https:\/\/filmotecacantabria.es\/es\/la-filmoteca-inicia-en-julio-un-ciclo-sobre-david-lynch\/#article\",\"isPartOf\":{\"@id\":\"https:\/\/filmotecacantabria.es\/es\/la-filmoteca-inicia-en-julio-un-ciclo-sobre-david-lynch\/\"},\"author\":{\"name\":\"redes@srecd.es\",\"@id\":\"https:\/\/filmotecacantabria.es\/es\/#\/schema\/person\/4adbc08463db931b9fea64307175e87b\"},\"headline\":\"La Filmoteca inicia en julio un ciclo sobre David Lynch\",\"datePublished\":\"2021-06-28T11:05:44+00:00\",\"dateModified\":\"2021-06-28T11:05:44+00:00\",\"mainEntityOfPage\":{\"@id\":\"https:\/\/filmotecacantabria.es\/es\/la-filmoteca-inicia-en-julio-un-ciclo-sobre-david-lynch\/\"},\"wordCount\":823,\"publisher\":{\"@id\":\"https:\/\/filmotecacantabria.es\/es\/#organization\"},\"articleSection\":[\"Noticias\"],\"inLanguage\":\"es\"},{\"@type\":\"WebPage\",\"@id\":\"https:\/\/filmotecacantabria.es\/es\/la-filmoteca-inicia-en-julio-un-ciclo-sobre-david-lynch\/\",\"url\":\"https:\/\/filmotecacantabria.es\/es\/la-filmoteca-inicia-en-julio-un-ciclo-sobre-david-lynch\/\",\"name\":\"La Filmoteca inicia en julio un ciclo sobre David Lynch - Filmoteca de Cantabria Mario Camus | Santander | Torrelavega | Regi\u00f3n\",\"isPartOf\":{\"@id\":\"https:\/\/filmotecacantabria.es\/es\/#website\"},\"datePublished\":\"2021-06-28T11:05:44+00:00\",\"dateModified\":\"2021-06-28T11:05:44+00:00\",\"breadcrumb\":{\"@id\":\"https:\/\/filmotecacantabria.es\/es\/la-filmoteca-inicia-en-julio-un-ciclo-sobre-david-lynch\/#breadcrumb\"},\"inLanguage\":\"es\",\"potentialAction\":[{\"@type\":\"ReadAction\",\"target\":[\"https:\/\/filmotecacantabria.es\/es\/la-filmoteca-inicia-en-julio-un-ciclo-sobre-david-lynch\/\"]}]},{\"@type\":\"BreadcrumbList\",\"@id\":\"https:\/\/filmotecacantabria.es\/es\/la-filmoteca-inicia-en-julio-un-ciclo-sobre-david-lynch\/#breadcrumb\",\"itemListElement\":[{\"@type\":\"ListItem\",\"position\":1,\"name\":\"Portada\",\"item\":\"https:\/\/filmotecacantabria.es\/es\/inicio\/\"},{\"@type\":\"ListItem\",\"position\":2,\"name\":\"La Filmoteca inicia en julio un ciclo sobre David Lynch\"}]},{\"@type\":\"WebSite\",\"@id\":\"https:\/\/filmotecacantabria.es\/es\/#website\",\"url\":\"https:\/\/filmotecacantabria.es\/es\/\",\"name\":\"Filmoteca de Cantabria Mario Camus | Santander | Torrelavega | Regi\u00f3n\",\"description\":\"Toda la programaci\u00f3n de las filmotecas de Cantabria Mario Camus.\",\"publisher\":{\"@id\":\"https:\/\/filmotecacantabria.es\/es\/#organization\"},\"potentialAction\":[{\"@type\":\"SearchAction\",\"target\":{\"@type\":\"EntryPoint\",\"urlTemplate\":\"https:\/\/filmotecacantabria.es\/es\/?s={search_term_string}\"},\"query-input\":\"required name=search_term_string\"}],\"inLanguage\":\"es\"},{\"@type\":\"Organization\",\"@id\":\"https:\/\/filmotecacantabria.es\/es\/#organization\",\"name\":\"Filmoteca de Cantabria Mario Camus | Santander | Torrelavega | Regi\u00f3n\",\"url\":\"https:\/\/filmotecacantabria.es\/es\/\",\"sameAs\":[],\"logo\":{\"@type\":\"ImageObject\",\"inLanguage\":\"es\",\"@id\":\"https:\/\/filmotecacantabria.es\/es\/#\/schema\/logo\/image\/\",\"url\":\"https:\/\/filmotecacantabria.es\/es\/wp-content\/uploads\/2021\/12\/logo-filmoteca-cantabria-1-mario-camus.png\",\"contentUrl\":\"https:\/\/filmotecacantabria.es\/es\/wp-content\/uploads\/2021\/12\/logo-filmoteca-cantabria-1-mario-camus.png\",\"width\":170,\"height\":183,\"caption\":\"Filmoteca de Cantabria Mario Camus | Santander | Torrelavega | Regi\u00f3n\"},\"image\":{\"@id\":\"https:\/\/filmotecacantabria.es\/es\/#\/schema\/logo\/image\/\"}},{\"@type\":\"Person\",\"@id\":\"https:\/\/filmotecacantabria.es\/es\/#\/schema\/person\/4adbc08463db931b9fea64307175e87b\",\"name\":\"redes@srecd.es\",\"image\":{\"@type\":\"ImageObject\",\"inLanguage\":\"es\",\"@id\":\"https:\/\/filmotecacantabria.es\/es\/#\/schema\/person\/image\/\",\"url\":\"https:\/\/secure.gravatar.com\/avatar\/370cd7587da3a4852600691b493c142e?s=96&d=mm&r=g\",\"contentUrl\":\"https:\/\/secure.gravatar.com\/avatar\/370cd7587da3a4852600691b493c142e?s=96&d=mm&r=g\",\"caption\":\"redes@srecd.es\"}}]}<\/script>\n<!-- \/ Yoast SEO plugin. -->","yoast_head_json":{"title":"La Filmoteca inicia en julio un ciclo sobre David Lynch - Filmoteca de Cantabria Mario Camus | Santander | Torrelavega | Regi\u00f3n","robots":{"index":"index","follow":"follow","max-snippet":"max-snippet:-1","max-image-preview":"max-image-preview:large","max-video-preview":"max-video-preview:-1"},"canonical":"https:\/\/filmotecacantabria.es\/es\/la-filmoteca-inicia-en-julio-un-ciclo-sobre-david-lynch\/","og_locale":"es_ES","og_type":"article","og_title":"La Filmoteca inicia en julio un ciclo sobre David Lynch - Filmoteca de Cantabria Mario Camus | Santander | Torrelavega | Regi\u00f3n","og_description":"\u2018Universo Lynch\u2019 recuperar\u00e1 buena parte de la filmograf\u00eda del cineasta norteamericano, un nuevo ciclo al que se suma \u2018Jam Session\u2019 para realizar un recorrido por algunos nombres propios de la m\u00fasica mundial \u00a0 Santander, 25 de junio de 2021.- La Filmoteca de Cantabria iniciar\u00e1 en el mes de julio un ciclo dedicado al cineasta norteamericano [&hellip;]","og_url":"https:\/\/filmotecacantabria.es\/es\/la-filmoteca-inicia-en-julio-un-ciclo-sobre-david-lynch\/","og_site_name":"Filmoteca de Cantabria Mario Camus | Santander | Torrelavega | Regi\u00f3n","article_published_time":"2021-06-28T11:05:44+00:00","og_image":[{"width":300,"height":400,"url":"https:\/\/filmotecacantabria.es\/es\/wp-content\/uploads\/2021\/06\/img-david-lynch-01-184117216071-750x1000jpgportrait.jpg","type":"image\/jpeg"}],"author":"redes@srecd.es","twitter_card":"summary_large_image","twitter_misc":{"Escrito por":"redes@srecd.es","Tiempo de lectura":"4 minutos"},"schema":{"@context":"https:\/\/schema.org","@graph":[{"@type":"Article","@id":"https:\/\/filmotecacantabria.es\/es\/la-filmoteca-inicia-en-julio-un-ciclo-sobre-david-lynch\/#article","isPartOf":{"@id":"https:\/\/filmotecacantabria.es\/es\/la-filmoteca-inicia-en-julio-un-ciclo-sobre-david-lynch\/"},"author":{"name":"redes@srecd.es","@id":"https:\/\/filmotecacantabria.es\/es\/#\/schema\/person\/4adbc08463db931b9fea64307175e87b"},"headline":"La Filmoteca inicia en julio un ciclo sobre David Lynch","datePublished":"2021-06-28T11:05:44+00:00","dateModified":"2021-06-28T11:05:44+00:00","mainEntityOfPage":{"@id":"https:\/\/filmotecacantabria.es\/es\/la-filmoteca-inicia-en-julio-un-ciclo-sobre-david-lynch\/"},"wordCount":823,"publisher":{"@id":"https:\/\/filmotecacantabria.es\/es\/#organization"},"articleSection":["Noticias"],"inLanguage":"es"},{"@type":"WebPage","@id":"https:\/\/filmotecacantabria.es\/es\/la-filmoteca-inicia-en-julio-un-ciclo-sobre-david-lynch\/","url":"https:\/\/filmotecacantabria.es\/es\/la-filmoteca-inicia-en-julio-un-ciclo-sobre-david-lynch\/","name":"La Filmoteca inicia en julio un ciclo sobre David Lynch - Filmoteca de Cantabria Mario Camus | Santander | Torrelavega | Regi\u00f3n","isPartOf":{"@id":"https:\/\/filmotecacantabria.es\/es\/#website"},"datePublished":"2021-06-28T11:05:44+00:00","dateModified":"2021-06-28T11:05:44+00:00","breadcrumb":{"@id":"https:\/\/filmotecacantabria.es\/es\/la-filmoteca-inicia-en-julio-un-ciclo-sobre-david-lynch\/#breadcrumb"},"inLanguage":"es","potentialAction":[{"@type":"ReadAction","target":["https:\/\/filmotecacantabria.es\/es\/la-filmoteca-inicia-en-julio-un-ciclo-sobre-david-lynch\/"]}]},{"@type":"BreadcrumbList","@id":"https:\/\/filmotecacantabria.es\/es\/la-filmoteca-inicia-en-julio-un-ciclo-sobre-david-lynch\/#breadcrumb","itemListElement":[{"@type":"ListItem","position":1,"name":"Portada","item":"https:\/\/filmotecacantabria.es\/es\/inicio\/"},{"@type":"ListItem","position":2,"name":"La Filmoteca inicia en julio un ciclo sobre David Lynch"}]},{"@type":"WebSite","@id":"https:\/\/filmotecacantabria.es\/es\/#website","url":"https:\/\/filmotecacantabria.es\/es\/","name":"Filmoteca de Cantabria Mario Camus | Santander | Torrelavega | Regi\u00f3n","description":"Toda la programaci\u00f3n de las filmotecas de Cantabria Mario Camus.","publisher":{"@id":"https:\/\/filmotecacantabria.es\/es\/#organization"},"potentialAction":[{"@type":"SearchAction","target":{"@type":"EntryPoint","urlTemplate":"https:\/\/filmotecacantabria.es\/es\/?s={search_term_string}"},"query-input":"required name=search_term_string"}],"inLanguage":"es"},{"@type":"Organization","@id":"https:\/\/filmotecacantabria.es\/es\/#organization","name":"Filmoteca de Cantabria Mario Camus | Santander | Torrelavega | Regi\u00f3n","url":"https:\/\/filmotecacantabria.es\/es\/","sameAs":[],"logo":{"@type":"ImageObject","inLanguage":"es","@id":"https:\/\/filmotecacantabria.es\/es\/#\/schema\/logo\/image\/","url":"https:\/\/filmotecacantabria.es\/es\/wp-content\/uploads\/2021\/12\/logo-filmoteca-cantabria-1-mario-camus.png","contentUrl":"https:\/\/filmotecacantabria.es\/es\/wp-content\/uploads\/2021\/12\/logo-filmoteca-cantabria-1-mario-camus.png","width":170,"height":183,"caption":"Filmoteca de Cantabria Mario Camus | Santander | Torrelavega | Regi\u00f3n"},"image":{"@id":"https:\/\/filmotecacantabria.es\/es\/#\/schema\/logo\/image\/"}},{"@type":"Person","@id":"https:\/\/filmotecacantabria.es\/es\/#\/schema\/person\/4adbc08463db931b9fea64307175e87b","name":"redes@srecd.es","image":{"@type":"ImageObject","inLanguage":"es","@id":"https:\/\/filmotecacantabria.es\/es\/#\/schema\/person\/image\/","url":"https:\/\/secure.gravatar.com\/avatar\/370cd7587da3a4852600691b493c142e?s=96&d=mm&r=g","contentUrl":"https:\/\/secure.gravatar.com\/avatar\/370cd7587da3a4852600691b493c142e?s=96&d=mm&r=g","caption":"redes@srecd.es"}}]}},"_links":{"self":[{"href":"https:\/\/filmotecacantabria.es\/es\/wp-json\/wp\/v2\/posts\/1912"}],"collection":[{"href":"https:\/\/filmotecacantabria.es\/es\/wp-json\/wp\/v2\/posts"}],"about":[{"href":"https:\/\/filmotecacantabria.es\/es\/wp-json\/wp\/v2\/types\/post"}],"author":[{"embeddable":true,"href":"https:\/\/filmotecacantabria.es\/es\/wp-json\/wp\/v2\/users\/7"}],"replies":[{"embeddable":true,"href":"https:\/\/filmotecacantabria.es\/es\/wp-json\/wp\/v2\/comments?post=1912"}],"version-history":[{"count":2,"href":"https:\/\/filmotecacantabria.es\/es\/wp-json\/wp\/v2\/posts\/1912\/revisions"}],"predecessor-version":[{"id":1915,"href":"https:\/\/filmotecacantabria.es\/es\/wp-json\/wp\/v2\/posts\/1912\/revisions\/1915"}],"wp:featuredmedia":[{"embeddable":true,"href":"https:\/\/filmotecacantabria.es\/es\/wp-json\/wp\/v2\/media\/1913"}],"wp:attachment":[{"href":"https:\/\/filmotecacantabria.es\/es\/wp-json\/wp\/v2\/media?parent=1912"}],"wp:term":[{"taxonomy":"category","embeddable":true,"href":"https:\/\/filmotecacantabria.es\/es\/wp-json\/wp\/v2\/categories?post=1912"},{"taxonomy":"post_tag","embeddable":true,"href":"https:\/\/filmotecacantabria.es\/es\/wp-json\/wp\/v2\/tags?post=1912"}],"curies":[{"name":"wp","href":"https:\/\/api.w.org\/{rel}","templated":true}]}}