{"id":1856,"date":"2021-05-07T14:42:41","date_gmt":"2021-05-07T12:42:41","guid":{"rendered":"https:\/\/filmotecacantabria.es\/es\/?p=1856"},"modified":"2021-05-07T14:42:41","modified_gmt":"2021-05-07T12:42:41","slug":"la-filmoteca-se-une-al-30-aniversario-del-palacio-de-festivales-de-cantabria-acogiendo-este-mes-de-mayo-dos-estrenos","status":"publish","type":"post","link":"https:\/\/filmotecacantabria.es\/es\/la-filmoteca-se-une-al-30-aniversario-del-palacio-de-festivales-de-cantabria-acogiendo-este-mes-de-mayo-dos-estrenos\/","title":{"rendered":"La Filmoteca se une al 30 aniversario del Palacio de Festivales de Cantabria acogiendo este mes de mayo dos estrenos"},"content":{"rendered":"<p><strong>Se trata de dos propuestas esc\u00e9nicas previstas para los d\u00edas 18 y 25 de mayo cuyas entradas se han puesto hoy a la venta<\/strong><\/p>\n<p><strong>Santander, 7 de mayo de 2021.- <\/strong>La Filmoteca de Cantabria se ha unido a las actividades e iniciativas que est\u00e1 desarrollando la Vicepresidencia y Consejer\u00eda de Universidades, Igualdad, Cultura y Deporte, a trav\u00e9s de la Direcci\u00f3n General de Acci\u00f3n Cultural, para conmemorar el 30 aniversario del Palacio de Festivales de Cantabria.<\/p>\n<p>Por ello acoger\u00e1 el estreno de dos propuestas esc\u00e9nicas que tendr\u00e1n lugar en este espacio cultural los pr\u00f3ximos d\u00edas 18 y 25 de mayo, para las que las entradas, a un precio \u00fanico de 18 euros, se han puesto hoy viernes a la venta en la web y en la taquilla de la Filmoteca de Cantabria.<\/p>\n<p>As\u00ed, para el 18 de mayo, a las 19.30 horas, se ha programado el estreno del documento esc\u00e9nico-literario \u2018Laforet\u2019, con motivo de la celebraci\u00f3n del centenario del nacimiento de la c\u00e9lebre escritora Carmen Laforet que hubiera cumplido 100 a\u00f1os en 2021.<\/p>\n<p>Con gui\u00f3n y producci\u00f3n de Rosa Gil, quien tambi\u00e9n ha seleccionado los textos junto a Marta Cerezales Laforet, la obra cuenta en la interpretaci\u00f3n con Rita Cofi\u00f1o y la propia Rosa Gil.<\/p>\n<p>\u2018Laforet\u2019 es un documento literario en formato esc\u00e9nico que est\u00e1 dedicado a la figura de Carmen Laforet y la propuesta se compone de voz, imagen y sonido para acercar al p\u00fablico al mundo de la autora de \u2018Nada\u2019 a trav\u00e9s de la lectura de fragmentos de sus novelas, cuentos, art\u00edculos y cartas.<\/p>\n<p>Por otra parte, la compa\u00f1\u00eda Ruth Garreta estrenar\u00e1 el 25 de mayo, a las 19.30 horas, en la Filmoteca de Cantabria \u2018\u00bfPlaya o monte?\u2019, con dramaturgia y direcci\u00f3n de Javier Li\u00f1era e interpretaci\u00f3n de Ruth Garreta.<\/p>\n","protected":false},"excerpt":{"rendered":"<p>Se trata de dos propuestas esc\u00e9nicas previstas para los d\u00edas 18 y 25 de mayo cuyas entradas se han puesto hoy a la venta Santander, 7 de mayo de 2021.- La Filmoteca de Cantabria se ha unido a las actividades e iniciativas que est\u00e1 desarrollando la Vicepresidencia y Consejer\u00eda de Universidades, Igualdad, Cultura y Deporte, [&hellip;]<\/p>\n","protected":false},"author":7,"featured_media":1857,"comment_status":"closed","ping_status":"closed","sticky":false,"template":"","format":"standard","meta":{"inline_featured_image":false,"footnotes":""},"categories":[4],"tags":[],"class_list":["post-1856","post","type-post","status-publish","format-standard","has-post-thumbnail","hentry","category-noticias"],"yoast_head":"<!-- This site is optimized with the Yoast SEO plugin v19.6.1 - https:\/\/yoast.com\/wordpress\/plugins\/seo\/ -->\n<title>La Filmoteca se une al 30 aniversario del Palacio de Festivales de Cantabria acogiendo este mes de mayo dos estrenos - Filmoteca de Cantabria Mario Camus | Santander | Torrelavega | Regi\u00f3n<\/title>\n<meta name=\"robots\" content=\"index, follow, max-snippet:-1, max-image-preview:large, max-video-preview:-1\" \/>\n<link rel=\"canonical\" href=\"https:\/\/filmotecacantabria.es\/es\/la-filmoteca-se-une-al-30-aniversario-del-palacio-de-festivales-de-cantabria-acogiendo-este-mes-de-mayo-dos-estrenos\/\" \/>\n<meta property=\"og:locale\" content=\"es_ES\" \/>\n<meta property=\"og:type\" content=\"article\" \/>\n<meta property=\"og:title\" content=\"La Filmoteca se une al 30 aniversario del Palacio de Festivales de Cantabria acogiendo este mes de mayo dos estrenos - Filmoteca de Cantabria Mario Camus | Santander | Torrelavega | Regi\u00f3n\" \/>\n<meta property=\"og:description\" content=\"Se trata de dos propuestas esc\u00e9nicas previstas para los d\u00edas 18 y 25 de mayo cuyas entradas se han puesto hoy a la venta Santander, 7 de mayo de 2021.- La Filmoteca de Cantabria se ha unido a las actividades e iniciativas que est\u00e1 desarrollando la Vicepresidencia y Consejer\u00eda de Universidades, Igualdad, Cultura y Deporte, [&hellip;]\" \/>\n<meta property=\"og:url\" content=\"https:\/\/filmotecacantabria.es\/es\/la-filmoteca-se-une-al-30-aniversario-del-palacio-de-festivales-de-cantabria-acogiendo-este-mes-de-mayo-dos-estrenos\/\" \/>\n<meta property=\"og:site_name\" content=\"Filmoteca de Cantabria Mario Camus | Santander | Torrelavega | Regi\u00f3n\" \/>\n<meta property=\"article:published_time\" content=\"2021-05-07T12:42:41+00:00\" \/>\n<meta property=\"og:image\" content=\"https:\/\/filmotecacantabria.es\/es\/wp-content\/uploads\/2021\/05\/cartel-laforet.jpg\" \/>\n\t<meta property=\"og:image:width\" content=\"1362\" \/>\n\t<meta property=\"og:image:height\" content=\"2000\" \/>\n\t<meta property=\"og:image:type\" content=\"image\/jpeg\" \/>\n<meta name=\"author\" content=\"redes@srecd.es\" \/>\n<meta name=\"twitter:card\" content=\"summary_large_image\" \/>\n<meta name=\"twitter:label1\" content=\"Escrito por\" \/>\n\t<meta name=\"twitter:data1\" content=\"redes@srecd.es\" \/>\n\t<meta name=\"twitter:label2\" content=\"Tiempo de lectura\" \/>\n\t<meta name=\"twitter:data2\" content=\"2 minutos\" \/>\n<script type=\"application\/ld+json\" class=\"yoast-schema-graph\">{\"@context\":\"https:\/\/schema.org\",\"@graph\":[{\"@type\":\"Article\",\"@id\":\"https:\/\/filmotecacantabria.es\/es\/la-filmoteca-se-une-al-30-aniversario-del-palacio-de-festivales-de-cantabria-acogiendo-este-mes-de-mayo-dos-estrenos\/#article\",\"isPartOf\":{\"@id\":\"https:\/\/filmotecacantabria.es\/es\/la-filmoteca-se-une-al-30-aniversario-del-palacio-de-festivales-de-cantabria-acogiendo-este-mes-de-mayo-dos-estrenos\/\"},\"author\":{\"name\":\"redes@srecd.es\",\"@id\":\"https:\/\/filmotecacantabria.es\/es\/#\/schema\/person\/4adbc08463db931b9fea64307175e87b\"},\"headline\":\"La Filmoteca se une al 30 aniversario del Palacio de Festivales de Cantabria acogiendo este mes de mayo dos estrenos\",\"datePublished\":\"2021-05-07T12:42:41+00:00\",\"dateModified\":\"2021-05-07T12:42:41+00:00\",\"mainEntityOfPage\":{\"@id\":\"https:\/\/filmotecacantabria.es\/es\/la-filmoteca-se-une-al-30-aniversario-del-palacio-de-festivales-de-cantabria-acogiendo-este-mes-de-mayo-dos-estrenos\/\"},\"wordCount\":325,\"publisher\":{\"@id\":\"https:\/\/filmotecacantabria.es\/es\/#organization\"},\"articleSection\":[\"Noticias\"],\"inLanguage\":\"es\"},{\"@type\":\"WebPage\",\"@id\":\"https:\/\/filmotecacantabria.es\/es\/la-filmoteca-se-une-al-30-aniversario-del-palacio-de-festivales-de-cantabria-acogiendo-este-mes-de-mayo-dos-estrenos\/\",\"url\":\"https:\/\/filmotecacantabria.es\/es\/la-filmoteca-se-une-al-30-aniversario-del-palacio-de-festivales-de-cantabria-acogiendo-este-mes-de-mayo-dos-estrenos\/\",\"name\":\"La Filmoteca se une al 30 aniversario del Palacio de Festivales de Cantabria acogiendo este mes de mayo dos estrenos - Filmoteca de Cantabria Mario Camus | Santander | Torrelavega | Regi\u00f3n\",\"isPartOf\":{\"@id\":\"https:\/\/filmotecacantabria.es\/es\/#website\"},\"datePublished\":\"2021-05-07T12:42:41+00:00\",\"dateModified\":\"2021-05-07T12:42:41+00:00\",\"breadcrumb\":{\"@id\":\"https:\/\/filmotecacantabria.es\/es\/la-filmoteca-se-une-al-30-aniversario-del-palacio-de-festivales-de-cantabria-acogiendo-este-mes-de-mayo-dos-estrenos\/#breadcrumb\"},\"inLanguage\":\"es\",\"potentialAction\":[{\"@type\":\"ReadAction\",\"target\":[\"https:\/\/filmotecacantabria.es\/es\/la-filmoteca-se-une-al-30-aniversario-del-palacio-de-festivales-de-cantabria-acogiendo-este-mes-de-mayo-dos-estrenos\/\"]}]},{\"@type\":\"BreadcrumbList\",\"@id\":\"https:\/\/filmotecacantabria.es\/es\/la-filmoteca-se-une-al-30-aniversario-del-palacio-de-festivales-de-cantabria-acogiendo-este-mes-de-mayo-dos-estrenos\/#breadcrumb\",\"itemListElement\":[{\"@type\":\"ListItem\",\"position\":1,\"name\":\"Portada\",\"item\":\"https:\/\/filmotecacantabria.es\/es\/inicio\/\"},{\"@type\":\"ListItem\",\"position\":2,\"name\":\"La Filmoteca se une al 30 aniversario del Palacio de Festivales de Cantabria acogiendo este mes de mayo dos estrenos\"}]},{\"@type\":\"WebSite\",\"@id\":\"https:\/\/filmotecacantabria.es\/es\/#website\",\"url\":\"https:\/\/filmotecacantabria.es\/es\/\",\"name\":\"Filmoteca de Cantabria Mario Camus | Santander | Torrelavega | Regi\u00f3n\",\"description\":\"Toda la programaci\u00f3n de las filmotecas de Cantabria Mario Camus.\",\"publisher\":{\"@id\":\"https:\/\/filmotecacantabria.es\/es\/#organization\"},\"potentialAction\":[{\"@type\":\"SearchAction\",\"target\":{\"@type\":\"EntryPoint\",\"urlTemplate\":\"https:\/\/filmotecacantabria.es\/es\/?s={search_term_string}\"},\"query-input\":\"required name=search_term_string\"}],\"inLanguage\":\"es\"},{\"@type\":\"Organization\",\"@id\":\"https:\/\/filmotecacantabria.es\/es\/#organization\",\"name\":\"Filmoteca de Cantabria Mario Camus | Santander | Torrelavega | Regi\u00f3n\",\"url\":\"https:\/\/filmotecacantabria.es\/es\/\",\"sameAs\":[],\"logo\":{\"@type\":\"ImageObject\",\"inLanguage\":\"es\",\"@id\":\"https:\/\/filmotecacantabria.es\/es\/#\/schema\/logo\/image\/\",\"url\":\"https:\/\/filmotecacantabria.es\/es\/wp-content\/uploads\/2021\/12\/logo-filmoteca-cantabria-1-mario-camus.png\",\"contentUrl\":\"https:\/\/filmotecacantabria.es\/es\/wp-content\/uploads\/2021\/12\/logo-filmoteca-cantabria-1-mario-camus.png\",\"width\":170,\"height\":183,\"caption\":\"Filmoteca de Cantabria Mario Camus | Santander | Torrelavega | Regi\u00f3n\"},\"image\":{\"@id\":\"https:\/\/filmotecacantabria.es\/es\/#\/schema\/logo\/image\/\"}},{\"@type\":\"Person\",\"@id\":\"https:\/\/filmotecacantabria.es\/es\/#\/schema\/person\/4adbc08463db931b9fea64307175e87b\",\"name\":\"redes@srecd.es\",\"image\":{\"@type\":\"ImageObject\",\"inLanguage\":\"es\",\"@id\":\"https:\/\/filmotecacantabria.es\/es\/#\/schema\/person\/image\/\",\"url\":\"https:\/\/secure.gravatar.com\/avatar\/370cd7587da3a4852600691b493c142e?s=96&d=mm&r=g\",\"contentUrl\":\"https:\/\/secure.gravatar.com\/avatar\/370cd7587da3a4852600691b493c142e?s=96&d=mm&r=g\",\"caption\":\"redes@srecd.es\"}}]}<\/script>\n<!-- \/ Yoast SEO plugin. -->","yoast_head_json":{"title":"La Filmoteca se une al 30 aniversario del Palacio de Festivales de Cantabria acogiendo este mes de mayo dos estrenos - Filmoteca de Cantabria Mario Camus | Santander | Torrelavega | Regi\u00f3n","robots":{"index":"index","follow":"follow","max-snippet":"max-snippet:-1","max-image-preview":"max-image-preview:large","max-video-preview":"max-video-preview:-1"},"canonical":"https:\/\/filmotecacantabria.es\/es\/la-filmoteca-se-une-al-30-aniversario-del-palacio-de-festivales-de-cantabria-acogiendo-este-mes-de-mayo-dos-estrenos\/","og_locale":"es_ES","og_type":"article","og_title":"La Filmoteca se une al 30 aniversario del Palacio de Festivales de Cantabria acogiendo este mes de mayo dos estrenos - Filmoteca de Cantabria Mario Camus | Santander | Torrelavega | Regi\u00f3n","og_description":"Se trata de dos propuestas esc\u00e9nicas previstas para los d\u00edas 18 y 25 de mayo cuyas entradas se han puesto hoy a la venta Santander, 7 de mayo de 2021.- La Filmoteca de Cantabria se ha unido a las actividades e iniciativas que est\u00e1 desarrollando la Vicepresidencia y Consejer\u00eda de Universidades, Igualdad, Cultura y Deporte, [&hellip;]","og_url":"https:\/\/filmotecacantabria.es\/es\/la-filmoteca-se-une-al-30-aniversario-del-palacio-de-festivales-de-cantabria-acogiendo-este-mes-de-mayo-dos-estrenos\/","og_site_name":"Filmoteca de Cantabria Mario Camus | Santander | Torrelavega | Regi\u00f3n","article_published_time":"2021-05-07T12:42:41+00:00","og_image":[{"width":1362,"height":2000,"url":"https:\/\/filmotecacantabria.es\/es\/wp-content\/uploads\/2021\/05\/cartel-laforet.jpg","type":"image\/jpeg"}],"author":"redes@srecd.es","twitter_card":"summary_large_image","twitter_misc":{"Escrito por":"redes@srecd.es","Tiempo de lectura":"2 minutos"},"schema":{"@context":"https:\/\/schema.org","@graph":[{"@type":"Article","@id":"https:\/\/filmotecacantabria.es\/es\/la-filmoteca-se-une-al-30-aniversario-del-palacio-de-festivales-de-cantabria-acogiendo-este-mes-de-mayo-dos-estrenos\/#article","isPartOf":{"@id":"https:\/\/filmotecacantabria.es\/es\/la-filmoteca-se-une-al-30-aniversario-del-palacio-de-festivales-de-cantabria-acogiendo-este-mes-de-mayo-dos-estrenos\/"},"author":{"name":"redes@srecd.es","@id":"https:\/\/filmotecacantabria.es\/es\/#\/schema\/person\/4adbc08463db931b9fea64307175e87b"},"headline":"La Filmoteca se une al 30 aniversario del Palacio de Festivales de Cantabria acogiendo este mes de mayo dos estrenos","datePublished":"2021-05-07T12:42:41+00:00","dateModified":"2021-05-07T12:42:41+00:00","mainEntityOfPage":{"@id":"https:\/\/filmotecacantabria.es\/es\/la-filmoteca-se-une-al-30-aniversario-del-palacio-de-festivales-de-cantabria-acogiendo-este-mes-de-mayo-dos-estrenos\/"},"wordCount":325,"publisher":{"@id":"https:\/\/filmotecacantabria.es\/es\/#organization"},"articleSection":["Noticias"],"inLanguage":"es"},{"@type":"WebPage","@id":"https:\/\/filmotecacantabria.es\/es\/la-filmoteca-se-une-al-30-aniversario-del-palacio-de-festivales-de-cantabria-acogiendo-este-mes-de-mayo-dos-estrenos\/","url":"https:\/\/filmotecacantabria.es\/es\/la-filmoteca-se-une-al-30-aniversario-del-palacio-de-festivales-de-cantabria-acogiendo-este-mes-de-mayo-dos-estrenos\/","name":"La Filmoteca se une al 30 aniversario del Palacio de Festivales de Cantabria acogiendo este mes de mayo dos estrenos - Filmoteca de Cantabria Mario Camus | Santander | Torrelavega | Regi\u00f3n","isPartOf":{"@id":"https:\/\/filmotecacantabria.es\/es\/#website"},"datePublished":"2021-05-07T12:42:41+00:00","dateModified":"2021-05-07T12:42:41+00:00","breadcrumb":{"@id":"https:\/\/filmotecacantabria.es\/es\/la-filmoteca-se-une-al-30-aniversario-del-palacio-de-festivales-de-cantabria-acogiendo-este-mes-de-mayo-dos-estrenos\/#breadcrumb"},"inLanguage":"es","potentialAction":[{"@type":"ReadAction","target":["https:\/\/filmotecacantabria.es\/es\/la-filmoteca-se-une-al-30-aniversario-del-palacio-de-festivales-de-cantabria-acogiendo-este-mes-de-mayo-dos-estrenos\/"]}]},{"@type":"BreadcrumbList","@id":"https:\/\/filmotecacantabria.es\/es\/la-filmoteca-se-une-al-30-aniversario-del-palacio-de-festivales-de-cantabria-acogiendo-este-mes-de-mayo-dos-estrenos\/#breadcrumb","itemListElement":[{"@type":"ListItem","position":1,"name":"Portada","item":"https:\/\/filmotecacantabria.es\/es\/inicio\/"},{"@type":"ListItem","position":2,"name":"La Filmoteca se une al 30 aniversario del Palacio de Festivales de Cantabria acogiendo este mes de mayo dos estrenos"}]},{"@type":"WebSite","@id":"https:\/\/filmotecacantabria.es\/es\/#website","url":"https:\/\/filmotecacantabria.es\/es\/","name":"Filmoteca de Cantabria Mario Camus | Santander | Torrelavega | Regi\u00f3n","description":"Toda la programaci\u00f3n de las filmotecas de Cantabria Mario Camus.","publisher":{"@id":"https:\/\/filmotecacantabria.es\/es\/#organization"},"potentialAction":[{"@type":"SearchAction","target":{"@type":"EntryPoint","urlTemplate":"https:\/\/filmotecacantabria.es\/es\/?s={search_term_string}"},"query-input":"required name=search_term_string"}],"inLanguage":"es"},{"@type":"Organization","@id":"https:\/\/filmotecacantabria.es\/es\/#organization","name":"Filmoteca de Cantabria Mario Camus | Santander | Torrelavega | Regi\u00f3n","url":"https:\/\/filmotecacantabria.es\/es\/","sameAs":[],"logo":{"@type":"ImageObject","inLanguage":"es","@id":"https:\/\/filmotecacantabria.es\/es\/#\/schema\/logo\/image\/","url":"https:\/\/filmotecacantabria.es\/es\/wp-content\/uploads\/2021\/12\/logo-filmoteca-cantabria-1-mario-camus.png","contentUrl":"https:\/\/filmotecacantabria.es\/es\/wp-content\/uploads\/2021\/12\/logo-filmoteca-cantabria-1-mario-camus.png","width":170,"height":183,"caption":"Filmoteca de Cantabria Mario Camus | Santander | Torrelavega | Regi\u00f3n"},"image":{"@id":"https:\/\/filmotecacantabria.es\/es\/#\/schema\/logo\/image\/"}},{"@type":"Person","@id":"https:\/\/filmotecacantabria.es\/es\/#\/schema\/person\/4adbc08463db931b9fea64307175e87b","name":"redes@srecd.es","image":{"@type":"ImageObject","inLanguage":"es","@id":"https:\/\/filmotecacantabria.es\/es\/#\/schema\/person\/image\/","url":"https:\/\/secure.gravatar.com\/avatar\/370cd7587da3a4852600691b493c142e?s=96&d=mm&r=g","contentUrl":"https:\/\/secure.gravatar.com\/avatar\/370cd7587da3a4852600691b493c142e?s=96&d=mm&r=g","caption":"redes@srecd.es"}}]}},"_links":{"self":[{"href":"https:\/\/filmotecacantabria.es\/es\/wp-json\/wp\/v2\/posts\/1856"}],"collection":[{"href":"https:\/\/filmotecacantabria.es\/es\/wp-json\/wp\/v2\/posts"}],"about":[{"href":"https:\/\/filmotecacantabria.es\/es\/wp-json\/wp\/v2\/types\/post"}],"author":[{"embeddable":true,"href":"https:\/\/filmotecacantabria.es\/es\/wp-json\/wp\/v2\/users\/7"}],"replies":[{"embeddable":true,"href":"https:\/\/filmotecacantabria.es\/es\/wp-json\/wp\/v2\/comments?post=1856"}],"version-history":[{"count":2,"href":"https:\/\/filmotecacantabria.es\/es\/wp-json\/wp\/v2\/posts\/1856\/revisions"}],"predecessor-version":[{"id":1859,"href":"https:\/\/filmotecacantabria.es\/es\/wp-json\/wp\/v2\/posts\/1856\/revisions\/1859"}],"wp:featuredmedia":[{"embeddable":true,"href":"https:\/\/filmotecacantabria.es\/es\/wp-json\/wp\/v2\/media\/1857"}],"wp:attachment":[{"href":"https:\/\/filmotecacantabria.es\/es\/wp-json\/wp\/v2\/media?parent=1856"}],"wp:term":[{"taxonomy":"category","embeddable":true,"href":"https:\/\/filmotecacantabria.es\/es\/wp-json\/wp\/v2\/categories?post=1856"},{"taxonomy":"post_tag","embeddable":true,"href":"https:\/\/filmotecacantabria.es\/es\/wp-json\/wp\/v2\/tags?post=1856"}],"curies":[{"name":"wp","href":"https:\/\/api.w.org\/{rel}","templated":true}]}}