{"id":1782,"date":"2021-03-31T12:40:33","date_gmt":"2021-03-31T10:40:33","guid":{"rendered":"https:\/\/filmotecacantabria.es\/es\/?p=1782"},"modified":"2021-03-31T12:40:33","modified_gmt":"2021-03-31T10:40:33","slug":"balance-2020","status":"publish","type":"post","link":"https:\/\/filmotecacantabria.es\/es\/balance-2020\/","title":{"rendered":"La Filmoteca y Cantabria Film Commission hacen un balance positivo de 2020, a pesar de la pandemia"},"content":{"rendered":"<p><strong>La Filmoteca de Cantabria fue la primera sala de cine de Espa\u00f1a que reabri\u00f3 sus puertas tras el confinamiento<\/strong><\/p>\n<p class=\"western\" align=\"justify\"><strong>Santander, 31 de marzo de 2020.- <\/strong>La Filmoteca de Cantabria y la Cantabria Film Commission han realizado un positivo balance de la actividad que han desarrollado durante 2020, un a\u00f1o que estuvo caracterizado por el par\u00f3n ocasionado por el confinamiento y por las posteriores restricciones y medidas sanitarias adoptadas para luchar contra la COVID-19.<\/p>\n<p class=\"western\" align=\"justify\">Este resumen de las actividades y del trabajo desarrollado el a\u00f1o pasado se ha recogido en dos memorias en las que, tanto la Filmoteca como la Cantabria Film Commission, dan a conocer de forma transparente su funcionamiento y las diferentes tareas que desempe\u00f1an para el fomento de la industria cinematogr\u00e1fica en Cantabria y la difusi\u00f3n del cine.<\/p>\n<p class=\"western\" align=\"justify\">Ambas memorias anuales, a disposici\u00f3n de la ciudadan\u00eda en las p\u00e1ginas web de la Filmoteca de Cantabria (<a href=\"https:\/\/filmotecacantabria.es\/es\/\">https:\/\/filmotecacantabria.es\/es\/<\/a> y <a href=\"http:\/\/cantabriafilmcommission.com\/\">http:\/\/cantabriafilmcommission.com\/<\/a>), reflejan un a\u00f1o de intensa actividad, a pesar de las restricciones de movilidad.<\/p>\n<p class=\"western\" align=\"justify\">Y es que, adem\u00e1s de sus respectivas tareas habituales, 2020 ha servido para poner en marcha una serie de iniciativas destinadas a fomentar el sector audiovisual de la regi\u00f3n que, en tan solo un a\u00f1o, ya se han convertido en un referente formativo y que acercan a Cantabria a los m\u00e1s importantes art\u00edfices e instituciones del cine espa\u00f1ol.<\/p>\n<p><strong>Filmoteca de Cantabria<\/strong><\/p>\n<p class=\"western\" align=\"justify\">El director de la Filmoteca, Antonio Navarro, ha destacado que este espacio cultural fue el pasado 27 de mayo la primera sala de cine de Espa\u00f1a que reiniciaba la actividad tras el par\u00f3n obligado por la pandemia y tras el confinamiento.<\/p>\n<p class=\"western\" align=\"justify\">Tambi\u00e9n ha recordado que se cerraba 2020 con una invitaci\u00f3n enunciada de forma directa a la sociedad: vuelve al cine, una frase convertida en ciclo que, para Navarro, resume el trabajo realizado desde aquel 27 de mayo de vuelta a la actividad.<\/p>\n<p class=\"western\" align=\"justify\">Tras la \u201cabrupta\u201d interrupci\u00f3n de su funcionamiento habitual en marzo y el mantenimiento de las actividades online a trav\u00e9s de las redes sociales, ha indicado el director de la Filmoteca, comenz\u00f3 a finales de mayo la programaci\u00f3n.<\/p>\n<p class=\"western\" align=\"justify\">Antonio Navarro ha se\u00f1alado que este reinicio de la actividad form\u00f3 parte del programa \u2018La Cultura contraataca\u2019 que la Vicepresidencia y Consejer\u00eda de Cultura puso en marcha entonces para reactivar y apoyar al sector, al tiempo que se recuperaban los espacios culturales que \u201chab\u00edamos tenido que dejar\u201d de forma temporal los meses anteriores.<\/p>\n<p class=\"western\" align=\"justify\">La Filmoteca continu\u00f3 as\u00ed con su programaci\u00f3n mensual de proyecciones, mientras puso en marcha iniciativas innovadoras como los Di\u00e1logos de Cine y Producci\u00f3n (DCP) y el primer taller de impulso cinematogr\u00e1fico, desarrolladas las dos junto a la Cantabria Film Commission, adem\u00e1s de colaborar con distintas instituciones y acoger presentaciones de pel\u00edculas y libros.<\/p>\n<p class=\"western\" align=\"justify\">Entre ellas ha destacado el ciclo dedicado al director de cine y guionista surcoreano Bong Joon-ho, la presentaci\u00f3n por parte de su directora, Jaiona Camborda, de su pel\u00edcula \u2018Arima\u2019 y el IV Ciclo de Cine Documental Miradas Globales, cuyas pel\u00edculas fueron presentadas por expertos y sus directores.<\/p>\n<p class=\"western\" align=\"justify\">Asimismo, Navarro ha recordado que realizadores c\u00e1ntabros como Marta Solano (\u2018Maestros de oficio\u2019) o Richard Zubelzu (\u2018Mixtape: caminando entre aulas\u2019) presentaron sus trabajos el a\u00f1o pasado en la Filmoteca, que tambi\u00e9n acogi\u00f3 la presentaci\u00f3n del libro \u2018Raoul Walsh\u2019 de Carlos Losilla, editado por C\u00e1tedra.<\/p>\n<p class=\"western\" align=\"justify\">A ello ha sumado colaboraciones con Cine Asia, con el Centro Cultural Coreano, con el \u2018Picknic Festival\u2019, con la asociaci\u00f3n cultural La Llave Azul o con la IV Semana Internacional de Cine de Santander, entre otras.<\/p>\n<p class=\"western\" align=\"justify\">\u201cTodo ello para ofrecer a la ciudadan\u00eda c\u00e1ntabra la mejor oferta cinematogr\u00e1fica posible e interesantes actividades relacionadas con el s\u00e9ptimo arte, reflejo de una Filmoteca que se muestra activa, inquieta y que asume su responsabilidad con la sociedad y el cine\u201d, ha relatado Navarro.<\/p>\n<p class=\"western\" align=\"justify\">Adem\u00e1s, la Filmoteca ha trabajado en otras actividades que hasta ahora no hab\u00eda desarrollado, como las que comenz\u00f3 a realizar tambi\u00e9n en 2020, en este caso, para contribuir a salvaguardar el patrimonio audiovisual.<\/p>\n<p class=\"western\" align=\"justify\">As\u00ed, durante el pasado a\u00f1o se puso en orden e inventari\u00f3 el archivo gr\u00e1fico de la instituci\u00f3n, que contiene carteles y gu\u00edas publicitarias, entre otros materiales. Y se puso en marcha el proyecto \u2018Recuerdos en S\u00faper 8\u2019, a trav\u00e9s del que se est\u00e1 recuperando, digitalizando y conservando pel\u00edculas familiares cedidas por la ciudadan\u00eda c\u00e1ntabra, entre cuyos fotogramas se encuentran la historia familiar y social de nuestra regi\u00f3n.<\/p>\n<p align=\"justify\">\n<p><strong>Cantabria Film Commission<\/strong><\/p>\n<p class=\"western\" align=\"justify\">Por su parte, el responsable de Cantabria Film Commission, V\u00edctor Lamadrid, ha asegurado que Cantabria es una regi\u00f3n \u201cllena de posibilidades\u201d para hacer realidad proyectos audiovisuales y que, a pesar de que 2020 \u201cno ha sido un a\u00f1o sencillo\u201d, esta oficina \u201cha seguido avanzando, trabajando en red y creciendo en n\u00famero de proyectos atendidos\u201d.<\/p>\n<p class=\"western\" align=\"justify\">Esta oficina del cine, dependiente de la Consejer\u00eda de Cultura, trabaja para potenciar el sector audiovisual de la regi\u00f3n \u201ccon ganas, energ\u00eda e ilusi\u00f3n\u201d y \u201cconvencidos de que juntos somos m\u00e1s fuertes\u201d, para lo que cuenta con aliados como Spain Film Commission y la European Film Commission Network.<\/p>\n<p class=\"western\" align=\"justify\">Lamadrid ha destacado que durante 2020 se ha desarrollado una nueva edici\u00f3n del cat\u00e1logo de cortometrajes \u2018Cantabria en corto 2020\u2019, se ha participado en mercados como Fitur Screen y el European Film Market y se ha colaborado en rodajes como los de la marca Cupra, realizado por Mamma Team, programas de televisi\u00f3n como \u2018Hist\u00f3ricos an\u00f3nimos\u2019 o \u2018Cent\u00edmetros c\u00fabicos\u2019 y pel\u00edculas como \u2018Dos vacas y una burra\u2019, dirigida por Jes\u00fas del Cerro.<\/p>\n<p class=\"western\" align=\"justify\">A esta actividad ha sumado iniciativas que han comenzado su andadura en 2020, como los DCP, y el primer taller de impulso de proyectos cinematogr\u00e1ficos, organizados de forma conjunta con la Filmoteca.<\/p>\n<p class=\"western\" align=\"justify\">Asimismo, un total de 80 proyectos han contactado con Cantabria Film Commission para solicitar la colaboraci\u00f3n de esta oficina del cine, lo que significa un incremento de un 21 por ciento respecto al a\u00f1o anterior y \u201ca pesar del confinamiento y la pandemia\u201d.<\/p>\n<p class=\"western\" align=\"justify\">\u201cLo que demuestra que Cantabria es un destino interesante y la colaboraci\u00f3n de la Film Commission es valorada por los productores a la hora de preparar sus proyectos audiovisuales\u201d, ha apuntado su responsable.<\/p>\n<p class=\"western\" align=\"justify\">Por todo ello, Cantabria Film Commission ha realizado una \u201cbuena\u201d valoraci\u00f3n de las cifras y datos de los informes, tanto por el resultado como por el trabajo realizado durante 2020, \u201csumado a la ilusi\u00f3n con la que hemos trabajado y el impulso que se ha visto fortalecido por la buena acogida de la ciudadan\u00eda hacia nuestros proyectos\u201d.<\/p>\n","protected":false},"excerpt":{"rendered":"<p>La Filmoteca de Cantabria fue la primera sala de cine de Espa\u00f1a que reabri\u00f3 sus puertas tras el confinamiento Santander, 31 de marzo de 2020.- La Filmoteca de Cantabria y la Cantabria Film Commission han realizado un positivo balance de la actividad que han desarrollado durante 2020, un a\u00f1o que estuvo caracterizado por el par\u00f3n [&hellip;]<\/p>\n","protected":false},"author":7,"featured_media":1783,"comment_status":"closed","ping_status":"closed","sticky":false,"template":"","format":"standard","meta":{"inline_featured_image":false,"footnotes":""},"categories":[4],"tags":[],"class_list":["post-1782","post","type-post","status-publish","format-standard","has-post-thumbnail","hentry","category-noticias"],"yoast_head":"<!-- This site is optimized with the Yoast SEO plugin v19.6.1 - https:\/\/yoast.com\/wordpress\/plugins\/seo\/ -->\n<title>La Filmoteca y Cantabria Film Commission hacen un balance positivo de 2020, a pesar de la pandemia - Filmoteca de Cantabria Mario Camus | Santander | Torrelavega | Regi\u00f3n<\/title>\n<meta name=\"robots\" content=\"index, follow, max-snippet:-1, max-image-preview:large, max-video-preview:-1\" \/>\n<link rel=\"canonical\" href=\"https:\/\/filmotecacantabria.es\/es\/balance-2020\/\" \/>\n<meta property=\"og:locale\" content=\"es_ES\" \/>\n<meta property=\"og:type\" content=\"article\" \/>\n<meta property=\"og:title\" content=\"La Filmoteca y Cantabria Film Commission hacen un balance positivo de 2020, a pesar de la pandemia - Filmoteca de Cantabria Mario Camus | Santander | Torrelavega | Regi\u00f3n\" \/>\n<meta property=\"og:description\" content=\"La Filmoteca de Cantabria fue la primera sala de cine de Espa\u00f1a que reabri\u00f3 sus puertas tras el confinamiento Santander, 31 de marzo de 2020.- La Filmoteca de Cantabria y la Cantabria Film Commission han realizado un positivo balance de la actividad que han desarrollado durante 2020, un a\u00f1o que estuvo caracterizado por el par\u00f3n [&hellip;]\" \/>\n<meta property=\"og:url\" content=\"https:\/\/filmotecacantabria.es\/es\/balance-2020\/\" \/>\n<meta property=\"og:site_name\" content=\"Filmoteca de Cantabria Mario Camus | Santander | Torrelavega | Regi\u00f3n\" \/>\n<meta property=\"article:published_time\" content=\"2021-03-31T10:40:33+00:00\" \/>\n<meta property=\"og:image\" content=\"https:\/\/filmotecacantabria.es\/es\/wp-content\/uploads\/2021\/03\/dsc8810.jpg\" \/>\n\t<meta property=\"og:image:width\" content=\"2000\" \/>\n\t<meta property=\"og:image:height\" content=\"1333\" \/>\n\t<meta property=\"og:image:type\" content=\"image\/jpeg\" \/>\n<meta name=\"author\" content=\"redes@srecd.es\" \/>\n<meta name=\"twitter:card\" content=\"summary_large_image\" \/>\n<meta name=\"twitter:label1\" content=\"Escrito por\" \/>\n\t<meta name=\"twitter:data1\" content=\"redes@srecd.es\" \/>\n\t<meta name=\"twitter:label2\" content=\"Tiempo de lectura\" \/>\n\t<meta name=\"twitter:data2\" content=\"5 minutos\" \/>\n<script type=\"application\/ld+json\" class=\"yoast-schema-graph\">{\"@context\":\"https:\/\/schema.org\",\"@graph\":[{\"@type\":\"Article\",\"@id\":\"https:\/\/filmotecacantabria.es\/es\/balance-2020\/#article\",\"isPartOf\":{\"@id\":\"https:\/\/filmotecacantabria.es\/es\/balance-2020\/\"},\"author\":{\"name\":\"redes@srecd.es\",\"@id\":\"https:\/\/filmotecacantabria.es\/es\/#\/schema\/person\/4adbc08463db931b9fea64307175e87b\"},\"headline\":\"La Filmoteca y Cantabria Film Commission hacen un balance positivo de 2020, a pesar de la pandemia\",\"datePublished\":\"2021-03-31T10:40:33+00:00\",\"dateModified\":\"2021-03-31T10:40:33+00:00\",\"mainEntityOfPage\":{\"@id\":\"https:\/\/filmotecacantabria.es\/es\/balance-2020\/\"},\"wordCount\":1152,\"publisher\":{\"@id\":\"https:\/\/filmotecacantabria.es\/es\/#organization\"},\"articleSection\":[\"Noticias\"],\"inLanguage\":\"es\"},{\"@type\":\"WebPage\",\"@id\":\"https:\/\/filmotecacantabria.es\/es\/balance-2020\/\",\"url\":\"https:\/\/filmotecacantabria.es\/es\/balance-2020\/\",\"name\":\"La Filmoteca y Cantabria Film Commission hacen un balance positivo de 2020, a pesar de la pandemia - Filmoteca de Cantabria Mario Camus | Santander | Torrelavega | Regi\u00f3n\",\"isPartOf\":{\"@id\":\"https:\/\/filmotecacantabria.es\/es\/#website\"},\"datePublished\":\"2021-03-31T10:40:33+00:00\",\"dateModified\":\"2021-03-31T10:40:33+00:00\",\"breadcrumb\":{\"@id\":\"https:\/\/filmotecacantabria.es\/es\/balance-2020\/#breadcrumb\"},\"inLanguage\":\"es\",\"potentialAction\":[{\"@type\":\"ReadAction\",\"target\":[\"https:\/\/filmotecacantabria.es\/es\/balance-2020\/\"]}]},{\"@type\":\"BreadcrumbList\",\"@id\":\"https:\/\/filmotecacantabria.es\/es\/balance-2020\/#breadcrumb\",\"itemListElement\":[{\"@type\":\"ListItem\",\"position\":1,\"name\":\"Portada\",\"item\":\"https:\/\/filmotecacantabria.es\/es\/inicio\/\"},{\"@type\":\"ListItem\",\"position\":2,\"name\":\"La Filmoteca y Cantabria Film Commission hacen un balance positivo de 2020, a pesar de la pandemia\"}]},{\"@type\":\"WebSite\",\"@id\":\"https:\/\/filmotecacantabria.es\/es\/#website\",\"url\":\"https:\/\/filmotecacantabria.es\/es\/\",\"name\":\"Filmoteca de Cantabria Mario Camus | Santander | Torrelavega | Regi\u00f3n\",\"description\":\"Toda la programaci\u00f3n de las filmotecas de Cantabria Mario Camus.\",\"publisher\":{\"@id\":\"https:\/\/filmotecacantabria.es\/es\/#organization\"},\"potentialAction\":[{\"@type\":\"SearchAction\",\"target\":{\"@type\":\"EntryPoint\",\"urlTemplate\":\"https:\/\/filmotecacantabria.es\/es\/?s={search_term_string}\"},\"query-input\":\"required name=search_term_string\"}],\"inLanguage\":\"es\"},{\"@type\":\"Organization\",\"@id\":\"https:\/\/filmotecacantabria.es\/es\/#organization\",\"name\":\"Filmoteca de Cantabria Mario Camus | Santander | Torrelavega | Regi\u00f3n\",\"url\":\"https:\/\/filmotecacantabria.es\/es\/\",\"sameAs\":[],\"logo\":{\"@type\":\"ImageObject\",\"inLanguage\":\"es\",\"@id\":\"https:\/\/filmotecacantabria.es\/es\/#\/schema\/logo\/image\/\",\"url\":\"https:\/\/filmotecacantabria.es\/es\/wp-content\/uploads\/2021\/12\/logo-filmoteca-cantabria-1-mario-camus.png\",\"contentUrl\":\"https:\/\/filmotecacantabria.es\/es\/wp-content\/uploads\/2021\/12\/logo-filmoteca-cantabria-1-mario-camus.png\",\"width\":170,\"height\":183,\"caption\":\"Filmoteca de Cantabria Mario Camus | Santander | Torrelavega | Regi\u00f3n\"},\"image\":{\"@id\":\"https:\/\/filmotecacantabria.es\/es\/#\/schema\/logo\/image\/\"}},{\"@type\":\"Person\",\"@id\":\"https:\/\/filmotecacantabria.es\/es\/#\/schema\/person\/4adbc08463db931b9fea64307175e87b\",\"name\":\"redes@srecd.es\",\"image\":{\"@type\":\"ImageObject\",\"inLanguage\":\"es\",\"@id\":\"https:\/\/filmotecacantabria.es\/es\/#\/schema\/person\/image\/\",\"url\":\"https:\/\/secure.gravatar.com\/avatar\/370cd7587da3a4852600691b493c142e?s=96&d=mm&r=g\",\"contentUrl\":\"https:\/\/secure.gravatar.com\/avatar\/370cd7587da3a4852600691b493c142e?s=96&d=mm&r=g\",\"caption\":\"redes@srecd.es\"}}]}<\/script>\n<!-- \/ Yoast SEO plugin. -->","yoast_head_json":{"title":"La Filmoteca y Cantabria Film Commission hacen un balance positivo de 2020, a pesar de la pandemia - Filmoteca de Cantabria Mario Camus | Santander | Torrelavega | Regi\u00f3n","robots":{"index":"index","follow":"follow","max-snippet":"max-snippet:-1","max-image-preview":"max-image-preview:large","max-video-preview":"max-video-preview:-1"},"canonical":"https:\/\/filmotecacantabria.es\/es\/balance-2020\/","og_locale":"es_ES","og_type":"article","og_title":"La Filmoteca y Cantabria Film Commission hacen un balance positivo de 2020, a pesar de la pandemia - Filmoteca de Cantabria Mario Camus | Santander | Torrelavega | Regi\u00f3n","og_description":"La Filmoteca de Cantabria fue la primera sala de cine de Espa\u00f1a que reabri\u00f3 sus puertas tras el confinamiento Santander, 31 de marzo de 2020.- La Filmoteca de Cantabria y la Cantabria Film Commission han realizado un positivo balance de la actividad que han desarrollado durante 2020, un a\u00f1o que estuvo caracterizado por el par\u00f3n [&hellip;]","og_url":"https:\/\/filmotecacantabria.es\/es\/balance-2020\/","og_site_name":"Filmoteca de Cantabria Mario Camus | Santander | Torrelavega | Regi\u00f3n","article_published_time":"2021-03-31T10:40:33+00:00","og_image":[{"width":2000,"height":1333,"url":"https:\/\/filmotecacantabria.es\/es\/wp-content\/uploads\/2021\/03\/dsc8810.jpg","type":"image\/jpeg"}],"author":"redes@srecd.es","twitter_card":"summary_large_image","twitter_misc":{"Escrito por":"redes@srecd.es","Tiempo de lectura":"5 minutos"},"schema":{"@context":"https:\/\/schema.org","@graph":[{"@type":"Article","@id":"https:\/\/filmotecacantabria.es\/es\/balance-2020\/#article","isPartOf":{"@id":"https:\/\/filmotecacantabria.es\/es\/balance-2020\/"},"author":{"name":"redes@srecd.es","@id":"https:\/\/filmotecacantabria.es\/es\/#\/schema\/person\/4adbc08463db931b9fea64307175e87b"},"headline":"La Filmoteca y Cantabria Film Commission hacen un balance positivo de 2020, a pesar de la pandemia","datePublished":"2021-03-31T10:40:33+00:00","dateModified":"2021-03-31T10:40:33+00:00","mainEntityOfPage":{"@id":"https:\/\/filmotecacantabria.es\/es\/balance-2020\/"},"wordCount":1152,"publisher":{"@id":"https:\/\/filmotecacantabria.es\/es\/#organization"},"articleSection":["Noticias"],"inLanguage":"es"},{"@type":"WebPage","@id":"https:\/\/filmotecacantabria.es\/es\/balance-2020\/","url":"https:\/\/filmotecacantabria.es\/es\/balance-2020\/","name":"La Filmoteca y Cantabria Film Commission hacen un balance positivo de 2020, a pesar de la pandemia - Filmoteca de Cantabria Mario Camus | Santander | Torrelavega | Regi\u00f3n","isPartOf":{"@id":"https:\/\/filmotecacantabria.es\/es\/#website"},"datePublished":"2021-03-31T10:40:33+00:00","dateModified":"2021-03-31T10:40:33+00:00","breadcrumb":{"@id":"https:\/\/filmotecacantabria.es\/es\/balance-2020\/#breadcrumb"},"inLanguage":"es","potentialAction":[{"@type":"ReadAction","target":["https:\/\/filmotecacantabria.es\/es\/balance-2020\/"]}]},{"@type":"BreadcrumbList","@id":"https:\/\/filmotecacantabria.es\/es\/balance-2020\/#breadcrumb","itemListElement":[{"@type":"ListItem","position":1,"name":"Portada","item":"https:\/\/filmotecacantabria.es\/es\/inicio\/"},{"@type":"ListItem","position":2,"name":"La Filmoteca y Cantabria Film Commission hacen un balance positivo de 2020, a pesar de la pandemia"}]},{"@type":"WebSite","@id":"https:\/\/filmotecacantabria.es\/es\/#website","url":"https:\/\/filmotecacantabria.es\/es\/","name":"Filmoteca de Cantabria Mario Camus | Santander | Torrelavega | Regi\u00f3n","description":"Toda la programaci\u00f3n de las filmotecas de Cantabria Mario Camus.","publisher":{"@id":"https:\/\/filmotecacantabria.es\/es\/#organization"},"potentialAction":[{"@type":"SearchAction","target":{"@type":"EntryPoint","urlTemplate":"https:\/\/filmotecacantabria.es\/es\/?s={search_term_string}"},"query-input":"required name=search_term_string"}],"inLanguage":"es"},{"@type":"Organization","@id":"https:\/\/filmotecacantabria.es\/es\/#organization","name":"Filmoteca de Cantabria Mario Camus | Santander | Torrelavega | Regi\u00f3n","url":"https:\/\/filmotecacantabria.es\/es\/","sameAs":[],"logo":{"@type":"ImageObject","inLanguage":"es","@id":"https:\/\/filmotecacantabria.es\/es\/#\/schema\/logo\/image\/","url":"https:\/\/filmotecacantabria.es\/es\/wp-content\/uploads\/2021\/12\/logo-filmoteca-cantabria-1-mario-camus.png","contentUrl":"https:\/\/filmotecacantabria.es\/es\/wp-content\/uploads\/2021\/12\/logo-filmoteca-cantabria-1-mario-camus.png","width":170,"height":183,"caption":"Filmoteca de Cantabria Mario Camus | Santander | Torrelavega | Regi\u00f3n"},"image":{"@id":"https:\/\/filmotecacantabria.es\/es\/#\/schema\/logo\/image\/"}},{"@type":"Person","@id":"https:\/\/filmotecacantabria.es\/es\/#\/schema\/person\/4adbc08463db931b9fea64307175e87b","name":"redes@srecd.es","image":{"@type":"ImageObject","inLanguage":"es","@id":"https:\/\/filmotecacantabria.es\/es\/#\/schema\/person\/image\/","url":"https:\/\/secure.gravatar.com\/avatar\/370cd7587da3a4852600691b493c142e?s=96&d=mm&r=g","contentUrl":"https:\/\/secure.gravatar.com\/avatar\/370cd7587da3a4852600691b493c142e?s=96&d=mm&r=g","caption":"redes@srecd.es"}}]}},"_links":{"self":[{"href":"https:\/\/filmotecacantabria.es\/es\/wp-json\/wp\/v2\/posts\/1782"}],"collection":[{"href":"https:\/\/filmotecacantabria.es\/es\/wp-json\/wp\/v2\/posts"}],"about":[{"href":"https:\/\/filmotecacantabria.es\/es\/wp-json\/wp\/v2\/types\/post"}],"author":[{"embeddable":true,"href":"https:\/\/filmotecacantabria.es\/es\/wp-json\/wp\/v2\/users\/7"}],"replies":[{"embeddable":true,"href":"https:\/\/filmotecacantabria.es\/es\/wp-json\/wp\/v2\/comments?post=1782"}],"version-history":[{"count":2,"href":"https:\/\/filmotecacantabria.es\/es\/wp-json\/wp\/v2\/posts\/1782\/revisions"}],"predecessor-version":[{"id":1785,"href":"https:\/\/filmotecacantabria.es\/es\/wp-json\/wp\/v2\/posts\/1782\/revisions\/1785"}],"wp:featuredmedia":[{"embeddable":true,"href":"https:\/\/filmotecacantabria.es\/es\/wp-json\/wp\/v2\/media\/1783"}],"wp:attachment":[{"href":"https:\/\/filmotecacantabria.es\/es\/wp-json\/wp\/v2\/media?parent=1782"}],"wp:term":[{"taxonomy":"category","embeddable":true,"href":"https:\/\/filmotecacantabria.es\/es\/wp-json\/wp\/v2\/categories?post=1782"},{"taxonomy":"post_tag","embeddable":true,"href":"https:\/\/filmotecacantabria.es\/es\/wp-json\/wp\/v2\/tags?post=1782"}],"curies":[{"name":"wp","href":"https:\/\/api.w.org\/{rel}","templated":true}]}}