{"id":1152,"date":"2020-10-08T09:39:57","date_gmt":"2020-10-08T07:39:57","guid":{"rendered":"https:\/\/filmotecacantabria.es\/es\/?p=1152"},"modified":"2020-10-15T09:58:10","modified_gmt":"2020-10-15T07:58:10","slug":"cadenaser","status":"publish","type":"post","link":"https:\/\/filmotecacantabria.es\/es\/cadenaser\/","title":{"rendered":"Zuloaga anuncia un incremento de la inversi\u00f3n p\u00fablica de m\u00e1s de 100 millones de euros en el Presupuesto de Cantabria para 2021"},"content":{"rendered":"<p><strong>El vicepresidente conf\u00eda en la inyecci\u00f3n econ\u00f3mica y de creaci\u00f3n de empleo que generar\u00e1 en el corto plazo la financiaci\u00f3n europea <\/strong><\/p>\n<p>Santander.- 07.10.2020<\/p>\n<p>El vicepresidente del Gobierno de Cantabria, Pablo Zuloaga, ha anunciado hoy un incremento de m\u00e1s de 100 millones de euros de la inversi\u00f3n p\u00fablica en el Presupuesto de Cantabria para el pr\u00f3ximo a\u00f1o, seg\u00fan el primer an\u00e1lisis que ha realizado la Consejer\u00eda de Econom\u00eda de los datos ofrecidos por el Ministerio de Econom\u00eda y Hacienda en el Consejo de Pol\u00edtica Fiscal y Financiera del pasado lunes.<\/p>\n<p>Zuloaga ha realizado este anuncio durante la entrevista que le han realizado en el programa \u201cHoy por hoy\u201d de la Cadena SER, que este mi\u00e9rcoles se ha emitido desde la Filmoteca de Cantabria.<\/p>\n<p>El vicepresidente regional tambi\u00e9n ha explicado que, seg\u00fan el borrador de cuentas p\u00fablicas en el que est\u00e1 trabajando el departamento que dirige Mar\u00eda S\u00e1nchez, el presupuesto tendr\u00e1 un incremento de en torno al 4% con respecto al de este a\u00f1o.<\/p>\n<p>\u201cCon los primeros datos, sabemos que vamos a poder tener un presupuesto con mayor capacidad inversora, gracias a las medidas planteadas por el Ministerio de Econom\u00eda y Hacienda\u201d, ha se\u00f1alado el vicepresidente, que ha considerado que este aumento de las cuentas permitir\u00e1 \u201cgarantizar nuevas inversiones para reactivar la econom\u00eda\u201d sin perder de vista el mantenimiento de los servicios p\u00fablicos \u201cpara afrontar el reto de la lucha contra la pandemia\u201d.<\/p>\n<p>Adem\u00e1s, en la entrevista concedida a la Cadena Ser, el vicepresidente ha asegurado que la previsi\u00f3n es que Cantabria tenga un nuevo presupuesto el 1 de enero de 2021, aunque a\u00fan no recoger\u00e1 la financiaci\u00f3n procedente de los fondos de recuperaci\u00f3n de la UE, que supondr\u00e1n \u201cuna importante inyecci\u00f3n econ\u00f3mica y de creaci\u00f3n de empleo en el corto plazo\u201d, ya que, seg\u00fan ha recordado, est\u00e1 destinada a financiar proyectos \u201csostenibles\u201d en generaci\u00f3n de puestos de trabajo y que se ejecuten entre 2021 y 2023.<\/p>\n<p>En concreto, el vicepresidente se ha referido a los proyectos de La Pasiega y, en el \u00e1mbito cultural, la nueva sede del MUPAC, el Centro de Interpretaci\u00f3n del Arte Rupestre ubicado en Puente Viesgo y la rehabilitaci\u00f3n de\u00a0 La Lechera como centro cultural.<\/p>\n<p><strong><u>No vale con te\u00f1ir de rojo los avatares, la cultura necesita una respuesta mayor <\/u><\/strong><\/p>\n<p>Sobre la situaci\u00f3n del sector cultural, Zuloaga ha defendido una mayor respuesta por parte de las instituciones y ha llamado a los ayuntamientos de Cantabria a recuperar sus espacios porque \u201cla cultura es esencial y segura\u201d.<\/p>\n<p>\u201cHago un llamamiento a los ayuntamientos de Cantabria para que, siguiendo la normativa sanitaria y de\u00a0 salud p\u00fablica, recuperen su actividad en espacios culturales. No vale con te\u00f1ir de rojo los avatares de las redes sociales\u201d, ha dicho en referencia al movimiento de visibilizaci\u00f3n de la crisis del sector \u2018Alerta Roja\u2019. \u201cLa cultura necesita una respuesta mayor\u201d, ha a\u00f1adido.<\/p>\n<p>En este sentido, ha reafirmado el compromiso de su departamento con la reactivaci\u00f3n cultural, como asumi\u00f3 desde el comienzo de la desescalada siendo la primera autonom\u00eda que recuper\u00f3 la m\u00fasica en vivo con La Cultura Contraataca, y ha anunciado nuevas estrategias de vertebraci\u00f3n de la cultura en toda la Comunidad Aut\u00f3noma, con la incorporaci\u00f3n de nuevos municipios y localidades a la red de la Filmoteca Regional, con la entrada de Ampuero, Limpias, Miengo, Valle de Cabu\u00e9rniga y Val de San Vicente.<\/p>\n<p>Adem\u00e1s, ha avanzado la consolidaci\u00f3n de v\u00edas de trabajo ya iniciadas, como la que se est\u00e1 desarrollando con el sector audiovisual, junto a la Cantabria Film Comission para promover la Comunidad Aut\u00f3noma como destino de rodajes, y trabajando junto a la reci\u00e9n creada plataforma del sector, la PACCA, para apoyar y exhibir el talento creador de Cantabria en el exterior.<\/p>\n<p>&nbsp;<\/p>\n","protected":false},"excerpt":{"rendered":"<p>El vicepresidente conf\u00eda en la inyecci\u00f3n econ\u00f3mica y de creaci\u00f3n de empleo que generar\u00e1 en el corto plazo la financiaci\u00f3n europea Santander.- 07.10.2020 El vicepresidente del Gobierno de Cantabria, Pablo Zuloaga, ha anunciado hoy un incremento de m\u00e1s de 100 millones de euros de la inversi\u00f3n p\u00fablica en el Presupuesto de Cantabria para el pr\u00f3ximo [&hellip;]<\/p>\n","protected":false},"author":7,"featured_media":1153,"comment_status":"closed","ping_status":"closed","sticky":false,"template":"","format":"standard","meta":{"inline_featured_image":false,"footnotes":""},"categories":[4],"tags":[],"class_list":["post-1152","post","type-post","status-publish","format-standard","has-post-thumbnail","hentry","category-noticias"],"yoast_head":"<!-- This site is optimized with the Yoast SEO plugin v19.6.1 - https:\/\/yoast.com\/wordpress\/plugins\/seo\/ -->\n<title>Zuloaga anuncia un incremento de la inversi\u00f3n p\u00fablica de m\u00e1s de 100 millones de euros en el Presupuesto de Cantabria para 2021 - Filmoteca de Cantabria Mario Camus | Santander | Torrelavega | Regi\u00f3n<\/title>\n<meta name=\"robots\" content=\"index, follow, max-snippet:-1, max-image-preview:large, max-video-preview:-1\" \/>\n<link rel=\"canonical\" href=\"https:\/\/filmotecacantabria.es\/es\/cadenaser\/\" \/>\n<meta property=\"og:locale\" content=\"es_ES\" \/>\n<meta property=\"og:type\" content=\"article\" \/>\n<meta property=\"og:title\" content=\"Zuloaga anuncia un incremento de la inversi\u00f3n p\u00fablica de m\u00e1s de 100 millones de euros en el Presupuesto de Cantabria para 2021 - Filmoteca de Cantabria Mario Camus | Santander | Torrelavega | Regi\u00f3n\" \/>\n<meta property=\"og:description\" content=\"El vicepresidente conf\u00eda en la inyecci\u00f3n econ\u00f3mica y de creaci\u00f3n de empleo que generar\u00e1 en el corto plazo la financiaci\u00f3n europea Santander.- 07.10.2020 El vicepresidente del Gobierno de Cantabria, Pablo Zuloaga, ha anunciado hoy un incremento de m\u00e1s de 100 millones de euros de la inversi\u00f3n p\u00fablica en el Presupuesto de Cantabria para el pr\u00f3ximo [&hellip;]\" \/>\n<meta property=\"og:url\" content=\"https:\/\/filmotecacantabria.es\/es\/cadenaser\/\" \/>\n<meta property=\"og:site_name\" content=\"Filmoteca de Cantabria Mario Camus | Santander | Torrelavega | Regi\u00f3n\" \/>\n<meta property=\"article:published_time\" content=\"2020-10-08T07:39:57+00:00\" \/>\n<meta property=\"article:modified_time\" content=\"2020-10-15T07:58:10+00:00\" \/>\n<meta property=\"og:image\" content=\"https:\/\/filmotecacantabria.es\/es\/wp-content\/uploads\/2020\/10\/dsc8577.jpg\" \/>\n\t<meta property=\"og:image:width\" content=\"2000\" \/>\n\t<meta property=\"og:image:height\" content=\"1333\" \/>\n\t<meta property=\"og:image:type\" content=\"image\/jpeg\" \/>\n<meta name=\"author\" content=\"redes@srecd.es\" \/>\n<meta name=\"twitter:card\" content=\"summary_large_image\" \/>\n<meta name=\"twitter:label1\" content=\"Escrito por\" \/>\n\t<meta name=\"twitter:data1\" content=\"redes@srecd.es\" \/>\n\t<meta name=\"twitter:label2\" content=\"Tiempo de lectura\" \/>\n\t<meta name=\"twitter:data2\" content=\"3 minutos\" \/>\n<script type=\"application\/ld+json\" class=\"yoast-schema-graph\">{\"@context\":\"https:\/\/schema.org\",\"@graph\":[{\"@type\":\"Article\",\"@id\":\"https:\/\/filmotecacantabria.es\/es\/cadenaser\/#article\",\"isPartOf\":{\"@id\":\"https:\/\/filmotecacantabria.es\/es\/cadenaser\/\"},\"author\":{\"name\":\"redes@srecd.es\",\"@id\":\"https:\/\/filmotecacantabria.es\/es\/#\/schema\/person\/4adbc08463db931b9fea64307175e87b\"},\"headline\":\"Zuloaga anuncia un incremento de la inversi\u00f3n p\u00fablica de m\u00e1s de 100 millones de euros en el Presupuesto de Cantabria para 2021\",\"datePublished\":\"2020-10-08T07:39:57+00:00\",\"dateModified\":\"2020-10-15T07:58:10+00:00\",\"mainEntityOfPage\":{\"@id\":\"https:\/\/filmotecacantabria.es\/es\/cadenaser\/\"},\"wordCount\":684,\"publisher\":{\"@id\":\"https:\/\/filmotecacantabria.es\/es\/#organization\"},\"articleSection\":[\"Noticias\"],\"inLanguage\":\"es\"},{\"@type\":\"WebPage\",\"@id\":\"https:\/\/filmotecacantabria.es\/es\/cadenaser\/\",\"url\":\"https:\/\/filmotecacantabria.es\/es\/cadenaser\/\",\"name\":\"Zuloaga anuncia un incremento de la inversi\u00f3n p\u00fablica de m\u00e1s de 100 millones de euros en el Presupuesto de Cantabria para 2021 - Filmoteca de Cantabria Mario Camus | Santander | Torrelavega | Regi\u00f3n\",\"isPartOf\":{\"@id\":\"https:\/\/filmotecacantabria.es\/es\/#website\"},\"datePublished\":\"2020-10-08T07:39:57+00:00\",\"dateModified\":\"2020-10-15T07:58:10+00:00\",\"breadcrumb\":{\"@id\":\"https:\/\/filmotecacantabria.es\/es\/cadenaser\/#breadcrumb\"},\"inLanguage\":\"es\",\"potentialAction\":[{\"@type\":\"ReadAction\",\"target\":[\"https:\/\/filmotecacantabria.es\/es\/cadenaser\/\"]}]},{\"@type\":\"BreadcrumbList\",\"@id\":\"https:\/\/filmotecacantabria.es\/es\/cadenaser\/#breadcrumb\",\"itemListElement\":[{\"@type\":\"ListItem\",\"position\":1,\"name\":\"Portada\",\"item\":\"https:\/\/filmotecacantabria.es\/es\/inicio\/\"},{\"@type\":\"ListItem\",\"position\":2,\"name\":\"Zuloaga anuncia un incremento de la inversi\u00f3n p\u00fablica de m\u00e1s de 100 millones de euros en el Presupuesto de Cantabria para 2021\"}]},{\"@type\":\"WebSite\",\"@id\":\"https:\/\/filmotecacantabria.es\/es\/#website\",\"url\":\"https:\/\/filmotecacantabria.es\/es\/\",\"name\":\"Filmoteca de Cantabria Mario Camus | Santander | Torrelavega | Regi\u00f3n\",\"description\":\"Toda la programaci\u00f3n de las filmotecas de Cantabria Mario Camus.\",\"publisher\":{\"@id\":\"https:\/\/filmotecacantabria.es\/es\/#organization\"},\"potentialAction\":[{\"@type\":\"SearchAction\",\"target\":{\"@type\":\"EntryPoint\",\"urlTemplate\":\"https:\/\/filmotecacantabria.es\/es\/?s={search_term_string}\"},\"query-input\":\"required name=search_term_string\"}],\"inLanguage\":\"es\"},{\"@type\":\"Organization\",\"@id\":\"https:\/\/filmotecacantabria.es\/es\/#organization\",\"name\":\"Filmoteca de Cantabria Mario Camus | Santander | Torrelavega | Regi\u00f3n\",\"url\":\"https:\/\/filmotecacantabria.es\/es\/\",\"sameAs\":[],\"logo\":{\"@type\":\"ImageObject\",\"inLanguage\":\"es\",\"@id\":\"https:\/\/filmotecacantabria.es\/es\/#\/schema\/logo\/image\/\",\"url\":\"https:\/\/filmotecacantabria.es\/es\/wp-content\/uploads\/2021\/12\/logo-filmoteca-cantabria-1-mario-camus.png\",\"contentUrl\":\"https:\/\/filmotecacantabria.es\/es\/wp-content\/uploads\/2021\/12\/logo-filmoteca-cantabria-1-mario-camus.png\",\"width\":170,\"height\":183,\"caption\":\"Filmoteca de Cantabria Mario Camus | Santander | Torrelavega | Regi\u00f3n\"},\"image\":{\"@id\":\"https:\/\/filmotecacantabria.es\/es\/#\/schema\/logo\/image\/\"}},{\"@type\":\"Person\",\"@id\":\"https:\/\/filmotecacantabria.es\/es\/#\/schema\/person\/4adbc08463db931b9fea64307175e87b\",\"name\":\"redes@srecd.es\",\"image\":{\"@type\":\"ImageObject\",\"inLanguage\":\"es\",\"@id\":\"https:\/\/filmotecacantabria.es\/es\/#\/schema\/person\/image\/\",\"url\":\"https:\/\/secure.gravatar.com\/avatar\/370cd7587da3a4852600691b493c142e?s=96&d=mm&r=g\",\"contentUrl\":\"https:\/\/secure.gravatar.com\/avatar\/370cd7587da3a4852600691b493c142e?s=96&d=mm&r=g\",\"caption\":\"redes@srecd.es\"}}]}<\/script>\n<!-- \/ Yoast SEO plugin. -->","yoast_head_json":{"title":"Zuloaga anuncia un incremento de la inversi\u00f3n p\u00fablica de m\u00e1s de 100 millones de euros en el Presupuesto de Cantabria para 2021 - Filmoteca de Cantabria Mario Camus | Santander | Torrelavega | Regi\u00f3n","robots":{"index":"index","follow":"follow","max-snippet":"max-snippet:-1","max-image-preview":"max-image-preview:large","max-video-preview":"max-video-preview:-1"},"canonical":"https:\/\/filmotecacantabria.es\/es\/cadenaser\/","og_locale":"es_ES","og_type":"article","og_title":"Zuloaga anuncia un incremento de la inversi\u00f3n p\u00fablica de m\u00e1s de 100 millones de euros en el Presupuesto de Cantabria para 2021 - Filmoteca de Cantabria Mario Camus | Santander | Torrelavega | Regi\u00f3n","og_description":"El vicepresidente conf\u00eda en la inyecci\u00f3n econ\u00f3mica y de creaci\u00f3n de empleo que generar\u00e1 en el corto plazo la financiaci\u00f3n europea Santander.- 07.10.2020 El vicepresidente del Gobierno de Cantabria, Pablo Zuloaga, ha anunciado hoy un incremento de m\u00e1s de 100 millones de euros de la inversi\u00f3n p\u00fablica en el Presupuesto de Cantabria para el pr\u00f3ximo [&hellip;]","og_url":"https:\/\/filmotecacantabria.es\/es\/cadenaser\/","og_site_name":"Filmoteca de Cantabria Mario Camus | Santander | Torrelavega | Regi\u00f3n","article_published_time":"2020-10-08T07:39:57+00:00","article_modified_time":"2020-10-15T07:58:10+00:00","og_image":[{"width":2000,"height":1333,"url":"https:\/\/filmotecacantabria.es\/es\/wp-content\/uploads\/2020\/10\/dsc8577.jpg","type":"image\/jpeg"}],"author":"redes@srecd.es","twitter_card":"summary_large_image","twitter_misc":{"Escrito por":"redes@srecd.es","Tiempo de lectura":"3 minutos"},"schema":{"@context":"https:\/\/schema.org","@graph":[{"@type":"Article","@id":"https:\/\/filmotecacantabria.es\/es\/cadenaser\/#article","isPartOf":{"@id":"https:\/\/filmotecacantabria.es\/es\/cadenaser\/"},"author":{"name":"redes@srecd.es","@id":"https:\/\/filmotecacantabria.es\/es\/#\/schema\/person\/4adbc08463db931b9fea64307175e87b"},"headline":"Zuloaga anuncia un incremento de la inversi\u00f3n p\u00fablica de m\u00e1s de 100 millones de euros en el Presupuesto de Cantabria para 2021","datePublished":"2020-10-08T07:39:57+00:00","dateModified":"2020-10-15T07:58:10+00:00","mainEntityOfPage":{"@id":"https:\/\/filmotecacantabria.es\/es\/cadenaser\/"},"wordCount":684,"publisher":{"@id":"https:\/\/filmotecacantabria.es\/es\/#organization"},"articleSection":["Noticias"],"inLanguage":"es"},{"@type":"WebPage","@id":"https:\/\/filmotecacantabria.es\/es\/cadenaser\/","url":"https:\/\/filmotecacantabria.es\/es\/cadenaser\/","name":"Zuloaga anuncia un incremento de la inversi\u00f3n p\u00fablica de m\u00e1s de 100 millones de euros en el Presupuesto de Cantabria para 2021 - Filmoteca de Cantabria Mario Camus | Santander | Torrelavega | Regi\u00f3n","isPartOf":{"@id":"https:\/\/filmotecacantabria.es\/es\/#website"},"datePublished":"2020-10-08T07:39:57+00:00","dateModified":"2020-10-15T07:58:10+00:00","breadcrumb":{"@id":"https:\/\/filmotecacantabria.es\/es\/cadenaser\/#breadcrumb"},"inLanguage":"es","potentialAction":[{"@type":"ReadAction","target":["https:\/\/filmotecacantabria.es\/es\/cadenaser\/"]}]},{"@type":"BreadcrumbList","@id":"https:\/\/filmotecacantabria.es\/es\/cadenaser\/#breadcrumb","itemListElement":[{"@type":"ListItem","position":1,"name":"Portada","item":"https:\/\/filmotecacantabria.es\/es\/inicio\/"},{"@type":"ListItem","position":2,"name":"Zuloaga anuncia un incremento de la inversi\u00f3n p\u00fablica de m\u00e1s de 100 millones de euros en el Presupuesto de Cantabria para 2021"}]},{"@type":"WebSite","@id":"https:\/\/filmotecacantabria.es\/es\/#website","url":"https:\/\/filmotecacantabria.es\/es\/","name":"Filmoteca de Cantabria Mario Camus | Santander | Torrelavega | Regi\u00f3n","description":"Toda la programaci\u00f3n de las filmotecas de Cantabria Mario Camus.","publisher":{"@id":"https:\/\/filmotecacantabria.es\/es\/#organization"},"potentialAction":[{"@type":"SearchAction","target":{"@type":"EntryPoint","urlTemplate":"https:\/\/filmotecacantabria.es\/es\/?s={search_term_string}"},"query-input":"required name=search_term_string"}],"inLanguage":"es"},{"@type":"Organization","@id":"https:\/\/filmotecacantabria.es\/es\/#organization","name":"Filmoteca de Cantabria Mario Camus | Santander | Torrelavega | Regi\u00f3n","url":"https:\/\/filmotecacantabria.es\/es\/","sameAs":[],"logo":{"@type":"ImageObject","inLanguage":"es","@id":"https:\/\/filmotecacantabria.es\/es\/#\/schema\/logo\/image\/","url":"https:\/\/filmotecacantabria.es\/es\/wp-content\/uploads\/2021\/12\/logo-filmoteca-cantabria-1-mario-camus.png","contentUrl":"https:\/\/filmotecacantabria.es\/es\/wp-content\/uploads\/2021\/12\/logo-filmoteca-cantabria-1-mario-camus.png","width":170,"height":183,"caption":"Filmoteca de Cantabria Mario Camus | Santander | Torrelavega | Regi\u00f3n"},"image":{"@id":"https:\/\/filmotecacantabria.es\/es\/#\/schema\/logo\/image\/"}},{"@type":"Person","@id":"https:\/\/filmotecacantabria.es\/es\/#\/schema\/person\/4adbc08463db931b9fea64307175e87b","name":"redes@srecd.es","image":{"@type":"ImageObject","inLanguage":"es","@id":"https:\/\/filmotecacantabria.es\/es\/#\/schema\/person\/image\/","url":"https:\/\/secure.gravatar.com\/avatar\/370cd7587da3a4852600691b493c142e?s=96&d=mm&r=g","contentUrl":"https:\/\/secure.gravatar.com\/avatar\/370cd7587da3a4852600691b493c142e?s=96&d=mm&r=g","caption":"redes@srecd.es"}}]}},"_links":{"self":[{"href":"https:\/\/filmotecacantabria.es\/es\/wp-json\/wp\/v2\/posts\/1152"}],"collection":[{"href":"https:\/\/filmotecacantabria.es\/es\/wp-json\/wp\/v2\/posts"}],"about":[{"href":"https:\/\/filmotecacantabria.es\/es\/wp-json\/wp\/v2\/types\/post"}],"author":[{"embeddable":true,"href":"https:\/\/filmotecacantabria.es\/es\/wp-json\/wp\/v2\/users\/7"}],"replies":[{"embeddable":true,"href":"https:\/\/filmotecacantabria.es\/es\/wp-json\/wp\/v2\/comments?post=1152"}],"version-history":[{"count":2,"href":"https:\/\/filmotecacantabria.es\/es\/wp-json\/wp\/v2\/posts\/1152\/revisions"}],"predecessor-version":[{"id":1214,"href":"https:\/\/filmotecacantabria.es\/es\/wp-json\/wp\/v2\/posts\/1152\/revisions\/1214"}],"wp:featuredmedia":[{"embeddable":true,"href":"https:\/\/filmotecacantabria.es\/es\/wp-json\/wp\/v2\/media\/1153"}],"wp:attachment":[{"href":"https:\/\/filmotecacantabria.es\/es\/wp-json\/wp\/v2\/media?parent=1152"}],"wp:term":[{"taxonomy":"category","embeddable":true,"href":"https:\/\/filmotecacantabria.es\/es\/wp-json\/wp\/v2\/categories?post=1152"},{"taxonomy":"post_tag","embeddable":true,"href":"https:\/\/filmotecacantabria.es\/es\/wp-json\/wp\/v2\/tags?post=1152"}],"curies":[{"name":"wp","href":"https:\/\/api.w.org\/{rel}","templated":true}]}}