{"id":1069,"date":"2020-10-03T18:13:07","date_gmt":"2020-10-03T16:13:07","guid":{"rendered":"https:\/\/filmotecacantabria.es\/es\/?p=1069"},"modified":"2020-10-05T17:58:51","modified_gmt":"2020-10-05T15:58:51","slug":"tercerdialogodcp","status":"publish","type":"post","link":"https:\/\/filmotecacantabria.es\/es\/tercerdialogodcp\/","title":{"rendered":"Cuarenta personas participan en el tercer Di\u00e1logo de Cine y Producci\u00f3n (DCP) de la Consejer\u00eda de Cultura dedicado a las ayudas a la producci\u00f3n audiovisual"},"content":{"rendered":"<p><strong>Santander, 3 de octubre de 2020.- <\/strong>Un total de 40 personas han participado este s\u00e1bado en el tercer Di\u00e1logo de Cine y Producci\u00f3n (DCP03), una iniciativa puesta en marcha este a\u00f1o por la Consejer\u00eda de Cultura del Gobierno de Cantabria, a trav\u00e9s de la Filmoteca y Cantabria Film Commission, para potenciar el sector audiovisual de la regi\u00f3n y servir de impulso a su desarrollo.<\/p>\n<p>La jornada de este s\u00e1bado ha incluido, entre otras actividades, el desarrollo de diferentes charlas y ponencias relacionadas con las ayudas existentes en la actualidad para proyectos audiovisuales.<\/p>\n<p>As\u00ed, este tercer DCP ha comenzado con el jefe de servicio de Acci\u00f3n Cultural del Gobierno de Cantabria, Jes\u00fas Guti\u00e9rrez, que ha detallado las diferentes iniciativas y ayudas que para favorecer la producci\u00f3n audiovisual de Cantabria desarrolla la Consejer\u00eda de Cultura.<\/p>\n<p>Asimismo, la subdirectora de Fomento del <em>Instituto de la Cinematograf\u00eda y de las Artes Audiovisuales<\/em> ICAA, Silvia Anoro, ha explicado las diferentes ayudas del Ministerio de Cultura y ha animado a los participantes en la jornada a presentarse a las pr\u00f3ximas convocatorias.<\/p>\n<p>A continuaci\u00f3n, Christian Solanas, de comunicaci\u00f3n y promoci\u00f3n de la Oficina Media Espa\u00f1a, se ha referido al funcionamiento de las ayudas de esta oficina y, tras ello, ha sido el turno del programa \u201cIbermedia\u201d, con el coordinador de su unidad t\u00e9cnica, V\u00edctor S\u00e1nchez, que ha ofrecido una visi\u00f3n detallada de las ayudas a las que pueden optar los realizadores de la regi\u00f3n.<\/p>\n<p>Despu\u00e9s de este repaso a las ayudas de car\u00e1cter local, nacional e internacional, el DCP03 ha continuado por la tarde con la directora y productora Jaione Camborda, que ha explicado c\u00f3mo ella sac\u00f3 adelante su \u00faltima pel\u00edcula \u201cArima\u201d, adem\u00e1s de compartir los proyectos en los que se encuentra trabajando en la actualidad y c\u00f3mo las ayudas son una parte importante a tener en cuenta a la hora de abordar un largometraje.<\/p>\n<p>Esta jornada da continuidad a las dos anteriores realizadas durante 2020, en las que se abordaron aspectos relacionados con la econom\u00eda de los rodajes y la coproducci\u00f3n.<\/p>\n<p>Los DCP de este a\u00f1o concluir\u00e1n del 27 al 30 de noviembre, cuando se realice un taller de impulso de proyectos cinematogr\u00e1ficos, que impartir\u00e1 la soci\u00f3loga y gestora cultural Isona Admetlla.<\/p>\n<p>El plazo para presentarse con o sin proyecto al taller finaliza el pr\u00f3ximo jueves, d\u00eda 8 de octubre, y la informaci\u00f3n se puede consultar en las redes sociales de la Filmoteca de Cantabria y de Cantabria Film Commission, adem\u00e1s de su p\u00e1gina web.<\/p>\n","protected":false},"excerpt":{"rendered":"<p>Santander, 3 de octubre de 2020.- Un total de 40 personas han participado este s\u00e1bado en el tercer Di\u00e1logo de Cine y Producci\u00f3n (DCP03), una iniciativa puesta en marcha este a\u00f1o por la Consejer\u00eda de Cultura del Gobierno de Cantabria, a trav\u00e9s de la Filmoteca y Cantabria Film Commission, para potenciar el sector audiovisual de [&hellip;]<\/p>\n","protected":false},"author":7,"featured_media":1070,"comment_status":"closed","ping_status":"closed","sticky":false,"template":"","format":"standard","meta":{"inline_featured_image":false,"footnotes":""},"categories":[4],"tags":[],"class_list":["post-1069","post","type-post","status-publish","format-standard","has-post-thumbnail","hentry","category-noticias"],"yoast_head":"<!-- This site is optimized with the Yoast SEO plugin v19.6.1 - https:\/\/yoast.com\/wordpress\/plugins\/seo\/ -->\n<title>Cuarenta personas participan en el tercer Di\u00e1logo de Cine y Producci\u00f3n (DCP) de la Consejer\u00eda de Cultura dedicado a las ayudas a la producci\u00f3n audiovisual - Filmoteca de Cantabria Mario Camus | Santander | Torrelavega | Regi\u00f3n<\/title>\n<meta name=\"robots\" content=\"index, follow, max-snippet:-1, max-image-preview:large, max-video-preview:-1\" \/>\n<link rel=\"canonical\" href=\"https:\/\/filmotecacantabria.es\/es\/tercerdialogodcp\/\" \/>\n<meta property=\"og:locale\" content=\"es_ES\" \/>\n<meta property=\"og:type\" content=\"article\" \/>\n<meta property=\"og:title\" content=\"Cuarenta personas participan en el tercer Di\u00e1logo de Cine y Producci\u00f3n (DCP) de la Consejer\u00eda de Cultura dedicado a las ayudas a la producci\u00f3n audiovisual - Filmoteca de Cantabria Mario Camus | Santander | Torrelavega | Regi\u00f3n\" \/>\n<meta property=\"og:description\" content=\"Santander, 3 de octubre de 2020.- Un total de 40 personas han participado este s\u00e1bado en el tercer Di\u00e1logo de Cine y Producci\u00f3n (DCP03), una iniciativa puesta en marcha este a\u00f1o por la Consejer\u00eda de Cultura del Gobierno de Cantabria, a trav\u00e9s de la Filmoteca y Cantabria Film Commission, para potenciar el sector audiovisual de [&hellip;]\" \/>\n<meta property=\"og:url\" content=\"https:\/\/filmotecacantabria.es\/es\/tercerdialogodcp\/\" \/>\n<meta property=\"og:site_name\" content=\"Filmoteca de Cantabria Mario Camus | Santander | Torrelavega | Regi\u00f3n\" \/>\n<meta property=\"article:published_time\" content=\"2020-10-03T16:13:07+00:00\" \/>\n<meta property=\"article:modified_time\" content=\"2020-10-05T15:58:51+00:00\" \/>\n<meta property=\"og:image\" content=\"https:\/\/filmotecacantabria.es\/es\/wp-content\/uploads\/2020\/10\/dcp03.jpg\" \/>\n\t<meta property=\"og:image:width\" content=\"1024\" \/>\n\t<meta property=\"og:image:height\" content=\"768\" \/>\n\t<meta property=\"og:image:type\" content=\"image\/jpeg\" \/>\n<meta name=\"author\" content=\"redes@srecd.es\" \/>\n<meta name=\"twitter:card\" content=\"summary_large_image\" \/>\n<meta name=\"twitter:label1\" content=\"Escrito por\" \/>\n\t<meta name=\"twitter:data1\" content=\"redes@srecd.es\" \/>\n\t<meta name=\"twitter:label2\" content=\"Tiempo de lectura\" \/>\n\t<meta name=\"twitter:data2\" content=\"2 minutos\" \/>\n<script type=\"application\/ld+json\" class=\"yoast-schema-graph\">{\"@context\":\"https:\/\/schema.org\",\"@graph\":[{\"@type\":\"Article\",\"@id\":\"https:\/\/filmotecacantabria.es\/es\/tercerdialogodcp\/#article\",\"isPartOf\":{\"@id\":\"https:\/\/filmotecacantabria.es\/es\/tercerdialogodcp\/\"},\"author\":{\"name\":\"redes@srecd.es\",\"@id\":\"https:\/\/filmotecacantabria.es\/es\/#\/schema\/person\/4adbc08463db931b9fea64307175e87b\"},\"headline\":\"Cuarenta personas participan en el tercer Di\u00e1logo de Cine y Producci\u00f3n (DCP) de la Consejer\u00eda de Cultura dedicado a las ayudas a la producci\u00f3n audiovisual\",\"datePublished\":\"2020-10-03T16:13:07+00:00\",\"dateModified\":\"2020-10-05T15:58:51+00:00\",\"mainEntityOfPage\":{\"@id\":\"https:\/\/filmotecacantabria.es\/es\/tercerdialogodcp\/\"},\"wordCount\":473,\"publisher\":{\"@id\":\"https:\/\/filmotecacantabria.es\/es\/#organization\"},\"articleSection\":[\"Noticias\"],\"inLanguage\":\"es\"},{\"@type\":\"WebPage\",\"@id\":\"https:\/\/filmotecacantabria.es\/es\/tercerdialogodcp\/\",\"url\":\"https:\/\/filmotecacantabria.es\/es\/tercerdialogodcp\/\",\"name\":\"Cuarenta personas participan en el tercer Di\u00e1logo de Cine y Producci\u00f3n (DCP) de la Consejer\u00eda de Cultura dedicado a las ayudas a la producci\u00f3n audiovisual - Filmoteca de Cantabria Mario Camus | Santander | Torrelavega | Regi\u00f3n\",\"isPartOf\":{\"@id\":\"https:\/\/filmotecacantabria.es\/es\/#website\"},\"datePublished\":\"2020-10-03T16:13:07+00:00\",\"dateModified\":\"2020-10-05T15:58:51+00:00\",\"breadcrumb\":{\"@id\":\"https:\/\/filmotecacantabria.es\/es\/tercerdialogodcp\/#breadcrumb\"},\"inLanguage\":\"es\",\"potentialAction\":[{\"@type\":\"ReadAction\",\"target\":[\"https:\/\/filmotecacantabria.es\/es\/tercerdialogodcp\/\"]}]},{\"@type\":\"BreadcrumbList\",\"@id\":\"https:\/\/filmotecacantabria.es\/es\/tercerdialogodcp\/#breadcrumb\",\"itemListElement\":[{\"@type\":\"ListItem\",\"position\":1,\"name\":\"Portada\",\"item\":\"https:\/\/filmotecacantabria.es\/es\/inicio\/\"},{\"@type\":\"ListItem\",\"position\":2,\"name\":\"Cuarenta personas participan en el tercer Di\u00e1logo de Cine y Producci\u00f3n (DCP) de la Consejer\u00eda de Cultura dedicado a las ayudas a la producci\u00f3n audiovisual\"}]},{\"@type\":\"WebSite\",\"@id\":\"https:\/\/filmotecacantabria.es\/es\/#website\",\"url\":\"https:\/\/filmotecacantabria.es\/es\/\",\"name\":\"Filmoteca de Cantabria Mario Camus | Santander | Torrelavega | Regi\u00f3n\",\"description\":\"Toda la programaci\u00f3n de las filmotecas de Cantabria Mario Camus.\",\"publisher\":{\"@id\":\"https:\/\/filmotecacantabria.es\/es\/#organization\"},\"potentialAction\":[{\"@type\":\"SearchAction\",\"target\":{\"@type\":\"EntryPoint\",\"urlTemplate\":\"https:\/\/filmotecacantabria.es\/es\/?s={search_term_string}\"},\"query-input\":\"required name=search_term_string\"}],\"inLanguage\":\"es\"},{\"@type\":\"Organization\",\"@id\":\"https:\/\/filmotecacantabria.es\/es\/#organization\",\"name\":\"Filmoteca de Cantabria Mario Camus | Santander | Torrelavega | Regi\u00f3n\",\"url\":\"https:\/\/filmotecacantabria.es\/es\/\",\"sameAs\":[],\"logo\":{\"@type\":\"ImageObject\",\"inLanguage\":\"es\",\"@id\":\"https:\/\/filmotecacantabria.es\/es\/#\/schema\/logo\/image\/\",\"url\":\"https:\/\/filmotecacantabria.es\/es\/wp-content\/uploads\/2021\/12\/logo-filmoteca-cantabria-1-mario-camus.png\",\"contentUrl\":\"https:\/\/filmotecacantabria.es\/es\/wp-content\/uploads\/2021\/12\/logo-filmoteca-cantabria-1-mario-camus.png\",\"width\":170,\"height\":183,\"caption\":\"Filmoteca de Cantabria Mario Camus | Santander | Torrelavega | Regi\u00f3n\"},\"image\":{\"@id\":\"https:\/\/filmotecacantabria.es\/es\/#\/schema\/logo\/image\/\"}},{\"@type\":\"Person\",\"@id\":\"https:\/\/filmotecacantabria.es\/es\/#\/schema\/person\/4adbc08463db931b9fea64307175e87b\",\"name\":\"redes@srecd.es\",\"image\":{\"@type\":\"ImageObject\",\"inLanguage\":\"es\",\"@id\":\"https:\/\/filmotecacantabria.es\/es\/#\/schema\/person\/image\/\",\"url\":\"https:\/\/secure.gravatar.com\/avatar\/370cd7587da3a4852600691b493c142e?s=96&d=mm&r=g\",\"contentUrl\":\"https:\/\/secure.gravatar.com\/avatar\/370cd7587da3a4852600691b493c142e?s=96&d=mm&r=g\",\"caption\":\"redes@srecd.es\"}}]}<\/script>\n<!-- \/ Yoast SEO plugin. -->","yoast_head_json":{"title":"Cuarenta personas participan en el tercer Di\u00e1logo de Cine y Producci\u00f3n (DCP) de la Consejer\u00eda de Cultura dedicado a las ayudas a la producci\u00f3n audiovisual - Filmoteca de Cantabria Mario Camus | Santander | Torrelavega | Regi\u00f3n","robots":{"index":"index","follow":"follow","max-snippet":"max-snippet:-1","max-image-preview":"max-image-preview:large","max-video-preview":"max-video-preview:-1"},"canonical":"https:\/\/filmotecacantabria.es\/es\/tercerdialogodcp\/","og_locale":"es_ES","og_type":"article","og_title":"Cuarenta personas participan en el tercer Di\u00e1logo de Cine y Producci\u00f3n (DCP) de la Consejer\u00eda de Cultura dedicado a las ayudas a la producci\u00f3n audiovisual - Filmoteca de Cantabria Mario Camus | Santander | Torrelavega | Regi\u00f3n","og_description":"Santander, 3 de octubre de 2020.- Un total de 40 personas han participado este s\u00e1bado en el tercer Di\u00e1logo de Cine y Producci\u00f3n (DCP03), una iniciativa puesta en marcha este a\u00f1o por la Consejer\u00eda de Cultura del Gobierno de Cantabria, a trav\u00e9s de la Filmoteca y Cantabria Film Commission, para potenciar el sector audiovisual de [&hellip;]","og_url":"https:\/\/filmotecacantabria.es\/es\/tercerdialogodcp\/","og_site_name":"Filmoteca de Cantabria Mario Camus | Santander | Torrelavega | Regi\u00f3n","article_published_time":"2020-10-03T16:13:07+00:00","article_modified_time":"2020-10-05T15:58:51+00:00","og_image":[{"width":1024,"height":768,"url":"https:\/\/filmotecacantabria.es\/es\/wp-content\/uploads\/2020\/10\/dcp03.jpg","type":"image\/jpeg"}],"author":"redes@srecd.es","twitter_card":"summary_large_image","twitter_misc":{"Escrito por":"redes@srecd.es","Tiempo de lectura":"2 minutos"},"schema":{"@context":"https:\/\/schema.org","@graph":[{"@type":"Article","@id":"https:\/\/filmotecacantabria.es\/es\/tercerdialogodcp\/#article","isPartOf":{"@id":"https:\/\/filmotecacantabria.es\/es\/tercerdialogodcp\/"},"author":{"name":"redes@srecd.es","@id":"https:\/\/filmotecacantabria.es\/es\/#\/schema\/person\/4adbc08463db931b9fea64307175e87b"},"headline":"Cuarenta personas participan en el tercer Di\u00e1logo de Cine y Producci\u00f3n (DCP) de la Consejer\u00eda de Cultura dedicado a las ayudas a la producci\u00f3n audiovisual","datePublished":"2020-10-03T16:13:07+00:00","dateModified":"2020-10-05T15:58:51+00:00","mainEntityOfPage":{"@id":"https:\/\/filmotecacantabria.es\/es\/tercerdialogodcp\/"},"wordCount":473,"publisher":{"@id":"https:\/\/filmotecacantabria.es\/es\/#organization"},"articleSection":["Noticias"],"inLanguage":"es"},{"@type":"WebPage","@id":"https:\/\/filmotecacantabria.es\/es\/tercerdialogodcp\/","url":"https:\/\/filmotecacantabria.es\/es\/tercerdialogodcp\/","name":"Cuarenta personas participan en el tercer Di\u00e1logo de Cine y Producci\u00f3n (DCP) de la Consejer\u00eda de Cultura dedicado a las ayudas a la producci\u00f3n audiovisual - Filmoteca de Cantabria Mario Camus | Santander | Torrelavega | Regi\u00f3n","isPartOf":{"@id":"https:\/\/filmotecacantabria.es\/es\/#website"},"datePublished":"2020-10-03T16:13:07+00:00","dateModified":"2020-10-05T15:58:51+00:00","breadcrumb":{"@id":"https:\/\/filmotecacantabria.es\/es\/tercerdialogodcp\/#breadcrumb"},"inLanguage":"es","potentialAction":[{"@type":"ReadAction","target":["https:\/\/filmotecacantabria.es\/es\/tercerdialogodcp\/"]}]},{"@type":"BreadcrumbList","@id":"https:\/\/filmotecacantabria.es\/es\/tercerdialogodcp\/#breadcrumb","itemListElement":[{"@type":"ListItem","position":1,"name":"Portada","item":"https:\/\/filmotecacantabria.es\/es\/inicio\/"},{"@type":"ListItem","position":2,"name":"Cuarenta personas participan en el tercer Di\u00e1logo de Cine y Producci\u00f3n (DCP) de la Consejer\u00eda de Cultura dedicado a las ayudas a la producci\u00f3n audiovisual"}]},{"@type":"WebSite","@id":"https:\/\/filmotecacantabria.es\/es\/#website","url":"https:\/\/filmotecacantabria.es\/es\/","name":"Filmoteca de Cantabria Mario Camus | Santander | Torrelavega | Regi\u00f3n","description":"Toda la programaci\u00f3n de las filmotecas de Cantabria Mario Camus.","publisher":{"@id":"https:\/\/filmotecacantabria.es\/es\/#organization"},"potentialAction":[{"@type":"SearchAction","target":{"@type":"EntryPoint","urlTemplate":"https:\/\/filmotecacantabria.es\/es\/?s={search_term_string}"},"query-input":"required name=search_term_string"}],"inLanguage":"es"},{"@type":"Organization","@id":"https:\/\/filmotecacantabria.es\/es\/#organization","name":"Filmoteca de Cantabria Mario Camus | Santander | Torrelavega | Regi\u00f3n","url":"https:\/\/filmotecacantabria.es\/es\/","sameAs":[],"logo":{"@type":"ImageObject","inLanguage":"es","@id":"https:\/\/filmotecacantabria.es\/es\/#\/schema\/logo\/image\/","url":"https:\/\/filmotecacantabria.es\/es\/wp-content\/uploads\/2021\/12\/logo-filmoteca-cantabria-1-mario-camus.png","contentUrl":"https:\/\/filmotecacantabria.es\/es\/wp-content\/uploads\/2021\/12\/logo-filmoteca-cantabria-1-mario-camus.png","width":170,"height":183,"caption":"Filmoteca de Cantabria Mario Camus | Santander | Torrelavega | Regi\u00f3n"},"image":{"@id":"https:\/\/filmotecacantabria.es\/es\/#\/schema\/logo\/image\/"}},{"@type":"Person","@id":"https:\/\/filmotecacantabria.es\/es\/#\/schema\/person\/4adbc08463db931b9fea64307175e87b","name":"redes@srecd.es","image":{"@type":"ImageObject","inLanguage":"es","@id":"https:\/\/filmotecacantabria.es\/es\/#\/schema\/person\/image\/","url":"https:\/\/secure.gravatar.com\/avatar\/370cd7587da3a4852600691b493c142e?s=96&d=mm&r=g","contentUrl":"https:\/\/secure.gravatar.com\/avatar\/370cd7587da3a4852600691b493c142e?s=96&d=mm&r=g","caption":"redes@srecd.es"}}]}},"_links":{"self":[{"href":"https:\/\/filmotecacantabria.es\/es\/wp-json\/wp\/v2\/posts\/1069"}],"collection":[{"href":"https:\/\/filmotecacantabria.es\/es\/wp-json\/wp\/v2\/posts"}],"about":[{"href":"https:\/\/filmotecacantabria.es\/es\/wp-json\/wp\/v2\/types\/post"}],"author":[{"embeddable":true,"href":"https:\/\/filmotecacantabria.es\/es\/wp-json\/wp\/v2\/users\/7"}],"replies":[{"embeddable":true,"href":"https:\/\/filmotecacantabria.es\/es\/wp-json\/wp\/v2\/comments?post=1069"}],"version-history":[{"count":4,"href":"https:\/\/filmotecacantabria.es\/es\/wp-json\/wp\/v2\/posts\/1069\/revisions"}],"predecessor-version":[{"id":1215,"href":"https:\/\/filmotecacantabria.es\/es\/wp-json\/wp\/v2\/posts\/1069\/revisions\/1215"}],"wp:featuredmedia":[{"embeddable":true,"href":"https:\/\/filmotecacantabria.es\/es\/wp-json\/wp\/v2\/media\/1070"}],"wp:attachment":[{"href":"https:\/\/filmotecacantabria.es\/es\/wp-json\/wp\/v2\/media?parent=1069"}],"wp:term":[{"taxonomy":"category","embeddable":true,"href":"https:\/\/filmotecacantabria.es\/es\/wp-json\/wp\/v2\/categories?post=1069"},{"taxonomy":"post_tag","embeddable":true,"href":"https:\/\/filmotecacantabria.es\/es\/wp-json\/wp\/v2\/tags?post=1069"}],"curies":[{"name":"wp","href":"https:\/\/api.w.org\/{rel}","templated":true}]}}